{"id":75916,"date":"2025-04-08T06:28:02","date_gmt":"2025-04-08T04:28:02","guid":{"rendered":"https:\/\/www.infokuryr.cz\/n\/?p=75916"},"modified":"2025-04-08T06:28:02","modified_gmt":"2025-04-08T04:28:02","slug":"vazeny-pane-rediteli-mate-ruce-od-lidske-krve","status":"publish","type":"post","link":"https:\/\/www.infokuryr.cz\/n\/2025\/04\/08\/vazeny-pane-rediteli-mate-ruce-od-lidske-krve\/","title":{"rendered":"V\u00e1\u017een\u00fd pane \u0159editeli, m\u00e1te ruce od lidsk\u00e9 krve&#8230;"},"content":{"rendered":"<div id=\"fb-root\"><\/div>\n<p><em>V\u00e1\u017een\u00fd pane \u0159editeli, m\u00e1te ruce od lidsk\u00e9 krve\u00a0\u00a0\u00a0 proto\u017ee anga\u017eujete obchodn\u00edka s plastickou trhavinou \/ Semtex \/, herce Ond\u0159eje Vetch\u00e9ho, kter\u00fd organizuje sb\u00edrku na n\u00e1kup 100 tun t\u00e9to v\u00fdbu\u0161niny pro ukrajinsk\u00e9 S\u00edly speci\u00e1ln\u00edch operac\u00ed SSO. Ke dni 5.4.2025 u\u017e vybrali 11 044 782,- K\u010d<a href=\"https:\/\/www.spravedlivaodplata.cz\/\">\u00a0na n\u00e1kup 5 522 kg trhaviny.(1)\u00a0<\/a>\u00a0\u00a0<\/em><\/p>\n<p><strong>To je \u00favod k otev\u0159en\u00e9mu dopisu \u0159editeli divadla Palace Praha a jednatel\u016fm Domu kultury Dukla v Pardubic\u00edch, kde m\u00e1 O. Vetch\u00fd tak\u00e9 vystupovat, a d\u00e1le pokra\u010duje:<\/strong><\/p>\n<p>\u201e\u010cesk\u00fd terorismus je zn\u00e1m od roku 1988, kdy asi 1,5 kg\u00a0 Semtexu dok\u00e1zalo usmrtit 270 lid\u00ed u skotsk\u00e9ho m\u011bsta Lockerbie, kdy\u017e vybuchlo v letadle Boeing 747 \u2013 Jumbo\u00a0 spole\u010dnosti Pan Am.\u00a0 Od t\u00e9 doby je Semtex mezi teroristy velmi popul\u00e1rn\u00ed a \u017e\u00e1dan\u00fd. A dnes lze zbran\u011b a v\u00fdbu\u0161niny z\u00a0<a href=\"https:\/\/www.idnes.cz\/nastaveni-souhlasu?url=https%3a%2f%2fwww.idnes.cz%2fzpravy%2fdomaci%2fukrajina-zbrane-valka-cerny-obchod-telegram.A250323_203900_domaci_stud\">Ukrajiny snadno koupit na \u010dern\u00e9m trhu. (2)\u00a0<\/a><\/p>\n<p>Na O. Vetch\u00e9ho a jeho spolek Skupina D jsme ji\u017e podali trestn\u00ed ozn\u00e1men\u00ed\u00a0 pro podez\u0159en\u00ed z p\u0159\u00edpravy\u00a0 trestn\u00e9ho \u010dinu\u00a0 teroristick\u00fd \u00fatok dle \u00a7 311 odst. 2f,\u00a0 3a,\u00a0a \u00a7 312e, odst.1,2,4 podpora a propagace terorismu, ale to je st\u00e1le ve st\u00e1diu vy\u0161et\u0159ov\u00e1n\u00ed.<\/p>\n<p><strong>Na toto t\u00e9ma ji\u017e bylo naps\u00e1no n\u011bkolik \u010dl\u00e1nk\u016f:<\/strong><\/p>\n<p><strong><a href=\"https:\/\/cz24.news\/ukrajinsti-teroriste-jiz-pouzivaji-cesky-semtex\/\">Ukrajin\u0161t\u00ed terorist\u00e9 ji\u017e pou\u017e\u00edvaj\u00ed \u010desk\u00fd Semtex<\/a><\/strong><\/p>\n<p><strong><a href=\"https:\/\/pravyprostor.net\/cesky-ukrajinsky-a-rusky-terorismus\/#comment-365766\">\u010cesk\u00fd, ukrajinsk\u00fd a rusk\u00fd terorismus<\/a><\/strong><\/p>\n<p><strong><a href=\"https:\/\/pravyprostor.net\/o-co-jde-ceskym-teroristum-dedkovi-vetchemu-a-spol\/\">O co jde \u010desk\u00fdm \u201eterorist\u016fm\u201c, D\u011bdkovi, Vetch\u00e9mu a spol.?<\/a><\/strong><\/p>\n<p>Ale \u010dinnost tohoto spolku z nezn\u00e1m\u00fdch d\u016fvod\u016f nad\u00e1le pokra\u010duje.<\/p>\n<p>Proto V\u00e1s d\u016frazn\u011b \u017e\u00e1d\u00e1me, abyste neprodlen\u011b zru\u0161ili\u00a0 v\u0161echna p\u0159edstaven\u00ed v\u00fd\u0161e zm\u00edn\u011bn\u00e9 osoby. V opa\u010dn\u00e9m p\u0159\u00edpad\u011b pak na V\u00e1s tak\u00e9 pod\u00e1me trestn\u00ed ozn\u00e1men\u00ed dle \u00a7 312e, podpora a propagace terorismu, i kdy\u017e\u00a0 je docela mo\u017en\u00e9, \u017ee st\u00e1vaj\u00edc\u00ed re\u017eim V\u00e1s st\u00edhat nebude, ale ten kon\u010d\u00ed ji\u017e letos na podzim,\u00a0 jak mo\u017en\u00e1 v\u00edte. Nav\u00edc proml\u010dec\u00ed lh\u016fta u t\u011bchto trestn\u00fdch \u010din\u016f je 15 let\u2026.<\/p>\n<p>Nakonec\u00a0 V\u00e1m m\u016f\u017eeme citovat z dostupn\u00fdch zdroj\u016f, jak\u00fdm zp\u016fsobem jsou nyn\u00ed pou\u017e\u00edv\u00e1ny plastick\u00e9 trhaviny na Ukrajin\u011b a v Rusku:<\/p>\n<p><strong>7. dubna 2025 &#8211; Francie:<\/strong><\/p>\n<p><a href=\"https:\/\/necenzurovanapravda.cz\/2025\/04\/francie-tri-muslimove-byli-zatceni-za-planovani-masovych-utoku-nasli-u-nich-improvizovany-vybusny-pas-a-prohlaseni-vernosti-isis\/\">T\u0159i muslimov\u00e9 byli zat\u010deni za pl\u00e1nov\u00e1n\u00ed masov\u00fdch \u00fatok\u016f<\/a>, na\u0161li u nich improvizovan\u00fd v\u00fdbu\u0161n\u00fd p\u00e1s a prohl\u00e1\u0161en\u00ed v\u011brnosti ISIS\u2026<\/p>\n<p>P\u0159i domovn\u00ed prohl\u00eddce byl objeven podom\u00e1cku vyroben\u00fd v\u00fdbu\u0161n\u00fd p\u00e1s s rozbu\u0161kou. Tento prototyp m\u011bl z\u0159ejm\u011b slou\u017eit jako test pro v\u00fdrobu skute\u010dn\u00e9ho v\u00fdbu\u0161n\u00e9ho p\u00e1su.\u201c &#8211;\u00a0 Pr\u00e1v\u011b plastick\u00e9 trhaviny vy\u017eaduj\u00ed rozbu\u0161ku, jinak nevybuchnou.<\/p>\n<p><strong>4.dubna 2025<\/strong><\/p>\n<p><a href=\"https:\/\/www.echo24.cz\/a\/HmLJw\/zpravy-svet-v-dnipru-zemrel-mistni-cinitel-auto-explodovalo\">V ukrajinsk\u00e9m m\u011bst\u011b Dnipro zem\u0159el v nemocnici m\u00edstn\u00ed \u010dinitel Jurij Fe\u010fko pot\u00e9, co explodoval jeho automobil.<\/a> Jeho man\u017eelka byla zran\u011bna a je v nemocnici. Napsala to agentura AFP s odvol\u00e1n\u00edm na gener\u00e1ln\u00ed prokuraturu, kter\u00e1 p\u0159\u00edpad vy\u0161et\u0159uje jako podez\u0159en\u00ed na teroristick\u00fd \u00fatok.<\/p>\n<p><strong>21. b\u0159ezna 2025\u00a0<\/strong><\/p>\n<p>Ukrajinsk\u00e9 ozbrojen\u00e9 s\u00edly zaminovaly a vyhodily do pov\u011bt\u0159\u00ed\u00a0<a href=\"https:\/\/www.vesti.ru\/article\/4415828\">potrub\u00ed na plynov\u00e9 m\u011b\u0159ic\u00ed stanici ve m\u011bst\u011b Sud\u017ea.<\/a><\/p>\n<p><strong>Dne 10. \u00fanora 2025<\/strong><\/p>\n<p>st\u00e1tn\u00ed zastupitelstv\u00ed p\u0159edalo soudu trestn\u00ed p\u0159\u00edpad t\u00fdkaj\u00edc\u00ed se\u00a0<a href=\"https:\/\/www.vedomosti.ru\/politics\/news\/2025\/02\/11\/1091459-fsb-v-rossii\">p\u0159\u00edpravy atent\u00e1tu na hlavu Krymu Sergeje Aksenova.<\/a>\u00a0Podle prokuratury byly r\u00e1diem \u0159\u00edzen\u00e9 improvizovan\u00e9 v\u00fdbu\u0161n\u00e9 za\u0159\u00edzen\u00ed, vys\u00edla\u010d a p\u0159ij\u00edma\u010d p\u0159ivezeny ze Z\u00e1poro\u017esk\u00e9 oblasti\u2026.<\/p>\n<p>Za brzk\u00e9 vy\u0159\u00edzen\u00ed t\u00e9to nal\u00e9hav\u00e9 \u017e\u00e1dosti p\u0159edem d\u011bkujeme.<\/p>\n<p>Se srde\u010dn\u00fdm pozdravem\u00a0 \u2026.<\/p>\n<p><a href=\"https:\/\/www.czechfreepress.cz\/vase-free-zona\/vazeny-pane-rediteli-mate-ruce-od-lidske-krve.html\">Pavel Dudr<\/a><\/p>\n<p>&nbsp;<\/p>\n","protected":false},"excerpt":{"rendered":"<p>V\u00e1\u017een\u00fd pane \u0159editeli, m\u00e1te ruce od lidsk\u00e9 krve\u00a0\u00a0\u00a0 proto\u017ee anga\u017eujete obchodn\u00edka s plastickou trhavinou \/&#8230;<\/p>\n","protected":false},"author":2,"featured_media":75917,"comment_status":"closed","ping_status":"closed","sticky":false,"template":"","format":"standard","meta":[],"categories":[6],"tags":[641,680,8862,2703,6865],"_links":{"self":[{"href":"https:\/\/www.infokuryr.cz\/n\/wp-json\/wp\/v2\/posts\/75916"}],"collection":[{"href":"https:\/\/www.infokuryr.cz\/n\/wp-json\/wp\/v2\/posts"}],"about":[{"href":"https:\/\/www.infokuryr.cz\/n\/wp-json\/wp\/v2\/types\/post"}],"author":[{"embeddable":true,"href":"https:\/\/www.infokuryr.cz\/n\/wp-json\/wp\/v2\/users\/2"}],"replies":[{"embeddable":true,"href":"https:\/\/www.infokuryr.cz\/n\/wp-json\/wp\/v2\/comments?post=75916"}],"version-history":[{"count":0,"href":"https:\/\/www.infokuryr.cz\/n\/wp-json\/wp\/v2\/posts\/75916\/revisions"}],"wp:featuredmedia":[{"embeddable":true,"href":"https:\/\/www.infokuryr.cz\/n\/wp-json\/wp\/v2\/media\/75917"}],"wp:attachment":[{"href":"https:\/\/www.infokuryr.cz\/n\/wp-json\/wp\/v2\/media?parent=75916"}],"wp:term":[{"taxonomy":"category","embeddable":true,"href":"https:\/\/www.infokuryr.cz\/n\/wp-json\/wp\/v2\/categories?post=75916"},{"taxonomy":"post_tag","embeddable":true,"href":"https:\/\/www.infokuryr.cz\/n\/wp-json\/wp\/v2\/tags?post=75916"}],"curies":[{"name":"wp","href":"https:\/\/api.w.org\/{rel}","templated":true}]}}