{"id":75889,"date":"2025-04-08T00:30:00","date_gmt":"2025-04-07T22:30:00","guid":{"rendered":"https:\/\/www.infokuryr.cz\/n\/?p=75889"},"modified":"2025-04-07T18:07:10","modified_gmt":"2025-04-07T16:07:10","slug":"miroslav-kulhavy-znacne-otriskana-rakoska-na-babise-capi-hnizdo","status":"publish","type":"post","link":"https:\/\/www.infokuryr.cz\/n\/2025\/04\/08\/miroslav-kulhavy-znacne-otriskana-rakoska-na-babise-capi-hnizdo\/","title":{"rendered":"Miroslav Kulhav\u00fd: Zna\u010dn\u011b ot\u0159\u00edskan\u00e1 r\u00e1koska na Babi\u0161e \u2013 \u010cap\u00ed hn\u00edzdo"},"content":{"rendered":"<div id=\"fb-root\"><\/div>\n<p><strong>Ti, kdo\u017e si slibuj\u00ed od evergreenu \u2013 \u017ealoba na A. Babi\u0161e za neopr\u00e1vn\u011bn\u00e9 \u010derp\u00e1n\u00ed dotace na \u010cap\u00ed hn\u00edzdo \u2013 n\u011bjakou v\u00fdhodu v bl\u00ed\u017e\u00edc\u00edch se volb\u00e1ch do PS, jsou pravd\u011bpodobn\u011b na omylu. Jednak je to u\u017e p\u0159ed volbami obehran\u00e1 p\u00edsni\u010dka, ale hlavn\u011b vedle Andreje Babi\u0161e vyrostly v ANO osobnosti, kter\u00e9 mohou zakladatele \u00fasp\u011b\u0161n\u011b nahradit.<\/strong><\/p>\n<p style=\"font-weight: 400;\">\u00a0Vyjmenov\u00e1vat v\u0161echny s pouk\u00e1z\u00e1n\u00edm na jejich schopnosti by bylo na dlouh\u00fd \u010dl\u00e1nek, tak jen symbolicky zm\u00edn\u00edm dv\u011b persony a to Karla Havl\u00ed\u010dka a pan\u00ed Alenu Schillerovou \u2013 takto i p\u0159\u00edpadn\u011b premi\u00e9r a ministryn\u011b financ\u00ed. ANO by nem\u011blo v pr\u016fzkumech tak silnou pozici neb\u00fdt zoufal\u00e9ho kon\u00e1n\u00ed p\u011btikolky, tedy te\u010f u\u017e jen \u010dty\u0159koalice. Op\u011bt \u2013 vyjmenov\u00e1vat v\u0161echny p\u0159ehmaty Fialovy vl\u00e1dy by bylo na knihu \u2013 mn\u011b nejv\u00edce premi\u00e9r pobavil nep\u0159esn\u00fdm, vychlouba\u010dn\u00fdm v\u00fd\u010dtem v\u0161eho kon\u00e1n\u00ed se z\u00e1v\u011brem, \u017ee jsou nejlep\u0161\u00ed vl\u00e1dou od r. 1938; ha, ha. Ale n\u011bco na tom bude, kdy\u017e jen tak skoro nev\u0161\u00edmav\u011b to vyneslo nep\u0159iznan\u00fd mili\u00f3nek v podivn\u00e9 kampeli\u010dce, vi\u010fte pane akur\u00e1tn\u00ed a \u201espravedliv\u00fd\u201c.<\/p>\n<p style=\"font-weight: 400;\">\u00a0\u00a0\u00a0\u00a0Nechce se mn\u011b hledat ve v\u0161ech dokumentech z t\u00e9 doby, ale pokud si dob\u0159e vzpom\u00edn\u00e1m, v dob\u011b, kdy byla zrealizov\u00e1na dotace, nebyly je\u0161t\u011b evropsk\u00e9 p\u0159edpisy tak v\u00fdsti\u017en\u00e9 a p\u0159\u00edsn\u00e9. A\u017e pozd\u011bji byl p\u0159edpis na mal\u00e9 a st\u0159edn\u00ed firmy up\u0159esn\u011bn a dotace pades\u00e1ti mili\u00f3n\u016f byla n\u00e1sledn\u011b vr\u00e1cena. P\u0159i celkov\u00e9 investici do \u010cap\u00edho hn\u00edzda n\u011bco p\u0159es p\u016fl miliardy byla dotace o drobn\u00fdch na sva\u010dinku a ur\u010dit\u011b to nen\u00ed na mnoholet\u00e9 tah\u00e1n\u00ed po soudech; bral bych mo\u017en\u00e1 n\u011bjakou pokutu.<\/p>\n<p style=\"font-weight: 400;\">\u00a0\u00a0\u00a0\u00a0Politick\u00e9 d\u011bn\u00ed u\u017e ovanul volebn\u00ed rok; u \u0159ady politik\u016f je to vid\u011bt a kdy\u017e jedni maj\u00ed \u010cap\u00e1k, tak jist\u011b vyleze ze sv\u00e9 hlubok\u00e9 nory i Dozimetr, bylo by n\u00e1m bez n\u011bj smutno. Na\u0161lo by se v\u00edce srovn\u00e1n\u00ed: nap\u0159. neum\u00edm si p\u0159edstavit, kdyby ANO m\u011blo ve sv\u00fdch \u0159ad\u00e1ch n\u011bkoho podobn\u00e9ho jako je starosta v \u0158eporyj\u00edch Pavel Novotn\u00fd; to by se v televizi musela p\u0159idat vys\u00edlac\u00ed hodina, aby to b\u011bsn\u011bn\u00ed ODS a dal\u0161\u00edch bylo alespo\u0148 z \u010d\u00e1sti postihnuto; ob\u010das by praskla i obrazovka. Re\u00e1l je pon\u011bkud jin\u00fd, sci-fi: Novotn\u00e9ho nav\u0161t\u011bvuje prezident a dal\u0161\u00ed potent\u00e1ti. A co teprve Fial\u016fv ze\u0165, pan Chlad \u2013 kumulace mnoha funkc\u00ed s mizernou doch\u00e1zkou, v\u0161e bratru za sto tis\u00edc. No samoz\u0159ejm\u011b pro\u010d ne, m\u00edt takov\u00e9ho tch\u00e1na, tak se leccos protla\u010d\u00ed. A aby toho nebylo m\u00e1lo, cel\u00e1 rodina premi\u00e9ra Fialy \u201e\u00fasp\u011b\u0161n\u011b vegetuje\u201c(i tak se d\u00e1 nazvat tla\u010denka) na jeho b\u00fdval\u00e9m pracovi\u0161ti, na Masarykov\u011b univerzit\u011b v Brn\u011b. \u017de si st\u011b\u017euj\u00ed u\u017e i studenti, \u017ee se tam protla\u010duje politika ODS, je v\u00fdmluvn\u00e9.<\/p>\n<p style=\"font-weight: 400;\">\u00a0\u00a0\u00a0\u00a0Rozumn\u00fd ob\u010dan se mus\u00ed neodvratn\u011b pt\u00e1t, \u010d\u00edm nahradit toto fialov\u00e9 panoptikum. Tak jak se ODS v minul\u00fdch parlamentn\u00edch volb\u00e1ch spojila i s \u010dertem, s \u010f\u00e1blem, jen aby porazila ANO, tak zrovna tak ANO, kter\u00e9 je jedinou mo\u017enou silou ke zm\u011bn\u011b, mus\u00ed naj\u00edt partnera, aby se tato Fialova ko\u010dovn\u00e1 spole\u010dnost dostala na politick\u00fd h\u0159bitov.<\/p>\n<p style=\"font-weight: 400;\">\u00a0\u00a0\u00a0\u00a0\u00a0Nen\u00ed to ide\u00e1ln\u00ed cesta do r\u00e1je, i ANO m\u00e1 sv\u00e9 mouchy, ale v\u0161echno s n\u00edm bude lep\u0161\u00ed, ne\u017e z\u016fstat u probruselsk\u00e9ho kejvala. P\u0159i o\u010dek\u00e1v\u00e1n\u00ed bou\u0159liv\u00fdch \u010das\u016f mus\u00edme d\u00e1t \u017eezlo do pokud mo\u017eno siln\u011bj\u0161\u00edch rukou a samoz\u0159ejm\u011b pom\u00e1hat na sv\u011btlo bo\u017e\u00ed ka\u017ed\u00e9mu kladn\u00e9mu v\u00fdsledku.<\/p>\n<div class=\"autor\"><a href=\"https:\/\/vasevec.info\/blogy\/znacne-otriskana-rakoska-na-babise-capi-hnizdo\"><em><strong>Miroslav Kulhav\u00fd<\/strong><\/em><\/a><\/div>\n<div class=\"motto\"><em>Jsem d\u016fchodce, kter\u00fd neztratil z\u00e1jem o d\u011bn\u00ed doma i v zahrani\u010d\u00ed<\/em><\/div>\n<div><\/div>\n","protected":false},"excerpt":{"rendered":"<p>Ti, kdo\u017e si slibuj\u00ed od evergreenu \u2013 \u017ealoba na A. Babi\u0161e za neopr\u00e1vn\u011bn\u00e9 \u010derp\u00e1n\u00ed dotace&#8230;<\/p>\n","protected":false},"author":2,"featured_media":15131,"comment_status":"closed","ping_status":"closed","sticky":false,"template":"","format":"standard","meta":[],"categories":[6],"tags":[126,3322,1503],"_links":{"self":[{"href":"https:\/\/www.infokuryr.cz\/n\/wp-json\/wp\/v2\/posts\/75889"}],"collection":[{"href":"https:\/\/www.infokuryr.cz\/n\/wp-json\/wp\/v2\/posts"}],"about":[{"href":"https:\/\/www.infokuryr.cz\/n\/wp-json\/wp\/v2\/types\/post"}],"author":[{"embeddable":true,"href":"https:\/\/www.infokuryr.cz\/n\/wp-json\/wp\/v2\/users\/2"}],"replies":[{"embeddable":true,"href":"https:\/\/www.infokuryr.cz\/n\/wp-json\/wp\/v2\/comments?post=75889"}],"version-history":[{"count":0,"href":"https:\/\/www.infokuryr.cz\/n\/wp-json\/wp\/v2\/posts\/75889\/revisions"}],"wp:featuredmedia":[{"embeddable":true,"href":"https:\/\/www.infokuryr.cz\/n\/wp-json\/wp\/v2\/media\/15131"}],"wp:attachment":[{"href":"https:\/\/www.infokuryr.cz\/n\/wp-json\/wp\/v2\/media?parent=75889"}],"wp:term":[{"taxonomy":"category","embeddable":true,"href":"https:\/\/www.infokuryr.cz\/n\/wp-json\/wp\/v2\/categories?post=75889"},{"taxonomy":"post_tag","embeddable":true,"href":"https:\/\/www.infokuryr.cz\/n\/wp-json\/wp\/v2\/tags?post=75889"}],"curies":[{"name":"wp","href":"https:\/\/api.w.org\/{rel}","templated":true}]}}