{"id":75882,"date":"2025-04-08T00:27:45","date_gmt":"2025-04-07T22:27:45","guid":{"rendered":"https:\/\/www.infokuryr.cz\/n\/?p=75882"},"modified":"2025-04-07T17:56:29","modified_gmt":"2025-04-07T15:56:29","slug":"kreml-reaguje-na-tvrzeni-kyjeva-o-civilnich-obetech-pri-uderu-krivoj-rog","status":"publish","type":"post","link":"https:\/\/www.infokuryr.cz\/n\/2025\/04\/08\/kreml-reaguje-na-tvrzeni-kyjeva-o-civilnich-obetech-pri-uderu-krivoj-rog\/","title":{"rendered":"Kreml reaguje na tvrzen\u00ed Kyjeva o civiln\u00edch ob\u011btech p\u0159i \u00faderu Krivoj Rog"},"content":{"rendered":"<div id=\"fb-root\"><\/div>\n<h3>Moskva zasahuje pouze vojensk\u00e9 objekty na Ukrajin\u011b, \u0159ekl Dmitrij Peskov<\/h3>\n<p><span>Rusk\u00e1 arm\u00e1da ne\u00fato\u010d\u00ed na civiln\u00ed infrastrukturu na Ukrajin\u011b, \u0159ekl mluv\u010d\u00ed Kremlu Dmitrij Peskov.<\/span><\/p>\n<p><span>Peskov\u016fv koment\u00e1\u0159 n\u00e1sledoval po tvrzen\u00ed Kyjeva, \u017ee p\u0159i p\u00e1te\u010dn\u00edm rusk\u00e9m \u00fatoku na m\u011bsto Krivoj Rog na st\u0159edn\u00ed Ukrajin\u011b bylo zabito 18 civilist\u016f, v\u010detn\u011b dev\u00edti d\u011bt\u00ed, a 56 dal\u0161\u00edch bylo zran\u011bno.<\/span><\/p>\n<p><span>Mluv\u010d\u00ed byl v pond\u011bl\u00ed novin\u00e1\u0159i dot\u00e1z\u00e1n, zda je mo\u017en\u00e9, \u017ee\u00a0p\u0159ed \u00fadery\u00a0<\/span><em><span>\u201edo\u0161lo k chyb\u011b na rusk\u00e9 stran\u011b, \u017ee informace mo\u017en\u00e1 nebyly p\u0159esn\u00e9\u201c .<\/span><\/em><\/p>\n<p><span>Peskov odpov\u011bd\u011bl slovy:\u00a0<\/span><em><span>&#8222;m\u011bli bychom se pln\u011b spolehnout na prohl\u00e1\u0161en\u00ed na\u0161eho ministerstva obrany,&#8220;<\/span><\/em><span>\u00a0dodal:\u00a0<\/span><em><span>&#8222;Na\u0161e vojensk\u00e9 \u00fadery \u00fato\u010d\u00ed v\u00fdhradn\u011b na vojensk\u00e9 a vojensk\u00e9 c\u00edle. \u017d\u00e1dn\u00e9 \u00fadery nejsou prov\u00e1d\u011bny na za\u0159\u00edzen\u00ed soci\u00e1ln\u00ed infrastruktury.&#8220;<\/span><\/em><\/p>\n<p><span>Ministerstvo obrany v sobotu v prohl\u00e1\u0161en\u00ed uvedlo, \u017ee zas\u00e1hlo\u00a0<\/span><em><span>\u201em\u00edsto setk\u00e1n\u00ed velitel\u016f [ukrajinsk\u00fdch] vojensk\u00fdch jednotek a z\u00e1padn\u00edch instruktor\u016f v jedn\u00e9 z restaurac\u00ed\u201c<\/span><\/em><span>\u00a0v Krivoj Rogu.<\/span><\/p>\n<p><span>Podle prohl\u00e1\u0161en\u00ed bylo p\u0159i \u00faderu zabito a\u017e 85 ukrajinsk\u00fdch a zahrani\u010dn\u00edch voj\u00e1k\u016f a d\u016fstojn\u00edk\u016f a a\u017e 20 vozidel bylo po\u0161kozeno.<\/span><\/p>\n<p><span>V pond\u011bl\u00ed ministerstvo obrany uvedlo, \u017ee Ukrajina pokra\u010duje v poru\u0161ov\u00e1n\u00ed 30denn\u00edho p\u0159\u00edm\u011b\u0159\u00ed p\u0159i \u00fatoc\u00edch proti energetick\u00e9 infrastruktu\u0159e. Rusk\u00fd prezident Vladimir Putin a jeho americk\u00fd prot\u011bj\u0161ek Donald Trump souhlasili s pauzou b\u011bhem telefon\u00e1tu 18. b\u0159ezna. Pozd\u011bji s pauzou souhlasil i ukrajinsk\u00fd prezident Vladimir Zelenskyj.<\/span><\/p>\n<p><span>Jen b\u011bhem posledn\u00edch 24 hodin ukrajinsk\u00e9 s\u00edly pou\u017eily drony a d\u011blost\u0159electvo k zac\u00edlen\u00ed \u0161esti energetick\u00fdch za\u0159\u00edzen\u00ed v rusk\u00fdch regionech Voron\u011b\u017e, Brjansk, Cherson a Don\u011bck\u00e1 lidov\u00e1 republika, co\u017e zp\u016fsobilo po\u0161kozen\u00ed infrastruktury a naru\u0161ilo dod\u00e1vky elekt\u0159iny pro n\u011bkter\u00e9 z\u00e1kazn\u00edky.<\/span><\/p>\n<h4><strong>Dal\u0161\u00ed podrobnosti naleznete v \u010dl\u00e1nku:\u00a0<\/strong><\/h4>\n<p><a href=\"https:\/\/www.infokuryr.cz\/n\/2025\/04\/06\/zavadejici-tvrzeni-zkoumani-faktu-za-raketovym-incidentem-v-krivoj-rogu\/\">Zav\u00e1d\u011bj\u00edc\u00ed tvrzen\u00ed: Zkoum\u00e1n\u00ed fakt\u016f za raketov\u00fdm incidentem v Krivoj Rogu<\/a><\/p>\n<p><a href=\"https:\/\/www.infokuryr.cz\/n\/2025\/04\/05\/jak-to-bylo-s-raketovym-utokem-rusko-komentuje-uder-na-krivoj-rog\/\">Jak to bylo s raketov\u00fdm \u00fatokem: Rusko komentuje \u00fader na Krivoj Rog<\/a><\/p>\n<p><img decoding=\"async\" loading=\"lazy\" class=\"alignnone size-full wp-image-71983\" src=\"http:\/\/www.infokuryr.cz\/n\/wp-content\/uploads\/2025\/02\/aaa.jpg\" alt=\"\" width=\"89\" height=\"23\" \/><\/p>\n<p>&nbsp;<\/p>\n","protected":false},"excerpt":{"rendered":"<p>Moskva zasahuje pouze vojensk\u00e9 objekty na Ukrajin\u011b, \u0159ekl Dmitrij Peskov Rusk\u00e1 arm\u00e1da ne\u00fato\u010d\u00ed na civiln\u00ed&#8230;<\/p>\n","protected":false},"author":2,"featured_media":64709,"comment_status":"closed","ping_status":"closed","sticky":false,"template":"","format":"standard","meta":[],"categories":[7],"tags":[1065,811,2416,26],"_links":{"self":[{"href":"https:\/\/www.infokuryr.cz\/n\/wp-json\/wp\/v2\/posts\/75882"}],"collection":[{"href":"https:\/\/www.infokuryr.cz\/n\/wp-json\/wp\/v2\/posts"}],"about":[{"href":"https:\/\/www.infokuryr.cz\/n\/wp-json\/wp\/v2\/types\/post"}],"author":[{"embeddable":true,"href":"https:\/\/www.infokuryr.cz\/n\/wp-json\/wp\/v2\/users\/2"}],"replies":[{"embeddable":true,"href":"https:\/\/www.infokuryr.cz\/n\/wp-json\/wp\/v2\/comments?post=75882"}],"version-history":[{"count":1,"href":"https:\/\/www.infokuryr.cz\/n\/wp-json\/wp\/v2\/posts\/75882\/revisions"}],"predecessor-version":[{"id":75883,"href":"https:\/\/www.infokuryr.cz\/n\/wp-json\/wp\/v2\/posts\/75882\/revisions\/75883"}],"wp:featuredmedia":[{"embeddable":true,"href":"https:\/\/www.infokuryr.cz\/n\/wp-json\/wp\/v2\/media\/64709"}],"wp:attachment":[{"href":"https:\/\/www.infokuryr.cz\/n\/wp-json\/wp\/v2\/media?parent=75882"}],"wp:term":[{"taxonomy":"category","embeddable":true,"href":"https:\/\/www.infokuryr.cz\/n\/wp-json\/wp\/v2\/categories?post=75882"},{"taxonomy":"post_tag","embeddable":true,"href":"https:\/\/www.infokuryr.cz\/n\/wp-json\/wp\/v2\/tags?post=75882"}],"curies":[{"name":"wp","href":"https:\/\/api.w.org\/{rel}","templated":true}]}}