{"id":75880,"date":"2025-04-08T00:26:05","date_gmt":"2025-04-07T22:26:05","guid":{"rendered":"https:\/\/www.infokuryr.cz\/n\/?p=75880"},"modified":"2025-04-07T15:19:11","modified_gmt":"2025-04-07T13:19:11","slug":"zakazovaci-zbrani-narazili-protentokrat","status":"publish","type":"post","link":"https:\/\/www.infokuryr.cz\/n\/2025\/04\/08\/zakazovaci-zbrani-narazili-protentokrat\/","title":{"rendered":"Zakazova\u010di zbran\u00ed narazili. Protentokr\u00e1t"},"content":{"rendered":"<div id=\"fb-root\"><\/div>\n<p>Soudruh Obama kdysi vyslovil my\u0161lenku, \u017ee\u00a0<a href=\"https:\/\/www.washingtonpost.com\/opinions\/2020\/03\/25\/lets-make-sure-this-crisis-doesnt-go-waste\/\">ka\u017edou krizi je zapot\u0159eb\u00ed zu\u017eitkovat<\/a>. M\u00e1 v tom mnoho n\u00e1sledovn\u00edk\u016f, v tomto p\u0159\u00edpad\u011b STAN, TOP09 a jak\u00e9si obskurn\u00ed sdru\u017een\u00ed poz\u016fstal\u00fdch po st\u0159elb\u011b na FFUK. Spojili sv\u00e9 s\u00edly a spolu s Raku\u0161anem, polici\u00ed a agentem P\u00e1vkem se jin\u00fdm lidem pokusili ukr\u00e1st pr\u00e1vo dr\u017eet tlumi\u010de ke zbran\u00edm.<\/p>\n<p>Jen\u017ee jim to tak docela nevy\u0161lo. A zanechali po sob\u011b lekci, kterou by ka\u017ed\u00fd m\u011bl nosit v sob\u011b a don\u00e9st ji tam a\u017e k volebn\u00edm urn\u00e1m.<\/p>\n<p>Raku\u0161an se p\u0159idr\u017eel slov soudruha Obamy a krizi zu\u017eitkoval, co se dalo. Vytahal z na\u0161ich pen\u011b\u017eenek pen\u00edze na v\u00fdzbroj a v\u00fdstroj policist\u016f a prosadil prohlouben\u00ed shroma\u017e\u010fov\u00e1n\u00ed, vyhodnocov\u00e1n\u00ed a p\u0159ed\u00e1v\u00e1n\u00ed informac\u00ed i postupy lokalizace mobiln\u00edch telefon\u016f. Sn\u00e1ze pro\u0161el est\u00e9b\u00e1ck\u00fd paragraf o hl\u00e1\u0161en\u00ed podez\u0159el\u00fdch n\u00e1kup\u016f, ani\u017e by bylo ur\u010deno, co je podez\u0159el\u00fd n\u00e1kup. Pr\u00e1v\u011b toto hl\u00e1\u0161en\u00ed \u201ev\u0161eho podez\u0159el\u00e9ho\u201c je z\u00e1klad v\u0161ech totalitn\u00edch prof\u00edzlovan\u00fdch dona\u0161e\u010dsk\u00fdch re\u017eim\u016f, kter\u00e9 generuj\u00ed bezp\u00e1te\u0159n\u00ed oportunisty jako prezident\u010d\u00edk Petr Pavel. Zavedl podle m\u011b naprosto skand\u00e1ln\u00ed povinnost l\u00e9ka\u0159\u016f lustrovat pacienty v centr\u00e1ln\u00edm registru zbran\u00ed. Z l\u00e9ka\u0159e, kter\u00fd m\u00e1 l\u00e9\u010dit pacienty, se tak stal otrok st\u00e1tn\u00ed protizbra\u0148ov\u00e9 politiky. Nedost na tomhle v\u0161em, Raku\u0161an pokra\u010duje d\u00e1l a na\u0161el si na to skv\u011bl\u00e9ho par\u0165\u00e1ka.<\/p>\n<p>Co je tlumi\u010d? Tlumi\u010d je sou\u010d\u00e1st zbran\u011b, kter\u00e1 kombinac\u00ed r\u016fzn\u00fdch technick\u00fdch \u0159e\u0161en\u00ed zaji\u0161\u0165uje, aby zvuk v\u00fdst\u0159elu byl o m\u00e9n\u011b hlasit\u00fd. Ani po aplikaci tlumi\u010de nen\u00ed zcela nesly\u0161n\u00fd, jako to b\u00fdv\u00e1 ve filmech, proto\u017ee \u00fa\u010dinnost tlumi\u010de z\u00e1vis\u00ed na mnoha okolnostech, krom\u011b jeho konstrukce tak\u00e9 na druhu munice a zbran\u011b nebo prost\u0159ed\u00ed. Skute\u010dn\u00fd \u00fatlum je 10 a\u017e 15 dB, co\u017e se zd\u00e1 hodn\u011b, nicm\u00e9n\u011b hluk v\u00fdst\u0159elu je podle typu zbran\u011b a munice 170 \u2013 180 dB.<\/p>\n<p>K \u010demu m\u016f\u017ee b\u00fdt dr\u017eiteli zbran\u011b tlumi\u010d u\u017eite\u010dn\u00fd? D\u016fvod\u016f k pou\u017eit\u00ed tlumi\u010de m\u016f\u017ee b\u00fdt cel\u00e1 \u0159ada. Nap\u0159\u00edklad nechce st\u0159elec ru\u0161it hlukem jin\u00e9 lidi. Nebo chr\u00e1nit sv\u016fj sluch. Nebo chce takticky tr\u00e9novat bez hluch\u00e1tek, co\u017e se i p\u0159es tlumi\u010d nedoporu\u010duje. Nebo je technick\u00fd fanda a zaj\u00edm\u00e1 ho, jak to funguje. Nebo si pak p\u0159ipad\u00e1 v\u00edce cool, jako n\u011bjak\u00fd agent rozv\u011bd\u010d\u00edk. Nebo pot\u0159ebuje, aby nebyl p\u0159i v\u00fdst\u0159elu odhalen a mohl se z m\u00edsta st\u0159elby vzd\u00e1lit nepozorov\u00e1n. Rozhodn\u011b v\u0161ak nelze tvrdit, \u017ee by vlastnictv\u00ed nebo pou\u017e\u00edv\u00e1n\u00ed tlumi\u010de automaticky znamenalo, \u017ee se jeho u\u017eivatel chyst\u00e1 n\u011bkoho z\u00e1ke\u0159n\u011b zab\u00edt, proto\u017ee n\u00e1siln\u00fdch \u010din\u016f sp\u00e1chan\u00fdch st\u0159elnou zbran\u00ed je velmi m\u00e1lo a z tohoto velmi m\u00e1la jich zase velmi m\u00e1lo bylo sp\u00e1ch\u00e1no s tlumi\u010dem. Jedn\u00e1 se margin\u00e1ln\u00ed probl\u00e9m um\u011ble vydestilovan\u00fd z jin\u00e9ho margin\u00e1ln\u00edho probl\u00e9mu, jak nakonec spr\u00e1vn\u011b vy\u010d\u00edslil Gunlex <a href=\"https:\/\/www.czdefence.cz\/clanek\/vyjadreni-zastupcu-lex-k-planovanemu-omezeni-tlumicu-na-kratke-palne-zbrane\">zde<\/a>.<\/p>\n<p>Sdru\u017een\u00ed poz\u016fstal\u00fdch po ob\u011btech masakru na FFUK, kter\u00fd se naz\u00fdv\u00e1 \u201eSpojeni nad\u011bj\u00ed\u201c, m\u00e1 zvl\u00e1\u0161tn\u00ed syst\u00e9m priorit. M\u00edsto co by se zaj\u00edmali o krajn\u011b podez\u0159el\u00e9 okolnosti policejn\u00edho z\u00e1sahu ve \u0161kole a trestuhodn\u00fdch zanedb\u00e1n\u00ed ze strany policie, kter\u00e9 se nakonec policie pokou\u0161ela zamaskovat lhan\u00edm, rozhodlo se, \u017ee si tak\u00e9 najde sv\u016fj c\u00edl. \u017de sebere b\u011b\u017en\u00fdm dr\u017eitel\u016fm ZP pr\u00e1vo m\u00edt a pou\u017e\u00edvat tlumi\u010d.<\/p>\n<p>Hlavn\u00ed argumenta\u010dn\u00ed lini\u00ed bylo, \u017ee tlumi\u010d p\u0159ece \u201eslu\u0161n\u00ed lid\u00e9 pro sebeobranu nepot\u0159ebuj\u00ed\u201c. Spolek ve sv\u00fdch vyj\u00e1d\u0159en\u00edch zach\u00e1zel je\u0161t\u011b d\u00e1l. \u201eTlumi\u010de pom\u00e1haj\u00ed vra\u017edit\u201c, nechal se sly\u0161et p\u0159edseda spolku K\u0159\u00edstek.<\/p>\n<p>\u0160mejdi.<\/p>\n<p>Pozm\u011b\u0148ovac\u00ed n\u00e1vrh skupiny poslanc\u016f v \u010dele s ministrem vnitra V\u00edtem Raku\u0161anem (STAN) by vedle z\u00e1kazu tlumi\u010d\u016f pro b\u011b\u017en\u00e9 pou\u017eit\u00ed na kr\u00e1tk\u00e9 st\u0159eln\u00e9 zbran\u011b pro b\u011b\u017en\u00e9 pou\u017eit\u00ed zp\u0159\u00edsnil pou\u017e\u00edv\u00e1n\u00ed tlumi\u010d\u016f i pro dlouh\u00e9 paln\u00e9 zbran\u011b. Tyto tlumi\u010de by pat\u0159ily mezi zbran\u011b kategorie C, tedy zbran\u011b podl\u00e9haj\u00edc\u00ed ohl\u00e1\u0161en\u00ed. Majitel\u00e9 dosavadn\u00edch tlumi\u010d\u016f pro pistole a revolvery by je mohli podle \u00fapravy vlastnit do ukon\u010den\u00ed jejich omezen\u00e9 \u017eivotnosti. Nabyt\u00ed ostatn\u00edch tlumi\u010d\u016f by bylo mo\u017en\u00e9 jen pro pou\u017eit\u00ed se zbran\u00ed, se kterou dan\u00fd dr\u017eitel zbrojn\u00edho opr\u00e1vn\u011bn\u00ed nebo zbrojn\u00ed licence bu\u010f ji\u017e nakl\u00e1d\u00e1, nebo kterou si po\u0159izuje sou\u010dasn\u011b s dan\u00fdm tlumi\u010dem.<\/p>\n<p>Zaj\u00edmavost\u00ed bylo, \u017ee n\u00e1vrh se \u0161\u00ed\u0159il formou poslaneck\u00e9ho n\u00e1vrhu a nikoli ministersk\u00e9ho, co\u017e mu m\u011blo pravd\u011bpodobn\u011b dodat autenticitu, nebo s t\u00edm Ryb\u00ed oko na MV narazil. MV toti\u017e a\u017e doposud bylo sm\u011brem k dr\u017eitel\u016fm ZP docela rozumn\u00e9. Omezen\u00ed m\u011blo podporu Policie \u010cesk\u00e9 republiky, policejn\u00edho prez\u00eddia i agenta P\u00e1vka. Dno spole\u010dnosti se sjednotilo.<\/p>\n<p>N\u011bjak jsem nepochopil, jak to m\u011blo fungovat. To se takhle chyst\u00e1 modelov\u00fd psychopat j\u00edt st\u0159\u00edlet po lidech. M\u00e1 zbra\u0148, chyst\u00e1 se sp\u00e1chat n\u00e1sobnou vra\u017edu, p\u0159\u00edpadn\u011b ubl\u00ed\u017een\u00ed na zdrav\u00ed, co\u017e jsou v\u0161echno z\u00e1va\u017en\u00e9 trestn\u00e9 \u010diny, a pak najednou zjist\u00ed, je\u017e\u00ed\u0161ikriste, j\u00e1 m\u00e1m neleg\u00e1ln\u00ed tlumi\u010d. To je hrozn\u00e9. Tak to j\u00e1 tedy zab\u00edjet nep\u016fjdu, proto\u017ee t\u011bch 15 a\u017e 20 let nebo trest v\u00fdjime\u010dn\u00fd podle \u00a7 140 odst. 3 TrZ bych je\u0161t\u011b n\u011bjak dal, ale nedovolen\u00e9 ozbrojov\u00e1n\u00ed, to je na mn\u011b prost\u011b moc. Do toho j\u00e1 nejdu, tak j\u00e1 tedy lidi zab\u00edjet nebudu, rad\u011bji\u00a0<a href=\"https:\/\/www.irozhlas.cz\/zpravy-domov\/dron-sbirka-skupina-d-spolek-plasticka-trhavina-valka-ukrajina_2412051952_gut\">p\u0159isp\u011bji Skupin\u011b D na plastickou trhavinu<\/a>, a\u0165 s n\u00ed zab\u00edj\u00ed n\u011bkdo jin\u00fd.<\/p>\n<p>Ukazuje to, \u017ee z\u00e1kazy zbran\u00ed nejsou v\u016fbec o zbran\u00edch a jsou o zakazov\u00e1n\u00ed.<\/p>\n<p>Propolicejn\u00ed spolek, co r\u00e1d zakazuje, v\u0161ak tentokr\u00e1t za\u0161el je\u0161t\u011b d\u00e1l. Spolku vad\u00ed nejen tlumi\u010de, ale tak\u00e9 to, \u017ee se n\u011bkdo sna\u017e\u00ed dobrat k objektivn\u00edm \u00fadaj\u016fm o tom, jak skute\u010dn\u011b tlumi\u010de ovliv\u0148uj\u00ed pr\u016fb\u011bh trestn\u00fdch \u010din\u016f se zbran\u00ed. Asociace akreditovan\u00fdch subjekt\u016f pro v\u00fdcvik stanoven\u00e9 z\u00e1lohy st\u00e1tu, kter\u00e1 sdru\u017euje organizace a\u00a0spolky akreditovan\u00e9 Ministerstvem vnitra, kter\u00e9 se zam\u011b\u0159uj\u00ed na v\u00fdcvik civiln\u00edch dr\u017eitel\u016f zbrojn\u00edch pr\u016fkaz\u016f, uspo\u0159\u00e1dala vcelku zaj\u00edmavou a sv\u011btov\u011b pravd\u011bpodobn\u011b zcela unik\u00e1tn\u00ed simulaci. C\u00edlem pokusu uskute\u010dn\u011bn\u00e9ho na konci listopadu lo\u0148sk\u00e9ho roku bylo popsat \u0161\u00ed\u0159en\u00ed zvuku st\u0159elby budovou \u0161koly. Souhrnnou zpr\u00e1vu o tomto experimentu najdete\u00a0<a href=\"https:\/\/gunlex.cz\/clanky\/hlavni-clanky\/4478-vysledky-expertniho-akustickeho-pokusu-aneb-prakticke-poznatky-a-data\">zde<\/a>, origin\u00e1l zpr\u00e1vy\u00a0<a href=\"https:\/\/www.assz.cz\/wp-content\/uploads\/2024\/12\/20241203-ASSZ-Expertni-pokus-strelba-tlumice-VSCHT-zaverecna-zprava.pdf\">zde<\/a>. V\u00fdsledek pokusu byl v\u00edce ne\u017e zaj\u00edmav\u00fd a m\u00e1 potenci\u00e1l ovlivnit taktiku rozpozn\u00e1n\u00ed a \u0159\u00edzen\u00ed krizov\u00fdch situac\u00ed ve \u0161kol\u00e1ch, zaj\u00edmav\u00fd je natolik, \u017ee se ho nepovedlo vyml\u010det. V\u00fdsledkem bylo, zjednodu\u0161en\u011b \u0159e\u010deno, \u017ee to nen\u00ed jako ve filmech. Pro netr\u00e9novan\u00e9ho \u010dlov\u011bka je obt\u00ed\u017en\u00e9 rozeznat st\u0159elbu a odli\u0161it ji od jin\u00fdch zvuk\u016f obvykl\u00fdch v budov\u00e1ch, tak\u017ee stejn\u011b nebudou adekv\u00e1tn\u011b reagovat. T\u00e9ma tlumi\u010d\u016f se tak jev\u00ed jako zcela druho\u0159ad\u00e9.<\/p>\n<p>Vyj\u00e1d\u0159en\u00ed spolku zakazova\u010d\u016f stoj\u00ed za to: \u201ePodle asociace tedy pou\u017eit\u00ed tlumi\u010de nem\u011blo vliv na pr\u016fb\u011bh st\u0159elby. Akor\u00e1t \u017ee ten \u010dlov\u011bk u\u017e ned\u00fdch\u00e1,\u201c kritizoval z\u00e1v\u011br ASSZ p\u0159edseda spolku. \u201eTlumi\u010de pom\u00e1haj\u00ed vra\u017edit. Jejich z\u00e1kaz zv\u00fd\u0161\u00ed bezpe\u010dnost v\u00a0\u010cesku!\u201c<\/p>\n<p>To je ov\u0161em naprost\u00e1 demagogie. Fakt mus\u00edme poslouchat, co tihle lid\u00e9 \u0159\u00edkaj\u00ed?<\/p>\n<p>Kdo krom\u011b ministra Raku\u0161ana a dna spole\u010dnosti podporuje takovou demagogii?<\/p>\n<p>Pod\u00edv\u00e1me se do parlamentu. Tam Raku\u0161an a jeho p\u0159\u00e1tel\u00e9 zakazova\u010di narazili. Opozice jim to dala se\u017erat, stejn\u011b jako jejich koali\u010dn\u00ed partner ODS. ODS tak v\u011bt\u0161inov\u011b u\u010dinila jedinou dobrou v\u011bc za posledn\u00edch p\u011bt let, mo\u017en\u00e1 posledn\u00ed nadechnut\u00ed p\u0159ed definitivn\u00edm ideov\u00fdm rozpu\u0161t\u011bn\u00edm v bahn\u011b projektu Spolu, mo\u017en\u00e1 prvn\u00ed nadechnut\u00ed p\u0159i vyno\u0159ov\u00e1n\u00ed se z n\u011bho. N\u00e1vrh tak nepro\u0161el. V sou\u010dasn\u00e9m prost\u0159ed\u00ed v \u010cesk\u00e9 republice, kter\u00e9 je poznamen\u00e1no t\u00edm, \u017ee koali\u010dn\u00ed strany s nik\u00fdm nekomunikuj\u00ed a svoje z\u00e1m\u011bry prosazuj\u00ed bez celospole\u010densk\u00e9 diskuse d\u016fsledn\u00fdm taktick\u00fdm vyu\u017eit\u00edm parlamentn\u00ed v\u011bt\u0161iny, je to jist\u011b pozoruhodn\u00e9. A\u010dkoli, nep\u0159ece\u0148oval bych tento moment. Z\u00e1kaz byl tak neuv\u011b\u0159iteln\u011b debiln\u00ed a nepodlo\u017een\u00fd, \u017ee s n\u00edm m\u011bli zjevn\u011b probl\u00e9m i poslanci, kte\u0159\u00ed jinak zvedaj\u00ed ruce na pokyn jako loutky. Tak\u00e9 bych nep\u0159ece\u0148oval postoj poslanc\u016f za ANO, kte\u0159\u00ed z\u0159ejm\u011b m\u011bli pot\u0159ebu oplatit Raku\u0161anovi, \u017ee ovl\u00e1dl parlamentn\u00ed vy\u0161et\u0159ovac\u00ed komisi ud\u00e1lost\u00ed na FFUK, kter\u00e1 tak skon\u010dila jako naprosto bezzub\u00e9 \u017evatlaj\u00edc\u00ed t\u011bleso adoruj\u00edc\u00ed policii. Pro n\u00e1vrh z\u00e1kazu tak\u00a0<a href=\"https:\/\/www.psp.cz\/sqw\/hlasy.sqw?g=85206&amp;l=cz\">hlasovalo<\/a> \u201ehnut\u00ed\u201c STAN, a to jednotn\u011b jako jeden mu\u017e, jako v dob\u00e1ch N\u00e1rodn\u00ed fronty. P\u0159idala se samoz\u0159ejm\u011b TOP09, kter\u00e1 tradi\u010dn\u011b adoruje v\u0161echno, co n\u011bjak\u00fdm zp\u016fsobem vede k omezen\u00ed pr\u00e1v ob\u010dan\u016f, a polovina lidovc\u016f, tradi\u010dn\u00edho zast\u00e1nce ve\u0161ker\u00e9 nesmysln\u00e9 represe. To ale nesta\u010dilo na to, aby to svinstvo pro\u0161lo, a tak m\u011bl Raku\u0161an i spolek sm\u016flu.<\/p>\n<p>Luka\u010dovi\u010dova libtardsk\u00e1 m\u00e9dia, tedy Seznam Zpr\u00e1vy a Novinky, se z toho mohla do\u010dista posrat. Nejnov\u011bj\u0161\u00ed narativ \u0159\u00edk\u00e1, \u017ee to je v\u00edt\u011bzstv\u00ed zbra\u0148ov\u00e9 lobby. To je je\u0161t\u011b h\u016f\u0159e uv\u011b\u0159iteln\u00e9, ne\u017e ty ostatn\u00ed bl\u00e1boly. Tlumi\u010de jsou margin\u00e1ln\u00ed polo\u017eka, jejich odbyt civiln\u00edmu sektoru je minim\u00e1ln\u00ed a je to cel\u00e9 naprost\u00e1 pitomost.<\/p>\n<p>Popravd\u011b \u0159e\u010deno, protiv\u00ed se mi ta arogance, s jakou prominentn\u00ed spolek ur\u010duje, co jin\u00ed lid\u00e9 pot\u0159ebuj\u00ed nebo nepot\u0159ebuj\u00ed. T\u0159eba \u017ee slu\u0161n\u00fd \u010dlov\u011bk nepot\u0159ebuje k sebeobran\u011b tlumi\u010d. Nebo \u017ee slu\u0161n\u00fd \u010dlov\u011bk nepot\u0159ebuje pu\u0161ku AR-15. \u017de si n\u011bjak\u00fd neziskov\u00fd parazit nebo novin\u00e1\u0159\u00a0<a href=\"https:\/\/medium.seznam.cz\/clanek\/jakub-kocurek-neschvaleni-zakazu-tlumicu-je-absolutni-vysmech-obetem-z-filozoficke-fakulty-129599\">na Luka\u010dovi\u010dov\u011b libtard\u00edm medi\u00e1ln\u00edm networku<\/a>\u00a0nedovede p\u0159edstavit, na co pot\u0159ebuje slu\u0161n\u00fd \u010dlov\u011bk poloautomatickou pu\u0161ku neznamen\u00e1, \u017ee si to nem\u016f\u017ee p\u0159edstavit v\u016fbec nikdo.<\/p>\n<p>Takhle p\u0159ece probl\u00e9m nestoj\u00ed. J\u00e1 v\u00edm, \u017ee se to v prost\u0159ed\u00ed nastupuj\u00edc\u00ed totality obt\u00ed\u017en\u011b vysv\u011btluje, ale jednou m\u00e1me pr\u00e1vo za z\u00e1konem stanoven\u00fdch podm\u00ednek n\u011bco neb\u00fdvat a vlastnit, a jak\u00e1koli ru\u0161en\u00ed, odeb\u00edr\u00e1n\u00ed a omezov\u00e1n\u00ed takov\u00fdch pr\u00e1v by m\u011bla b\u00fdt velmi p\u0159esv\u011bd\u010div\u011b od\u016fvodn\u011bna a zv\u00e1\u017eena. To nezahrnuje pok\u0159ikov\u00e1n\u00ed n\u011bjak\u00fdch dubi\u00f3zn\u00edch netransparentn\u00edch spolk\u016f, kter\u00e9 pluj\u00ed na jedn\u00e9 lodi s policejn\u00edm prezidiem a ministrem Raku\u0161anem. Pr\u00e1v\u011b tato relativizace je v\u00fdchodiskem pro sal\u00e1movou metodou, kterou n\u00e1m r\u016fzn\u00ed Raku\u0161anov\u00e9 a Jourov\u00e9 kradou na\u0161e pr\u00e1va.<\/p>\n<p>P\u0159ed v\u0161emi t\u011bmito \u201esdru\u017een\u00edmi ob\u011bt\u00ed\u201c je t\u0159eba m\u00edt se na pozoru. Jsou synchronizovan\u00e9 s deep state a vyu\u017e\u00edvaj\u00ed emoce a sentiment na to, aby n\u00e1s okr\u00e1dali o pr\u00e1va. V tomto p\u0159\u00edpad\u011b to pokl\u00e1d\u00e1m za naprosto absurdn\u00ed, co ten spolek prov\u00e1d\u00ed. Kdyby nebylo policejn\u00edho amat\u00e9rstv\u00ed a ledabylosti, mohli n\u011bkte\u0159\u00ed jejich p\u0159\u00edbuzn\u00ed dosud \u017e\u00edt. Policie se jim vysm\u00e1la a lhala jim do o\u010d\u00ed, aby nemusely policejn\u00ed \u0161pi\u010dky\u00a0<a href=\"https:\/\/dfens-cz.com\/povest-sboru-ubranime-i-kdybychom-se-u-toho-meli-znemoznit\/\">p\u0159iznat chybu a riskovat svoje fr\u010dky<\/a>. A s t\u00edmto sam\u00fdm policejn\u00edm prezidiem se te\u010f spoj\u00ed a \u00fato\u010d\u00ed na ob\u010dany a jejich pr\u00e1va. To nepochop\u00edte.<\/p>\n<p><a href=\"https:\/\/dfens-cz.com\/zakazovaci-zbrani-narazili-protentokrat\/\">D-FENS<\/a><\/p>\n<p>&nbsp;<\/p>\n","protected":false},"excerpt":{"rendered":"<p>Soudruh Obama kdysi vyslovil my\u0161lenku, \u017ee\u00a0ka\u017edou krizi je zapot\u0159eb\u00ed zu\u017eitkovat. M\u00e1 v tom mnoho n\u00e1sledovn\u00edk\u016f,&#8230;<\/p>\n","protected":false},"author":2,"featured_media":25821,"comment_status":"closed","ping_status":"closed","sticky":false,"template":"","format":"standard","meta":[],"categories":[6],"tags":[1503,158,280,720,73],"_links":{"self":[{"href":"https:\/\/www.infokuryr.cz\/n\/wp-json\/wp\/v2\/posts\/75880"}],"collection":[{"href":"https:\/\/www.infokuryr.cz\/n\/wp-json\/wp\/v2\/posts"}],"about":[{"href":"https:\/\/www.infokuryr.cz\/n\/wp-json\/wp\/v2\/types\/post"}],"author":[{"embeddable":true,"href":"https:\/\/www.infokuryr.cz\/n\/wp-json\/wp\/v2\/users\/2"}],"replies":[{"embeddable":true,"href":"https:\/\/www.infokuryr.cz\/n\/wp-json\/wp\/v2\/comments?post=75880"}],"version-history":[{"count":0,"href":"https:\/\/www.infokuryr.cz\/n\/wp-json\/wp\/v2\/posts\/75880\/revisions"}],"wp:featuredmedia":[{"embeddable":true,"href":"https:\/\/www.infokuryr.cz\/n\/wp-json\/wp\/v2\/media\/25821"}],"wp:attachment":[{"href":"https:\/\/www.infokuryr.cz\/n\/wp-json\/wp\/v2\/media?parent=75880"}],"wp:term":[{"taxonomy":"category","embeddable":true,"href":"https:\/\/www.infokuryr.cz\/n\/wp-json\/wp\/v2\/categories?post=75880"},{"taxonomy":"post_tag","embeddable":true,"href":"https:\/\/www.infokuryr.cz\/n\/wp-json\/wp\/v2\/tags?post=75880"}],"curies":[{"name":"wp","href":"https:\/\/api.w.org\/{rel}","templated":true}]}}