{"id":7588,"date":"2022-01-16T05:48:35","date_gmt":"2022-01-16T04:48:35","guid":{"rendered":"http:\/\/www.infokuryr.cz\/n\/?p=7588"},"modified":"2022-01-16T05:48:35","modified_gmt":"2022-01-16T04:48:35","slug":"nekolik-tisic-lidi-se-seslo-v-rime-na-protest-proti-covid-certifikatum","status":"publish","type":"post","link":"https:\/\/www.infokuryr.cz\/n\/2022\/01\/16\/nekolik-tisic-lidi-se-seslo-v-rime-na-protest-proti-covid-certifikatum\/","title":{"rendered":"N\u011bkolik tis\u00edc lid\u00ed se se\u0161lo v \u0158\u00edm\u011b na protest proti covid certifik\u00e1t\u016fm"},"content":{"rendered":"<div id=\"fb-root\"><\/div>\n<p><strong>N\u011bkolik tis\u00edc lid\u00ed obsadilo rozlehlou oblast pobl\u00ed\u017e \u0159\u00edmsk\u00e9 Later\u00e1nsk\u00e9 baziliky (Basilica di San Giovanni in Laterano) na prvn\u00ed leto\u0161n\u00ed protest proti zaveden\u00ed takzvan\u00e9ho zelen\u00e9ho pasu (Green pass).<\/strong><\/p>\n<p>Jedn\u00e1 se o covid\u00a0certifik\u00e1t, kter\u00fd potvrzuje o\u010dkov\u00e1n\u00ed nebo prod\u011blan\u00e9 onemocn\u011bn\u00ed b\u011bhem posledn\u00edch \u0161esti m\u011bs\u00edc\u016f.<\/p>\n<p>Po\u0159adatel\u00e9 akce \u017e\u00e1daj\u00ed ty, kte\u0159\u00ed p\u0159i\u0161li na n\u00e1m\u011bst\u00ed, aby se posadili, aby mezi sebou dodr\u017eeli bezpe\u010dnou vzd\u00e1lenost. V paprsc\u00edch netypicky pro leden h\u0159ejiv\u00e9ho slunce t\u011bsn\u011b shrom\u00e1\u017ed\u011bn\u00ed p\u0159ed za\u010d\u00e1tkem p\u0159ipom\u00ednalo piknik, k \u010demu\u017e p\u0159isp\u011bla celkov\u011b poklidn\u00e1 n\u00e1lada\u00a0demonstrant\u016f a popul\u00e1rn\u00ed hudba z reproduktor\u016f. Ani rozlehl\u00fd prostor v\u0161ak nesta\u010dil na kon\u00e1n\u00ed plnohodnotn\u00e9ho sed\u00edc\u00edho protestu, a tak ti, kte\u0159\u00ed p\u0159i\u0161li na n\u00e1m\u011bst\u00ed o n\u011bco pozd\u011bji, byli nuceni z\u016fstat na nohou.<\/p>\n<p>Demonstraci zorganizovala des\u00edtka mal\u00fdch organizac\u00ed a hnut\u00ed, kter\u00e9 se sdru\u017eily pod iniciativou \u201ePravda je svoboda\u201c.<\/p>\n<p>\u00da\u010dastn\u00edci akce na ni p\u0159inesli plak\u00e1ty s hesly proti \u201ediktatu\u0159e\u201c. Mezi transparenty m\u016f\u017eete vid\u011bt hesla \u201etrest pro ty, kte\u0159\u00ed se nepodrob\u00ed zelen\u00e9mu pasu, je hladovka\u201c, \u201enen\u00ed hor\u0161\u00ed tyranie ne\u017e ta, kter\u00e1 se vyskytuje ve st\u00ednu z\u00e1kona\u201c, \u201enovin\u00e1\u0159i l\u017eou, kdy\u017e jsou vyd\u00edr\u00e1ni\u201c.<\/p>\n<p>Jak \u0159ekl Sputniku jeden z organiz\u00e1tor\u016f akce a jej\u00ed nejhlasit\u011bj\u0161\u00ed moder\u00e1tor Angelo Distefano, jej\u00ed \u00fa\u010dastn\u00edci si nekladou za c\u00edl rozd\u011blovat obyvatelstvo na zast\u00e1nce a odp\u016frce o\u010dkov\u00e1n\u00ed, ale protestuj\u00ed proti samotn\u00e9mu syst\u00e9mu \u201ezelen\u00fdch povolenek\u201c.<\/p>\n<p>\u201eNechceme diskriminaci, rozhodli jsme se vyj\u00edt na ochranu na\u0161ich pr\u00e1v \u2013 soci\u00e1ln\u00edch a ekonomick\u00fdch, proto\u017ee svoboda je prvn\u00edm a univerz\u00e1ln\u00edm lidsk\u00fdm pr\u00e1vem,\u201c prohl\u00e1sil Distefano.<\/p>\n<p>P\u0159ipome\u0148me, \u017ee od 1. \u00fanora v Rakousku za\u010dne platit povinn\u00e9 plo\u0161n\u00e9\u00a0<strong>o\u010dkov\u00e1n\u00ed<\/strong>. Mezit\u00edm se platnost covidov\u00fdch pas\u016f zkracuje z dev\u00edti na \u0161est m\u011bs\u00edc\u016f. U posiluj\u00edc\u00edch d\u00e1vek z\u016fstane platnost dev\u011bt m\u011bs\u00edc\u016f. D\u00e1le za\u010d\u00edn\u00e1 platit povinnost no\u0161en\u00ed respir\u00e1tor\u016f FFP 2 i venku, nebude-li mo\u017en\u00e9 dodr\u017eet dvoumetrov\u00e9 rozestupy. Nenao\u010dkovan\u00ed obyvatel\u00e9 maj\u00ed zapov\u011bzen\u00fd vstup do prodejen s nepotravin\u00e1\u0159sk\u00fdm zbo\u017e\u00edm. Obchod\u016fm, kter\u00e9 odm\u00edtnou kontrolovat o\u010dkov\u00e1n\u00ed sv\u00fdch z\u00e1kazn\u00edk\u016f, hroz\u00ed uzav\u0159en\u00ed.<\/p>\n<p>V N\u011bmecku dokonce i lid\u00e9 se dv\u011bma d\u00e1vkami o\u010dkov\u00e1n\u00ed nebo, kte\u0159\u00ed prod\u011blali covid-19, se budou muset prok\u00e1zat negativn\u00edm testem p\u0159i vstupu do gastronomick\u00fdch za\u0159\u00edzen\u00ed. Ti, kte\u0159\u00ed maj\u00ed posiluj\u00edc\u00ed d\u00e1vku, jsou z t\u00e9to povinnosti vyjmuti. Neo\u010dkovan\u00ed v N\u011bmecku nad\u00e1le mohou jen do potravin a drogeri\u00ed, zat\u00edmco vstup do obchod\u016f neprod\u00e1vaj\u00edc\u00ed zbo\u017e\u00ed denn\u00ed pot\u0159eby je pro n\u011b zak\u00e1z\u00e1n.<\/p>\n<p><a href=\"https:\/\/cz.sputniknews.com\/20220115\/v-podstate-ve-jmenu-svobody-nekolik-tisic-lidi-se-seslo-v-rime-na-protest-proti-covid-certifikatum-17222963.html\">ZDROJ<\/a><\/p>\n<p>&nbsp;<\/p>\n","protected":false},"excerpt":{"rendered":"<p>N\u011bkolik tis\u00edc lid\u00ed obsadilo rozlehlou oblast pobl\u00ed\u017e \u0159\u00edmsk\u00e9 Later\u00e1nsk\u00e9 baziliky (Basilica di San Giovanni in&#8230;<\/p>\n","protected":false},"author":2,"featured_media":7589,"comment_status":"closed","ping_status":"closed","sticky":false,"template":"","format":"standard","meta":[],"categories":[7],"tags":[23,243,95,825,48],"_links":{"self":[{"href":"https:\/\/www.infokuryr.cz\/n\/wp-json\/wp\/v2\/posts\/7588"}],"collection":[{"href":"https:\/\/www.infokuryr.cz\/n\/wp-json\/wp\/v2\/posts"}],"about":[{"href":"https:\/\/www.infokuryr.cz\/n\/wp-json\/wp\/v2\/types\/post"}],"author":[{"embeddable":true,"href":"https:\/\/www.infokuryr.cz\/n\/wp-json\/wp\/v2\/users\/2"}],"replies":[{"embeddable":true,"href":"https:\/\/www.infokuryr.cz\/n\/wp-json\/wp\/v2\/comments?post=7588"}],"version-history":[{"count":0,"href":"https:\/\/www.infokuryr.cz\/n\/wp-json\/wp\/v2\/posts\/7588\/revisions"}],"wp:featuredmedia":[{"embeddable":true,"href":"https:\/\/www.infokuryr.cz\/n\/wp-json\/wp\/v2\/media\/7589"}],"wp:attachment":[{"href":"https:\/\/www.infokuryr.cz\/n\/wp-json\/wp\/v2\/media?parent=7588"}],"wp:term":[{"taxonomy":"category","embeddable":true,"href":"https:\/\/www.infokuryr.cz\/n\/wp-json\/wp\/v2\/categories?post=7588"},{"taxonomy":"post_tag","embeddable":true,"href":"https:\/\/www.infokuryr.cz\/n\/wp-json\/wp\/v2\/tags?post=7588"}],"curies":[{"name":"wp","href":"https:\/\/api.w.org\/{rel}","templated":true}]}}