{"id":75875,"date":"2025-04-08T00:16:56","date_gmt":"2025-04-07T22:16:56","guid":{"rendered":"https:\/\/www.infokuryr.cz\/n\/?p=75875"},"modified":"2025-04-07T15:06:11","modified_gmt":"2025-04-07T13:06:11","slug":"erik-best-skryta-volebni-agenda-petra-pavla","status":"publish","type":"post","link":"https:\/\/www.infokuryr.cz\/n\/2025\/04\/08\/erik-best-skryta-volebni-agenda-petra-pavla\/","title":{"rendered":"Erik Best: Skryt\u00e1 volebn\u00ed agenda Petra Pavla"},"content":{"rendered":"<div id=\"fb-root\"><\/div>\n<p>\u010cesk\u00fd prezident m\u00e1 ofici\u00e1ln\u00ed pravomoc jmenovat premi\u00e9ra a\u00a0z\u00e1rove\u0148 politickou autoritu ovliv\u0148ovat, jak budou volit ob\u010dan\u00e9.\u00a0<a href=\"https:\/\/www.novinky.cz\/clanek\/podcasty-politalk-petr-pavel-politicka-kultura-neni-dobra-ani-na-strane-vlady-ani-opozice-40515737\" target=\"_blank\" rel=\"noopener\">Petr Pavel<\/a>\u00a0Novink\u00e1m \u0159ekl, \u017ee je\u0161t\u011b nen\u00ed \u00fapln\u011b rozhodnut\u00fd, koho bude na podzim volit, a\u00a0\u017ee to st\u011b\u017e\u00ed sd\u011bluje sv\u00e9 \u017een\u011b, tak\u017ee se o\u00a0takovou informaci nebude d\u011blit s\u00a0ve\u0159ejnost\u00ed.<\/p>\n<p>T\u00edm se li\u0161\u00ed od Milo\u0161e Zemana, kter\u00fd ve volb\u00e1ch v\u00a0roce 2021 podpo\u0159il hnut\u00ed ANO a\u00a0uvedl, \u017ee kdyby m\u011bl druh\u00fd hlas, dal by ho \u010cSSD (nyn\u00ed SocDem). Jakkoli m\u016f\u017ee Pavl\u016fv postoj na prvn\u00ed pohled vypadat obdivuhodn\u011b a\u00a0st\u00e1tnicky, ve skute\u010dnosti by bylo v\u016f\u010di v\u0161em z\u00fa\u010dastn\u011bn\u00fdm \u2013 voli\u010d\u016fm, nevoli\u010d\u016fm, politick\u00fdm stran\u00e1m \u2013 f\u00e9rov\u011bj\u0161\u00ed, kdyby na rovinu \u0159ekl, za koho bude v\u00a0p\u0159\u00ed\u0161t\u00edm p\u016flroce kopat a\u00a0koho jako p\u0159edsedu vl\u00e1dy preferuje.<\/p>\n<p>Nezapome\u0148te, \u017ee v\u00a0listopadu\u00a0<a href=\"https:\/\/www.youtube.com\/watch?v=g31ZmEBsnq0&amp;t=352s\" target=\"_blank\" rel=\"noopener\">Blesku<\/a>\u00a0\u0159ekl, \u017ee bude d\u011blat v\u0161echno pro to, aby volby dopadly tak, jak by byl r\u00e1d on s\u00e1m. Pokud to st\u00e1le plat\u00ed a\u00a0skryt\u011b usiluje, jak se zat\u00edm jev\u00ed, aby se p\u0159\u00ed\u0161t\u00edm premi\u00e9rem stal p\u0159edseda STANu\u00a0<a href=\"https:\/\/www.fsfinalword.cz\/?page=archive&amp;show=1&amp;day=2024-10-31\" target=\"_blank\" rel=\"noopener\">V\u00edt Raku\u0161an<\/a>, m\u011bl by to otev\u0159en\u011b p\u0159iznat.<\/p>\n<p><a href=\"https:\/\/www.fsfinalword.cz\/?page=archive&amp;day=2025-04-07&amp;utm_source=utm_source%3Dnewsletter&amp;utm_medium=utm_medium%3De-mail&amp;utm_campaign=utm_campaign%3Dfinal_word_7.4.2025\">Erik Best<\/a><\/p>\n<p><img decoding=\"async\" loading=\"lazy\" class=\"alignnone  wp-image-1179\" src=\"http:\/\/www.infokuryr.cz\/n\/wp-content\/uploads\/2021\/04\/erik-best.jpg\" alt=\"\" width=\"151\" height=\"170\" \/><\/p>\n<p>&nbsp;<\/p>\n","protected":false},"excerpt":{"rendered":"<p>\u010cesk\u00fd prezident m\u00e1 ofici\u00e1ln\u00ed pravomoc jmenovat premi\u00e9ra a\u00a0z\u00e1rove\u0148 politickou autoritu ovliv\u0148ovat, jak budou volit ob\u010dan\u00e9.\u00a0Petr&#8230;<\/p>\n","protected":false},"author":2,"featured_media":62579,"comment_status":"closed","ping_status":"closed","sticky":false,"template":"","format":"standard","meta":[],"categories":[6],"tags":[1173,424,27],"_links":{"self":[{"href":"https:\/\/www.infokuryr.cz\/n\/wp-json\/wp\/v2\/posts\/75875"}],"collection":[{"href":"https:\/\/www.infokuryr.cz\/n\/wp-json\/wp\/v2\/posts"}],"about":[{"href":"https:\/\/www.infokuryr.cz\/n\/wp-json\/wp\/v2\/types\/post"}],"author":[{"embeddable":true,"href":"https:\/\/www.infokuryr.cz\/n\/wp-json\/wp\/v2\/users\/2"}],"replies":[{"embeddable":true,"href":"https:\/\/www.infokuryr.cz\/n\/wp-json\/wp\/v2\/comments?post=75875"}],"version-history":[{"count":0,"href":"https:\/\/www.infokuryr.cz\/n\/wp-json\/wp\/v2\/posts\/75875\/revisions"}],"wp:featuredmedia":[{"embeddable":true,"href":"https:\/\/www.infokuryr.cz\/n\/wp-json\/wp\/v2\/media\/62579"}],"wp:attachment":[{"href":"https:\/\/www.infokuryr.cz\/n\/wp-json\/wp\/v2\/media?parent=75875"}],"wp:term":[{"taxonomy":"category","embeddable":true,"href":"https:\/\/www.infokuryr.cz\/n\/wp-json\/wp\/v2\/categories?post=75875"},{"taxonomy":"post_tag","embeddable":true,"href":"https:\/\/www.infokuryr.cz\/n\/wp-json\/wp\/v2\/tags?post=75875"}],"curies":[{"name":"wp","href":"https:\/\/api.w.org\/{rel}","templated":true}]}}