{"id":7585,"date":"2022-01-16T05:41:40","date_gmt":"2022-01-16T04:41:40","guid":{"rendered":"http:\/\/www.infokuryr.cz\/n\/?p=7585"},"modified":"2022-01-16T05:41:40","modified_gmt":"2022-01-16T04:41:40","slug":"svedectvi-lekarky-morgan-wallacova-vsichni-kteri-zemreli-s-covidem-by-meli-byt-povazovani-za-zavrazdene","status":"publish","type":"post","link":"https:\/\/www.infokuryr.cz\/n\/2022\/01\/16\/svedectvi-lekarky-morgan-wallacova-vsichni-kteri-zemreli-s-covidem-by-meli-byt-povazovani-za-zavrazdene\/","title":{"rendered":"Sv\u011bdectv\u00ed l\u00e9ka\u0159ky Morgan Wallacov\u00e1: \u201eV\u0161ichni, kte\u0159\u00ed zem\u0159eli s covidem, by m\u011bli b\u00fdt pova\u017eov\u00e1ni za zavra\u017ed\u011bn\u00e9\u201d"},"content":{"rendered":"<div id=\"fb-root\"><\/div>\n<p>Ve zkratce&#8230;<\/p>\n<p>Na \u0158\u00e1dn\u00e9 zased\u00e1n\u00ed spr\u00e1vn\u00ed rady NHCS vystoupila \u017eena l\u00e9ka\u0159ka, kter\u00e1 sd\u00edl\u00ed sv\u00e9 sv\u011bdectv\u00ed ohledn\u011b covidu, o\u010dkov\u00e1n\u00ed a l\u00e9\u010dby.<\/p>\n<p><iframe loading=\"lazy\" title=\"Morgan Wallacov\u00e1: \u201eV\u0161ichni, kte\u0159\u00ed zem\u0159eli s covidem, by m\u011bli b\u00fdt pova\u017eov\u00e1ni za zavra\u017ed\u011bn\u00e9\u201d (CZ TITULKY)\" src=\"https:\/\/nastub.cz\/videos\/embed\/e390be01-76d2-4c06-9343-3698fac70533\" width=\"700\" height=\"395\" frameborder=\"0\" sandbox=\"allow-same-origin allow-scripts allow-popups\" allowfullscreen=\"allowfullscreen\" data-mce-fragment=\"1\"><\/iframe><ins class=\"adsbygoogle\" data-ad-client=\"ca-pub-3629013881997344\" data-ad-slot=\"5880030067\" data-ad-format=\"auto\" data-full-width-responsive=\"true\" data-adsbygoogle-status=\"done\" data-ad-status=\"filled\"><ins id=\"aswift_1_expand\" tabindex=\"0\" title=\"Advertisement\" aria-label=\"Advertisement\"><\/ins><\/ins><\/p>\n<p><strong>P\u0159epis:<\/strong><\/p>\n<p>Jmenuji se Morgan Wallacov\u00e1, jsem u\u017e des\u00e1t\u00fdm rokem zam\u011bstnan\u00e1 v okrsku New Hanover. P\u011bt let jsem pracovala na kardiovaskul\u00e1rn\u00ed JIPce. S covidem jsem byla va\u0161\u00ed posledn\u00ed lini\u00ed obrany. Kdy\u017e jste na podlaze krv\u00e1celi, dr\u017eeli jsme v\u00e1s p\u0159i \u017eivot\u011b na p\u0159\u00edstroj\u00edch. Uv\u011bdomila jsem si, \u017ee pacienti zbyte\u010dn\u011b um\u00edrali kv\u016fli tomu, \u017ee vl\u00e1da blokovala mo\u017en\u00e9 l\u00e9\u010dby covidu. V\u0161ichni, kte\u0159\u00ed zem\u0159eli s covidem, by m\u011bli b\u00fdt pova\u017eov\u00e1ni za zavra\u017ed\u011bn\u00e9.<\/p>\n<p>V\u010dasn\u00e1 l\u00e9\u010dba byla v\u017edy efektivn\u00ed. V den na\u0159\u00edzen\u00ed jsem z nemocnice ode\u0161la, m\u00e1m vlastn\u00ed praxi a ve m\u011bst\u011b jsem jedin\u00e1, kter\u00e1 pacienty s covidem l\u00e9\u010d\u00ed p\u0159ed hospitalizac\u00ed. Tak\u00e9 jsem sledovala, jak v\u0161ichni zam\u011bstnanci v nemocnici v\u010detn\u011b m\u00e9ho odd\u011blen\u00ed se o\u010dkovali a pak dostali covid, krom\u011b dal\u0161\u00edch r\u016fzn\u00fdch onemocn\u011bn\u00ed. Napumpovali jste si do t\u011bla miliony spike protein\u016f a jste \u010dasovanou bombou pro rakovinu, krevn\u00ed sra\u017eeniny \u010di jak\u00e9koliv jin\u00e9 zdravotn\u00ed probl\u00e9my.<\/p>\n<p>U\u017e m\u011b nebav\u00ed poslouchat, jak se lid\u00e9 ptaj\u00ed l\u00e9ka\u0159\u016f, jestli mohou b\u00fdt na covid l\u00e9\u010deni, a jejich jedin\u00e1 mo\u017enost je vakc\u00edna nebo j\u00edt dom\u016f, nebo j\u00edt do nemocnice, ze kter\u00e9 se u\u017e nevr\u00e1t\u00edte. S radost\u00ed budu kohokoliv z v\u00e1s l\u00e9\u010dit na covid p\u0159ed hospitalizac\u00ed, proto\u017ee v\u010dasn\u00e1 l\u00e9\u010dba v\u017edy fungovala. Jsem \u010dlenka aliance FLCCC, l\u00e9ka\u0159\u016f za svobodu a summitu l\u00e9ka\u0159sk\u00e9 svobody. \u017d\u00e1d\u00e1m v\u00e1s, pros\u00edm, abyste p\u0159estali \u0161\u00ed\u0159it strach a na\u0161\u00edm d\u011btem d\u00e1vat rou\u0161ky. Vakc\u00edna nebude fungovat. V\u010dasn\u00e1 l\u00e9\u010dba v\u017edy fungovala a spousta lid\u00ed um\u0159ela kv\u016fli \u0161patn\u00e9mu veden\u00ed vl\u00e1dy. Rodiny si tohle uv\u011bdomily a brzy se postav\u00ed proti vl\u00e1d\u00e1m a nemocnic\u00edm. Ve sv\u00e9 nemocnice jsem byla velmi uzn\u00e1van\u00e1 a v listopadu 2020 jsem byla zam\u011bstnankyn\u00ed m\u011bs\u00edce.<\/p>\n<div class=\"f2c-maintext\">\n<p>Tento rok jsem dostala pracovn\u00ed p\u0159\u00edle\u017eitost od hlavn\u00edho l\u00e9ka\u0159e v t\u00e9to nemocnici, ale m\u00edsto toho jsem odtamtud ode\u0161la a postavila se za to, co je spr\u00e1vn\u00e9. D\u00e1vat rou\u0161ky na\u0161\u00edm d\u011btem nepom\u016f\u017ee. O\u010dkov\u00e1n\u00ed tak\u00e9 nepom\u016f\u017ee a mus\u00edme si to uv\u011bdomit. U\u017e to prasklo a lid\u00e9 o tom mluv\u00ed po cel\u00e9m sv\u011bt\u011b, v\u010detn\u011b t\u011bch, co byli zast\u00e1nci vakc\u00edn.<\/p>\n<p><strong>P\u0159eklad: David Form\u00e1nek<\/strong><\/p>\n<p><a href=\"https:\/\/otevrisvoumysl.cz\/svedectvi-lekarky-morgan-wallacova-vsichni-kteri-zemreli-s-covidem-by-meli-byt-povazovani-za-zavrazdene\/\">ZDROJ<\/a><\/p>\n<\/div>\n<p>&nbsp;<\/p>\n<p>&nbsp;<\/p>\n","protected":false},"excerpt":{"rendered":"<p>Ve zkratce&#8230; Na \u0158\u00e1dn\u00e9 zased\u00e1n\u00ed spr\u00e1vn\u00ed rady NHCS vystoupila \u017eena l\u00e9ka\u0159ka, kter\u00e1 sd\u00edl\u00ed sv\u00e9 sv\u011bdectv\u00ed&#8230;<\/p>\n","protected":false},"author":2,"featured_media":7586,"comment_status":"closed","ping_status":"closed","sticky":false,"template":"","format":"standard","meta":[],"categories":[7],"tags":[23,1718,1719],"_links":{"self":[{"href":"https:\/\/www.infokuryr.cz\/n\/wp-json\/wp\/v2\/posts\/7585"}],"collection":[{"href":"https:\/\/www.infokuryr.cz\/n\/wp-json\/wp\/v2\/posts"}],"about":[{"href":"https:\/\/www.infokuryr.cz\/n\/wp-json\/wp\/v2\/types\/post"}],"author":[{"embeddable":true,"href":"https:\/\/www.infokuryr.cz\/n\/wp-json\/wp\/v2\/users\/2"}],"replies":[{"embeddable":true,"href":"https:\/\/www.infokuryr.cz\/n\/wp-json\/wp\/v2\/comments?post=7585"}],"version-history":[{"count":0,"href":"https:\/\/www.infokuryr.cz\/n\/wp-json\/wp\/v2\/posts\/7585\/revisions"}],"wp:featuredmedia":[{"embeddable":true,"href":"https:\/\/www.infokuryr.cz\/n\/wp-json\/wp\/v2\/media\/7586"}],"wp:attachment":[{"href":"https:\/\/www.infokuryr.cz\/n\/wp-json\/wp\/v2\/media?parent=7585"}],"wp:term":[{"taxonomy":"category","embeddable":true,"href":"https:\/\/www.infokuryr.cz\/n\/wp-json\/wp\/v2\/categories?post=7585"},{"taxonomy":"post_tag","embeddable":true,"href":"https:\/\/www.infokuryr.cz\/n\/wp-json\/wp\/v2\/tags?post=7585"}],"curies":[{"name":"wp","href":"https:\/\/api.w.org\/{rel}","templated":true}]}}