{"id":75846,"date":"2025-04-08T00:12:21","date_gmt":"2025-04-07T22:12:21","guid":{"rendered":"https:\/\/www.infokuryr.cz\/n\/?p=75846"},"modified":"2025-04-07T14:04:39","modified_gmt":"2025-04-07T12:04:39","slug":"a-zde-prichazi-zakon-o-online-bezpecnosti","status":"publish","type":"post","link":"https:\/\/www.infokuryr.cz\/n\/2025\/04\/08\/a-zde-prichazi-zakon-o-online-bezpecnosti\/","title":{"rendered":"\u2026a zde p\u0159ich\u00e1z\u00ed z\u00e1kon o online bezpe\u010dnosti"},"content":{"rendered":"<div id=\"fb-root\"><\/div>\n<div class=\"elementor-element elementor-element-1fb4c2c elementor-widget elementor-widget-theme-post-content\" data-id=\"1fb4c2c\" data-element_type=\"widget\" data-widget_type=\"theme-post-content.default\">\n<div class=\"elementor-widget-container\">\n<p><span>Britsk\u00fd\u00a0<\/span><strong><span>z\u00e1kon o online bezpe\u010dnosti<\/span><\/strong><span>\u00a0ofici\u00e1ln\u011b vstoupil v platnost p\u0159ed dv\u011bma t\u00fddny \u2013 a neztr\u00e1celi \u010das, aby toho vyu\u017eili.<\/span><\/p>\n<p><span>Alternativn\u00ed soci\u00e1ln\u00ed s\u00edti\u00a0<\/span><strong><span>Gab<\/span><\/strong><span>\u00a0ji\u017e hrozila mastn\u00e1 pokuta za \u00fadajn\u00e9 selh\u00e1n\u00ed \u201ekontroly \u0159e\u010di na sv\u00e9 platform\u011b\u201c. Anekdoty se hromad\u00ed: mal\u00e1 f\u00f3ra a komunity ji\u017e blokuj\u00ed p\u0159\u00edstup ze Spojen\u00e9ho kr\u00e1lovstv\u00ed ze strachu, \u017ee by\u00a0vyvolali hn\u011bv\u00a0<\/span><strong><span>Ofcomu (britsk\u00e9ho regul\u00e1tora komunikace).<\/span><\/strong><\/p>\n<p><span>Ale nebojte se \u2013 mluv\u010d\u00ed Ofcomu ujistil\u00a0<\/span><em><span>Telegraph<\/span><\/em><span>\u00a0, \u017ee\u00a0<\/span><strong><span>\u201epodnikne opat\u0159en\u00ed pouze v p\u0159\u00edpad\u011b, \u017ee to<\/span><\/strong><span>\u00a0bude p\u0159im\u011b\u0159en\u00e9 a vhodn\u00e9\u201c. Pak je v\u0161e v po\u0159\u00e1dku.<\/span><\/p>\n<p><span>Mezit\u00edm Financial\u00a0<\/span><em><span>Times<\/span><\/em><span>\u00a0p\u00ed\u0161\u00ed:<\/span><\/p>\n<p><em><strong>\u201eVelk\u00e1 Brit\u00e1nie chce podniknout kroky proti neleg\u00e1ln\u00edmu obsahu na soci\u00e1ln\u00edch s\u00edt\u00edch\u201c<\/strong><\/em><\/p>\n<p><span>Bled\u00fd p\u0159\u00edklad nepoctivosti opomenut\u00edm \u2013 text, kter\u00fd se tv\u00e1\u0159\u00ed jako objektivn\u00ed a p\u0159itom se schov\u00e1v\u00e1 za sv\u016fj jazyk. Pouze d\u011btsk\u00e1 pornografie, terorismus a dal\u0161\u00ed trestn\u00e9 \u010diny jsou ozna\u010dov\u00e1ny jako \u201enez\u00e1konn\u00fd obsah\u201c \u2013 a z\u00e1kon jde\u00a0<\/span><strong><span>daleko za d\u011btskou pornografii a drogy<\/span><\/strong><span>\u00a0.<\/span><\/p>\n<p><span>Jsou zde cel\u00e9 sekce v\u011bnovan\u00e9\u00a0<\/span><strong><span>\u201enespr\u00e1vn\u00e9 komunikaci\u201c<\/span><\/strong><span>\u00a0\u2013 tedy zve\u0159ej\u0148ov\u00e1n\u00ed obsahu, kter\u00fd st\u00e1t klasifikoval jako\u00a0<\/span><strong><span>\u201edezinformace<\/span><\/strong><span>\u00a0.\u201c A dal\u0161\u00ed sekce v\u00fdslovn\u011b ud\u011bluje novin\u00e1m a medi\u00e1ln\u00edm spole\u010dnostem imunitu pr\u00e1v\u011b p\u0159ed t\u011bmito zlo\u010diny.<\/span><\/p>\n<p><span>Ale nikdo o tom nemluv\u00ed, proto\u017ee film\u00a0<\/span><strong><span>Adolescence<\/span><\/strong><span>\u00a0na\u0161t\u011bst\u00ed vy\u0161el p\u0159esn\u011b ve stejnou dobu , kdy z\u00e1kon vstoupil v platnost \u2013 zcela odvedl pozornost n\u00e1rodn\u00ed debaty, zat\u00edmco soci\u00e1ln\u00ed s\u00edt\u011b byly zaplaveny\u00a0<\/span><strong><span>\u201eznepokojen\u00fdmi matkami\u201c,<\/span><\/strong><span>\u00a0kter\u00e9 \u00fadajn\u011b zoufale cht\u011bj\u00ed, aby vl\u00e1da \u201en\u011bco ud\u011blala\u201c.<\/span><\/p>\n<p><span>Ano, kdysi pomalu se pl\u00ed\u017eiv\u00e9, nyn\u00ed nar\u016fstaj\u00edc\u00ed autorit\u00e1\u0159stv\u00ed je opravdu fajn v\u011bc \u2013 v\u017edy\u0165 na\u0161e d\u011bti mus\u00edme zachr\u00e1nit p\u0159ed&#8230; no, p\u0159ed \u010d\u00edmkoli.<\/span><\/p>\n<p><span>Na druh\u00e9 stran\u011b Atlantiku jsou\u00a0<\/span><strong><span>Donald Trump a JD Vance<\/span><\/strong><span>\u00a0k tomuto probl\u00e9mu d\u016frazn\u011b kriti\u010dt\u00ed, zat\u00edmco \u00fa\u0159edn\u00edci administrativy (\u00fadajn\u011b) nazna\u010duj\u00ed, \u017ee dopad z\u00e1kona o online bezpe\u010dnosti na svobodu projevu by mohl ohrozit obchodn\u00ed dohodu nebo v\u00e9st k dal\u0161\u00edm ob\u00e1van\u00fdm\u00a0<\/span><strong><span>tarif\u016fm<\/span><\/strong><span>\u00a0.<\/span><\/p>\n<p><span>To v\u0161e je samoz\u0159ejm\u011b pouze\u00a0<\/span><strong><span>polohov\u00e1n\u00ed<\/span><\/strong><span>\u00a0. Obvykl\u00e1 hra. Trump je proti OSA a pro miliony zcela vymyt\u00fdch lid\u00ed je to automaticky dobr\u00e1 v\u011bc.<\/span><\/p>\n<p><span>D\u00edky tomu jsou mo\u017en\u00e9 \u00favodn\u00edky, jako je tento v\u00a0<\/span><em><span>Guardianu<\/span><\/em><span>\u00a0, s titulkem:<\/span><\/p>\n<p><strong><em><span>\u201eThe Guardian o online bezpe\u010dnosti: Nenechte Trumpa diktovat podm\u00ednky debaty\u201c.<\/span><\/em><\/strong><\/p>\n<p><span>Nyn\u00ed se\u00a0<\/span><strong><span>Keir Starmer<\/span><\/strong><span>\u00a0m\u016f\u017ee \u201epostavit tyranovi Trumpovi\u201c t\u00edm, \u017ee odm\u00edtne \u201e zm\u00edrnit\u00a0<\/span><strong><span>\u201c \u201eochrany<\/span><\/strong><span>\u00a0\u201c.<\/span><\/p>\n<p><span>Obvykl\u00e9 charitativn\u00ed organizace a odborn\u00edci jsou samoz\u0159ejm\u011b v\u0161ichni \u201ezd\u011b\u0161eni\u201c my\u0161lenkou \u201eoslaben\u00ed\u201c \u201eochrany\u201c OSA a jejich navrhovanou alternativou \u2013 kter\u00e1\u00a0<\/span><strong><span>se nikdy nestane<\/span><\/strong><span>\u00a0\u2013 je \u00fapln\u00fd\u00a0<\/span><strong><span>z\u00e1kaz soci\u00e1ln\u00edch s\u00edt\u00ed pro d\u011bti<\/span><\/strong><span>\u00a0.<\/span><\/p>\n<p><span>Tento pokus u\u017e byl u\u010din\u011bn v Austr\u00e1lii \u2013 tam \u0161lo m\u00e9n\u011b o z\u00e1kaz soci\u00e1ln\u00edch s\u00edt\u00ed a v\u00edce o\u00a0<\/span><strong><span>z\u00e1minku k ukon\u010den\u00ed online anonymity<\/span><\/strong><span>\u00a0.<\/span><\/p>\n<p><span>Proto\u017ee jak m\u016f\u017eete zak\u00e1zat d\u011btem p\u0159\u00edstup na soci\u00e1ln\u00ed s\u00edt\u011b? To nen\u00ed mo\u017en\u00e9 &#8211;\u00a0<\/span><strong><span>ne bez prok\u00e1z\u00e1n\u00ed v\u011bku<\/span><\/strong><span>\u00a0.<\/span><\/p>\n<p><span>Tak\u017ee \u201ekompromisn\u00ed\u201c \u0159e\u0161en\u00ed zn\u00ed: Nezakazujeme d\u011btem p\u0159\u00edstup \u2013 ale pot\u0159ebujeme\u00a0<\/span><strong><span>v\u011bd\u011bt, kdo je d\u00edt\u011b a kdo ne<\/span><\/strong><span>\u00a0, abychom je ochr\u00e1nili p\u0159ed radikalizac\u00ed a nen\u00e1vistn\u00fdmi projevy.\u00a0<\/span><strong><span>Ka\u017ed\u00fd tedy mus\u00ed prok\u00e1zat sv\u016fj v\u011bk.<\/span><\/strong><\/p>\n<p><span>A samoz\u0159ejm\u011b doklad o v\u011bku je\u00a0<\/span><strong><span>p\u0159\u00edmou cestou k digit\u00e1ln\u00ed identit\u011b<\/span><\/strong><span>\u00a0vydan\u00e9 vl\u00e1dou.<\/span><\/p>\n<p><span>N\u011bkte\u0159\u00ed dokonce nazna\u010duj\u00ed, \u017ee by m\u011blo\u00a0<\/span><strong><span>b\u00fdt nez\u00e1konn\u00e9 vlastnit chytr\u00fd telefon pro osoby mlad\u0161\u00ed 16 let<\/span><\/strong><span>\u00a0.<\/span><\/p>\n<p><span>Jak to lze prosadit? No i zde byste museli prok\u00e1zat\u00a0<\/span><strong><span>sv\u016fj v\u011bk (a tedy identitu)<\/span><\/strong><span>\u00a0, abyste mohli vlastnit mobil.\u00a0<\/span><strong><span>Tak\u017ee sbohem, anonymn\u00ed p\u0159edplacen\u00e9 mobily.<\/span><\/strong><span>\u00a0(Zd\u00e1 se, \u017ee nikomu nevad\u00ed zapojit se na \u00farovni \u201eM\u00e1te na to \u0159idi\u010dsk\u00fd pr\u016fkaz?\u201c.)<\/span><\/p>\n<p><span>Norm\u00e1ln\u011b bych n\u011bco takov\u00e9ho odm\u00edtl jako jeden z t\u011bch absurdn\u011b extr\u00e9mn\u00edch po\u017eadavk\u016f navr\u017een\u00fdch tak, aby se skute\u010dn\u00fd c\u00edl zd\u00e1l ne\u0161kodn\u011bj\u0161\u00ed.\u00a0<\/span><strong><span>Ale dovedu si p\u0159edstavit, \u017ee toto skute\u010dn\u011b prosazuj\u00ed.<\/span><\/strong><span>\u00a0Nikdo p\u0159ece nechce, aby d\u011bti m\u011bly nep\u0159etr\u017eit\u00fd p\u0159\u00edstup k internetu \u2013 nap\u0159\u00edklad aby mohly\u00a0<\/span><strong><span>v re\u00e1ln\u00e9m \u010dase kontrolovat v\u00fdpov\u011bdi u\u010ditel\u016f.<\/span><\/strong><\/p>\n<p><span>A je to v\u0161echno proto, \u017ee jsou to \u201epravidla\u201c \u2013 a miluj\u00ed\u00a0<\/span><strong><span>v\u00edce pravidel<\/span><\/strong><span>\u00a0.<\/span><\/p>\n<p><span>To je v podstat\u011b n\u00e1\u0161 nov\u00fd norm\u00e1l, \u017ee?<br \/>\n<\/span><br \/>\n<strong><span>St\u00e1le v\u00edce pravidel, jen pro pravidla.<\/span><\/strong><\/p>\n<p><strong><span>OffGuardian<\/span><\/strong><span>\u00a0bude i nad\u00e1le\u00a0<\/span><strong><span>varovat ka\u017ed\u00e9ho,<\/span><\/strong><span>\u00a0kdo bude naslouchat \u2013 dokud to p\u016fjde.<br \/>\n<\/span><br \/>\n<span>Ale s\u00a0<\/span><strong><span>online bezpe\u010dnostn\u00edm z\u00e1konem o z\u00e1kazu v\u011bzn\u011bn\u00ed<\/span><\/strong><span>\u00a0nelze \u0159\u00edci, jak dlouho to bude mo\u017en\u00e9.<\/p>\n<p><em>Kit Knightly<\/em><br \/>\n<\/span><\/p>\n<\/div>\n<\/div>\n<div class=\"elementor-element elementor-element-8c57238 quelle dc-has-condition dc-condition-empty elementor-widget elementor-widget-heading\" data-id=\"8c57238\" data-element_type=\"widget\" data-widget_type=\"heading.default\">\n<div class=\"elementor-widget-container\">\n<h3 class=\"elementor-heading-title elementor-size-default\"><span style=\"font-size: 10pt;\"><a href=\"https:\/\/off-guardian.org\/2025\/04\/04\/and-here-comes-the-online-safety-act\/\" target=\"_blank\" rel=\"nofollow noopener\">Zdroj<\/a><\/span><\/h3>\n<\/div>\n<\/div>\n","protected":false},"excerpt":{"rendered":"<p>Britsk\u00fd\u00a0z\u00e1kon o online bezpe\u010dnosti\u00a0ofici\u00e1ln\u011b vstoupil v platnost p\u0159ed dv\u011bma t\u00fddny \u2013 a neztr\u00e1celi \u010das, aby&#8230;<\/p>\n","protected":false},"author":2,"featured_media":75847,"comment_status":"closed","ping_status":"closed","sticky":false,"template":"","format":"standard","meta":[],"categories":[7],"tags":[61,63,609],"_links":{"self":[{"href":"https:\/\/www.infokuryr.cz\/n\/wp-json\/wp\/v2\/posts\/75846"}],"collection":[{"href":"https:\/\/www.infokuryr.cz\/n\/wp-json\/wp\/v2\/posts"}],"about":[{"href":"https:\/\/www.infokuryr.cz\/n\/wp-json\/wp\/v2\/types\/post"}],"author":[{"embeddable":true,"href":"https:\/\/www.infokuryr.cz\/n\/wp-json\/wp\/v2\/users\/2"}],"replies":[{"embeddable":true,"href":"https:\/\/www.infokuryr.cz\/n\/wp-json\/wp\/v2\/comments?post=75846"}],"version-history":[{"count":0,"href":"https:\/\/www.infokuryr.cz\/n\/wp-json\/wp\/v2\/posts\/75846\/revisions"}],"wp:featuredmedia":[{"embeddable":true,"href":"https:\/\/www.infokuryr.cz\/n\/wp-json\/wp\/v2\/media\/75847"}],"wp:attachment":[{"href":"https:\/\/www.infokuryr.cz\/n\/wp-json\/wp\/v2\/media?parent=75846"}],"wp:term":[{"taxonomy":"category","embeddable":true,"href":"https:\/\/www.infokuryr.cz\/n\/wp-json\/wp\/v2\/categories?post=75846"},{"taxonomy":"post_tag","embeddable":true,"href":"https:\/\/www.infokuryr.cz\/n\/wp-json\/wp\/v2\/tags?post=75846"}],"curies":[{"name":"wp","href":"https:\/\/api.w.org\/{rel}","templated":true}]}}