{"id":7584,"date":"2022-01-16T05:38:00","date_gmt":"2022-01-16T04:38:00","guid":{"rendered":"http:\/\/www.infokuryr.cz\/n\/?p=7584"},"modified":"2022-01-16T05:38:00","modified_gmt":"2022-01-16T04:38:00","slug":"p-c-roberts-washingtonu-vladne-silenstvi","status":"publish","type":"post","link":"https:\/\/www.infokuryr.cz\/n\/2022\/01\/16\/p-c-roberts-washingtonu-vladne-silenstvi\/","title":{"rendered":"P.C.Roberts: Washingtonu vl\u00e1dne \u0161\u00edlenstv\u00ed"},"content":{"rendered":"<div id=\"fb-root\"><\/div>\n<p>\u00davodn\u00ed pozn\u00e1mky n\u00e1m\u011bstkyn\u011b americk\u00e9ho ministra zahrani\u010d\u00ed Viktorie Nulandov\u00e9, p\u0159ednesen\u00e9 v \u00favodu jej\u00ed p\u0159\u00e1telsk\u00e9 \u201etiskov\u00e9 konference\u201c se spr\u00e1vn\u011b zkrocen\u00fdmi americk\u00fdmi \u201enovin\u00e1\u0159i\u201c, odhaluje nere\u00e1ln\u00fd sv\u011bt, ve kter\u00e9m Washington \u017eije.<\/p>\n<p>Rusov\u00e9 \u0159ekli Washingtonu tak jasn\u011b, jak to jen lze \u0159\u00edct, \u017ee expanze NATO k jejich hranic\u00edm v r\u00e1mci st\u00e1vaj\u00edc\u00edch skute\u010dnost\u00ed, jak\u00fdmi jsou zam\u00fd\u0161len\u00e9 p\u0159ijet\u00ed Ukrajiny do NATO, neochota Ukrajiny \u0159\u00eddit se Minsk\u00fdmi dohodami, mas\u00edvn\u00ed dod\u00e1vky americk\u00fdch zbran\u00ed na Ukrajinu a neust\u00e1l\u00e9 dal\u0161\u00ed provokace a ur\u00e1\u017eky, p\u0159ivodila stav, kdy se Rusko p\u0159est\u00e1v\u00e1 c\u00edtit zabezpe\u010deno pokud jde o samotnou svoji existenci a nen\u00ed ochotno sn\u00e1\u0161et i nad\u00e1le nap\u011bt\u00ed a nejistotu, vytvo\u0159enou nep\u0159\u00e1telskou politikou USA a NATO. Rusko otev\u0159en\u011b prohl\u00e1silo, \u017ee pokud Z\u00e1pad nebude spolupracovat na odstran\u011bn\u00ed hrozeb rusk\u00e9 bezpe\u010dnosti, odstran\u00ed tyto hrozby s neblah\u00fdmi n\u00e1sledky pro Z\u00e1pad Rusko samo.<\/p>\n<p>Toto je jasn\u00e1 a \u010destn\u00e1 \u0159e\u010d.<\/p>\n<p>Ale nikdo ve Washingtonu a v NATO ji nepop\u0159\u00e1l sluchu.<\/p>\n<p>Victoria Nulandov\u00e1 je \u010f\u00e1belskou neokonzervativn\u00ed v\u00e1le\u010dnou \u0161tv\u00e1\u010dkou, v \u010dem\u017e se ov\u0161em nijak neodli\u0161uje od dal\u0161\u00edch obluzen\u00fdch bl\u00e1zn\u016f ve Washingtonu. USA se nedok\u00e1\u017e\u00ed vypo\u0159\u00e1dat s nejv\u00e1\u017en\u011bj\u0161\u00edm probl\u00e9mem dne\u0161ka, proto\u017ee se staly ob\u011bt\u00ed sv\u00e9 vlastn\u00ed protirusk\u00e9 propagandy. A shora zm\u00edn\u011bn\u00e9 \u00favodn\u00ed pozn\u00e1mky Nulandov\u00e9 nere\u00e1ln\u00fd sv\u011bt, v n\u011bm\u017e tv\u016frci americk\u00e9 politiky \u017eij\u00ed, jen potvrzuje:<\/p>\n<p>N\u00c1M\u011aSTKYN\u011a MINISTRA ZAHRANI\u010c\u00cd NULANDOV\u00c1: <em>D\u011bkuji v\u00e1m, dobr\u00e9 odpoledne v\u0161em.<\/em><\/p>\n<p><em>Tento t\u00fdden je, jak v\u0161ichni v\u00edte, velmi d\u016fle\u017eit\u00fd. Prob\u00edhaj\u00ed t\u0159i d\u00edly diplomatick\u00fdch jedn\u00e1n\u00ed, V\u010dera to byl dialog o americko-rusk\u00e9 strategick\u00e9 stabilit\u011b, z\u00edtra to bude jedn\u00e1n\u00ed Rusk\u00e9 rady a NATO, a ve \u010dtvrtek st\u00e1l\u00e9 zased\u00e1n\u00ed v\u00fdboru Organizace pro bezpe\u010dnost a spolupr\u00e1ci v Evrop\u011b. V\u0161echna tato jedn\u00e1n\u00ed maj\u00ed za c\u00edl vy\u0159e\u0161it cestou diplomacie krizi, kterou Rusko vyvolalo pro Ukrajinu, pro evropskou bezpe\u010dnost a pro glob\u00e1ln\u00ed stabilitu.<\/em><\/p>\n<p><em>Tak\u017ee p\u0159edt\u00edm, ne\u017e se pust\u00edm do diplomatick\u00e9ho merita v\u011bc\u00ed, zopakujme si, jak jsme se sem dostali.<\/em><\/p>\n<p><em>Je to Rusko, kter\u00e9 tuto krizi vytvo\u0159ilo.<\/em><\/p>\n<p><em>Je to Rusko, kter\u00e9 shrom\u00e1\u017edilo 100 000 voj\u00e1k\u016f na hranic\u00edch s Ukrajinou.<\/em><\/p>\n<p><em>Je to Rusko, kter\u00e9 p\u0159ipravilo mezin\u00e1rodn\u00ed sabot\u00e1\u017e, destabilizaci a mo\u017enosti sv\u00e9st na Ukrajinu akce veden\u00e9 pod fale\u0161nou vlajkou.<\/em><\/p>\n<p><em>Je to Rusko, kter\u00e9 chrl\u00ed dezinformace a l\u017ei o Ukrajin\u011b, o Spojen\u00fdch st\u00e1tech a o NATO v z\u00e1jmu toho, aby sv\u00e9 vlastn\u00ed akce ospravedlnilo.<\/em><\/p>\n<p>Tyto i dal\u0161\u00ed pozn\u00e1mky Nulandov\u00e9 p\u0159edstavuj\u00ed bal\u00ed\u010dek l\u017e\u00ed a pokus\u016f vyhnout se podstat\u011b probl\u00e9m\u016f. Probl\u00e9mem nen\u00ed tzv. invaze Ukrajiny. Probl\u00e9mem je, zda Washington uzn\u00e1, \u017ee jeho raketov\u00e9 z\u00e1kladny na Ukrajin\u011b p\u0159edstavuj\u00ed hrozbu pro ruskou bezpe\u010dnost.<\/p>\n<p>Rusko v roce 2014 Ukrajinu nenapadlo. U\u010dinil to Washington, kdy\u017e svrhl demokraticky zvolenou vl\u00e1du a na jej\u00ed m\u00edsto posadil americk\u00fd a v\u016f\u010di Rusku nep\u0159\u00e1telsk\u00fd st\u00e1t. Jedn\u00edm z hlavn\u00edch c\u00edl\u016f washingtonsk\u00e9ho pu\u010de na Ukrajin\u011b bylo zbavit Rusko jeho n\u00e1mo\u0159n\u00ed z\u00e1kladny na \u010cern\u00e9m mo\u0159i, \u010demu\u017e Rusko p\u0159ede\u0161lo p\u0159ijet\u00edm 97 procentn\u00edho kladn\u00e9ho hlasov\u00e1n\u00ed ob\u010dan\u016f Krymu o tom, \u017ee se cht\u011bj\u00ed vr\u00e1tit do Ruska, jeho\u017e sou\u010d\u00e1st\u00ed Krym po t\u0159i stalet\u00ed byl.<\/p>\n<p>Jestli\u017ee n\u00e1m\u011bstkyn\u011b americk\u00e9ho ministra zahrani\u010d\u00ed se c\u00edt\u00ed b\u00fdt bezpe\u010dn\u00e1,\u00a0 kdy\u017e stoj\u00ed nejen p\u0159ed p\u0159ed americk\u00fdmi, ale i p\u0159ed sv\u011btov\u00fdmi m\u00e9di\u00ed a zahrnuje je z\u0159ejm\u00fdmi a do o\u010d\u00ed bij\u00edc\u00edmi l\u017eemi, pak m\u00e1me v ruce neklamn\u00fd d\u016fkaz o tom, \u017ee Washington \u017eije v um\u011bl\u00e9m sv\u011bt\u011b, kter\u00fd si s\u00e1m pro sebe a pro svoji v\u00edru vytvo\u0159il. Tak\u017ee jeho st\u0159et se sv\u011btem skute\u010dn\u00fdm jej bude hodn\u011b bolet.<\/p>\n<p><em>P\u0159eklad: Lubom\u00edr Man<\/em><\/p>\n<p>&nbsp;<\/p>\n","protected":false},"excerpt":{"rendered":"<p>\u00davodn\u00ed pozn\u00e1mky n\u00e1m\u011bstkyn\u011b americk\u00e9ho ministra zahrani\u010d\u00ed Viktorie Nulandov\u00e9, p\u0159ednesen\u00e9 v \u00favodu jej\u00ed p\u0159\u00e1telsk\u00e9 \u201etiskov\u00e9 konference\u201c&#8230;<\/p>\n","protected":false},"author":2,"featured_media":810,"comment_status":"closed","ping_status":"closed","sticky":false,"template":"","format":"standard","meta":[],"categories":[7],"tags":[29,22,37],"_links":{"self":[{"href":"https:\/\/www.infokuryr.cz\/n\/wp-json\/wp\/v2\/posts\/7584"}],"collection":[{"href":"https:\/\/www.infokuryr.cz\/n\/wp-json\/wp\/v2\/posts"}],"about":[{"href":"https:\/\/www.infokuryr.cz\/n\/wp-json\/wp\/v2\/types\/post"}],"author":[{"embeddable":true,"href":"https:\/\/www.infokuryr.cz\/n\/wp-json\/wp\/v2\/users\/2"}],"replies":[{"embeddable":true,"href":"https:\/\/www.infokuryr.cz\/n\/wp-json\/wp\/v2\/comments?post=7584"}],"version-history":[{"count":0,"href":"https:\/\/www.infokuryr.cz\/n\/wp-json\/wp\/v2\/posts\/7584\/revisions"}],"wp:featuredmedia":[{"embeddable":true,"href":"https:\/\/www.infokuryr.cz\/n\/wp-json\/wp\/v2\/media\/810"}],"wp:attachment":[{"href":"https:\/\/www.infokuryr.cz\/n\/wp-json\/wp\/v2\/media?parent=7584"}],"wp:term":[{"taxonomy":"category","embeddable":true,"href":"https:\/\/www.infokuryr.cz\/n\/wp-json\/wp\/v2\/categories?post=7584"},{"taxonomy":"post_tag","embeddable":true,"href":"https:\/\/www.infokuryr.cz\/n\/wp-json\/wp\/v2\/tags?post=7584"}],"curies":[{"name":"wp","href":"https:\/\/api.w.org\/{rel}","templated":true}]}}