{"id":7583,"date":"2022-01-16T05:31:28","date_gmt":"2022-01-16T04:31:28","guid":{"rendered":"http:\/\/www.infokuryr.cz\/n\/?p=7583"},"modified":"2022-01-16T05:31:28","modified_gmt":"2022-01-16T04:31:28","slug":"zemmour-ne-posedlosti-inkluzi-opet-zvlastni-skoly","status":"publish","type":"post","link":"https:\/\/www.infokuryr.cz\/n\/2022\/01\/16\/zemmour-ne-posedlosti-inkluzi-opet-zvlastni-skoly\/","title":{"rendered":"Zemmour: Ne posedlosti inkluz\u00ed, op\u011bt zvl\u00e1\u0161tn\u00ed \u0161koly!"},"content":{"rendered":"<div id=\"fb-root\"><\/div>\n<p>Francouzsk\u00fd prezidentsk\u00fd kandid\u00e1t, Erich Zemmour, opra\u0161uje racion\u00e1ln\u011b-konzervativn\u00ed p\u0159\u00edstupy ve v\u0161ech aspektech. Ve \u010dtvrtek se vyslovil pro opro\u0161t\u011bn\u00ed od posedlosti inkluz\u00ed a znovuzaveden\u00ed zvl\u00e1\u0161tn\u00edch \u0161kol s t\u00edm, aby handicapovan\u00e9 d\u011bti byly op\u011bt l\u00e9pe chr\u00e1n\u011bny a bylo jim zprost\u0159edkov\u00e1v\u00e1no spole\u010denstv\u00ed rovn\u00fdch prot\u011bj\u0161k\u016f.<\/p>\n<p>Zvl\u00e1\u0161tn\u00ed \u0161koly toti\u017e vytv\u00e1\u0159ely pr\u00e1v\u011b ono prost\u0159ed\u00ed rovn\u00fdch p\u0159\u00edle\u017eitost\u00ed, kde i pro handicapovan\u00e9 m\u011blo cenu m\u00edt ambice a sout\u011b\u017eit, drtiv\u00e1 v\u011bt\u0161ina si pak byla schopna nal\u00e9zt zam\u011bstn\u00e1n\u00ed a u\u017eivit se. Naproti tomu inkluze sice stav\u00ed handicapovan\u00e9 do b\u011b\u017en\u00e9ho prost\u0159ed\u00ed,\u00a0\u00a0kde ov\u0161em se svoj\u00ed nezavin\u011bnou nedostate\u010dnost\u00ed oproti druh\u00fdm jsou neust\u00e1le\u00a0 p\u0159\u00edk\u0159e konfrontov\u00e1ni.<\/p>\n<p>Mnoz\u00ed politici, prakticky bez n\u011bjak\u00e9 hlub\u0161\u00ed \u00favahy a porozum\u011bn\u00ed v\u011bci Zemmoura soptiv\u011b\u00a0 odsoudili.<\/p>\n<p><a href=\"https:\/\/francais.rt.com\/france\/94743-segregation-honte-vives-reactions-apres-propos-de-zemmour-sur-eleves-handicapes\">ZDROJ<\/a><\/p>\n<p>&nbsp;<\/p>\n","protected":false},"excerpt":{"rendered":"<p>Francouzsk\u00fd prezidentsk\u00fd kandid\u00e1t, Erich Zemmour, opra\u0161uje racion\u00e1ln\u011b-konzervativn\u00ed p\u0159\u00edstupy ve v\u0161ech aspektech. Ve \u010dtvrtek se vyslovil&#8230;<\/p>\n","protected":false},"author":2,"featured_media":5704,"comment_status":"closed","ping_status":"closed","sticky":false,"template":"","format":"standard","meta":[],"categories":[7],"tags":[130,123,121],"_links":{"self":[{"href":"https:\/\/www.infokuryr.cz\/n\/wp-json\/wp\/v2\/posts\/7583"}],"collection":[{"href":"https:\/\/www.infokuryr.cz\/n\/wp-json\/wp\/v2\/posts"}],"about":[{"href":"https:\/\/www.infokuryr.cz\/n\/wp-json\/wp\/v2\/types\/post"}],"author":[{"embeddable":true,"href":"https:\/\/www.infokuryr.cz\/n\/wp-json\/wp\/v2\/users\/2"}],"replies":[{"embeddable":true,"href":"https:\/\/www.infokuryr.cz\/n\/wp-json\/wp\/v2\/comments?post=7583"}],"version-history":[{"count":0,"href":"https:\/\/www.infokuryr.cz\/n\/wp-json\/wp\/v2\/posts\/7583\/revisions"}],"wp:featuredmedia":[{"embeddable":true,"href":"https:\/\/www.infokuryr.cz\/n\/wp-json\/wp\/v2\/media\/5704"}],"wp:attachment":[{"href":"https:\/\/www.infokuryr.cz\/n\/wp-json\/wp\/v2\/media?parent=7583"}],"wp:term":[{"taxonomy":"category","embeddable":true,"href":"https:\/\/www.infokuryr.cz\/n\/wp-json\/wp\/v2\/categories?post=7583"},{"taxonomy":"post_tag","embeddable":true,"href":"https:\/\/www.infokuryr.cz\/n\/wp-json\/wp\/v2\/tags?post=7583"}],"curies":[{"name":"wp","href":"https:\/\/api.w.org\/{rel}","templated":true}]}}