{"id":75821,"date":"2025-04-07T06:02:05","date_gmt":"2025-04-07T04:02:05","guid":{"rendered":"https:\/\/www.infokuryr.cz\/n\/?p=75821"},"modified":"2025-04-07T06:02:05","modified_gmt":"2025-04-07T04:02:05","slug":"babicky-proti-pravici-fyzicky-napadaji-politicke-oponenty-plati-je-nemecky-stat","status":"publish","type":"post","link":"https:\/\/www.infokuryr.cz\/n\/2025\/04\/07\/babicky-proti-pravici-fyzicky-napadaji-politicke-oponenty-plati-je-nemecky-stat\/","title":{"rendered":"\u201eBabi\u010dky proti pravici\u201c fyzicky napadaj\u00ed politick\u00e9 oponenty. Plat\u00ed je n\u011bmeck\u00fd st\u00e1t\u2026"},"content":{"rendered":"<div id=\"fb-root\"><\/div>\n<p>V N\u011bmecku p\u0159ed \u010dasem vznikla \u201espont\u00e1nn\u011b\u201c skupina aktivistek, kter\u00e9 si \u0159\u00edkaj\u00ed \u201eBabi\u010dky proti pravici\u201c, placen\u00e1 st\u00e1tem, kter\u00e1 bojuje proti v\u0161em vlasteneck\u00fdm voli\u010d\u016fm, skupin\u00e1m a stran\u00e1m.\u00a0<strong>Nejedn\u00e1 se jen o boj ideologick\u00fd, ale i fyzick\u00fd. \u201eBabi\u010dky proti pravici\u201c za\u010daly fyzicky napadat b\u00edl\u00e9 N\u011bmce, kte\u0159\u00ed demonstruj\u00ed a ve\u0159ejn\u011b vystupuj\u00ed proti cenzu\u0159e a po\u017eaduj\u00ed svobodu a pr\u00e1vn\u00ed st\u00e1t.<\/strong><\/p>\n<p>Ned\u00e1vno se o tom mohli na vlastn\u00ed k\u016f\u017ei p\u0159esv\u011bd\u010dit jist\u00fd\u00a0<a href=\"https:\/\/jungefreiheit.de\/politik\/deutschland\/2025\/als-die-oma-gegen-rechts-aggressiv-wird-muss-die-polizei-eingreifen\/\">p\u00e1n v Norimberku<\/a>, kter\u00fd vyrazil na demonstraci s plak\u00e1tem \u201eza demokracii a pr\u00e1vn\u00ed st\u00e1t \u2013 uznejte v\u016fli voli\u010d\u016f\u201c.\u00a0<strong>Jedna z \u201ebabi\u010dek\u201c ho fyzicky napadla a\u017e j\u00ed musela zadr\u017eet policie pro ubl\u00ed\u017een\u00ed na zdrav\u00ed.<\/strong><\/p>\n<p><strong>Pochopiteln\u011b se j\u00ed nic nestane, to je jasn\u00e9. Pokud to \u010dten\u00e1\u0159\u016fm p\u0159ipom\u00edn\u00e1 atmosf\u00e9ru ve 30. letech, kdy ulice ovl\u00e1daly bandy nacistick\u00fdch n\u00e1siln\u00edk\u016f, tak se nem\u00fdl\u00ed. V Evrop\u011b je rychle nastolov\u00e1n l\u017eido-nacismus, kter\u00fd m\u00e1 nastolit vl\u00e1du glob\u00e1ln\u00ed l\u017eidokratick\u00e9 oligarchie.<\/strong><\/p>\n<p><a href=\"https:\/\/ceskavec.com\/2025\/04\/babicky-proti-pravici-fyzicky-napadaji-politicke-oponenty-plati-je-nemecky-stat\">Aron G.<\/a><\/p>\n<p>&nbsp;<\/p>\n","protected":false},"excerpt":{"rendered":"<p>V N\u011bmecku p\u0159ed \u010dasem vznikla \u201espont\u00e1nn\u011b\u201c skupina aktivistek, kter\u00e9 si \u0159\u00edkaj\u00ed \u201eBabi\u010dky proti pravici\u201c, placen\u00e1&#8230;<\/p>\n","protected":false},"author":2,"featured_media":75822,"comment_status":"closed","ping_status":"closed","sticky":false,"template":"","format":"standard","meta":[],"categories":[7],"tags":[8851,84,3321,1863],"_links":{"self":[{"href":"https:\/\/www.infokuryr.cz\/n\/wp-json\/wp\/v2\/posts\/75821"}],"collection":[{"href":"https:\/\/www.infokuryr.cz\/n\/wp-json\/wp\/v2\/posts"}],"about":[{"href":"https:\/\/www.infokuryr.cz\/n\/wp-json\/wp\/v2\/types\/post"}],"author":[{"embeddable":true,"href":"https:\/\/www.infokuryr.cz\/n\/wp-json\/wp\/v2\/users\/2"}],"replies":[{"embeddable":true,"href":"https:\/\/www.infokuryr.cz\/n\/wp-json\/wp\/v2\/comments?post=75821"}],"version-history":[{"count":0,"href":"https:\/\/www.infokuryr.cz\/n\/wp-json\/wp\/v2\/posts\/75821\/revisions"}],"wp:featuredmedia":[{"embeddable":true,"href":"https:\/\/www.infokuryr.cz\/n\/wp-json\/wp\/v2\/media\/75822"}],"wp:attachment":[{"href":"https:\/\/www.infokuryr.cz\/n\/wp-json\/wp\/v2\/media?parent=75821"}],"wp:term":[{"taxonomy":"category","embeddable":true,"href":"https:\/\/www.infokuryr.cz\/n\/wp-json\/wp\/v2\/categories?post=75821"},{"taxonomy":"post_tag","embeddable":true,"href":"https:\/\/www.infokuryr.cz\/n\/wp-json\/wp\/v2\/tags?post=75821"}],"curies":[{"name":"wp","href":"https:\/\/api.w.org\/{rel}","templated":true}]}}