{"id":75778,"date":"2025-04-07T00:17:35","date_gmt":"2025-04-06T22:17:35","guid":{"rendered":"https:\/\/www.infokuryr.cz\/n\/?p=75778"},"modified":"2025-04-06T17:02:07","modified_gmt":"2025-04-06T15:02:07","slug":"vlamsky-poslanec-90-afghanskych-muzu-podporuje-sariu-nenavidi-zeny-zidy-a-gaye-proc-je-poustime-k-nam","status":"publish","type":"post","link":"https:\/\/www.infokuryr.cz\/n\/2025\/04\/07\/vlamsky-poslanec-90-afghanskych-muzu-podporuje-sariu-nenavidi-zeny-zidy-a-gaye-proc-je-poustime-k-nam\/","title":{"rendered":"Vl\u00e1msk\u00fd poslanec: \u201e90 % afgh\u00e1nsk\u00fdch mu\u017e\u016f podporuje \u0161ar\u00edu \u2013 nen\u00e1vid\u00ed \u017eeny, \u017didy a gaye \u2013 pro\u010d je pou\u0161t\u00edme k n\u00e1m?\u201c"},"content":{"rendered":"<div id=\"fb-root\"><\/div>\n<p>Sam van Rooy z Vlaams Belang \u2013 v\u016fd\u010d\u00ed postava jedn\u00e9 z m\u00e1la stran v Belgii, kter\u00e1 \u010del\u00ed isl\u00e1msk\u00e9 migra\u010dn\u00ed krizi p\u0159\u00edmo \u2013 ve sv\u00e9m vyst\u0159\u00edzliv\u011bn\u00ed pronesl p\u0159\u00edmou pravdu, kterou se v\u011bt\u0161ina z\u00e1padn\u00edch politik\u016f neodva\u017euje vyslovit.<\/p>\n<p>Masov\u00fd dovoz afgh\u00e1nsk\u00fdch mu\u017e\u016f \u2013 z nich\u017e v\u011bt\u0161ina podporuje \u0161ar\u00edu \u2013 znamen\u00e1 katastrofu pro \u017eeny, \u017didy a gaye v belgick\u00e9 spole\u010dnosti.<\/p>\n<p><em>&#8222;Pokud pust\u00edte 100 mu\u017e\u016f z Afgh\u00e1nist\u00e1nu&#8230; a z v\u00fdzkumu v\u00edte, \u017ee 90 % mu\u017e\u016f v Afgh\u00e1nist\u00e1nu podporuje \u0161ar\u00edu&#8230; no, m\u016f\u017eete si to spo\u010d\u00edtat,&#8220; \u0159\u00edk\u00e1 van Rooy. &#8222;Pak si uv\u011bdom\u00edte, \u017ee 90 z t\u011bch 100 afgh\u00e1nsk\u00fdch mu\u017e\u016f&#8230; se do va\u0161\u00ed spole\u010dnosti v\u016fbec nehod\u00ed.&#8220;<\/em><\/p>\n<p>Van Rooy d\u00e1le popisuje znepokojiv\u00e9 d\u016fsledky importu mu\u017e\u016f, kte\u0159\u00ed maj\u00ed hluboce zako\u0159en\u011bn\u00e9, protiz\u00e1padn\u00ed a nad\u0159azen\u00e9 n\u00e1zory \u2013 nep\u0159\u00e1telsk\u00e9 k pr\u00e1v\u016fm \u017een, \u017did\u016fm, odpadl\u00edk\u016fm a komukoli, kdo se nepod\u0159\u00edd\u00ed isl\u00e1msk\u00fdm norm\u00e1m. Poznamen\u00e1v\u00e1, \u017ee tyto ideologie nez\u016fst\u00e1vaj\u00ed uzav\u0159eny v azylov\u00fdch st\u0159edisc\u00edch, ale \u0161\u00ed\u0159\u00ed se po belgick\u00fdch \u010dtvrt\u00edch, \u010d\u00edm\u017e ohro\u017euj\u00ed spole\u010denskou soudr\u017enost a liber\u00e1ln\u011b demokratick\u00e9 hodnoty.<\/p>\n<p><em>\u201eTo jsou t\u0159i skupiny, kter\u00e9 v\u00fdslovn\u011b zmi\u0148uji jako prvn\u00ed \u2013 \u017eeny, \u017did\u00e9 a homosexu\u00e1lov\u00e9,\u201c uv\u00e1d\u00ed van Rooy. &#8222;Proto\u017ee nakonec je ka\u017ed\u00fd ob\u011bt\u00ed islamizace, kdy\u017e k n\u00ed dojde v jeho vlastn\u00edm obytn\u00e9m prost\u0159ed\u00ed.&#8220;<\/em><\/p>\n<p>&nbsp;<\/p>\n<div id=\"rumble_v6oz1sy\">\n<div id=\"vid_v6oz1sy\" class=\"rumble_v6oz1sy-Rumble-cls\" tabindex=\"-1\">\n<div>\n<div class=\"bigPlayUI ctp\">\n<div class=\"bigPlayUIInner ctp\"><div class='videoWrapper'>\r\n\t            <iframe src='https:\/\/rumble.com\/embed\/pj.v6oz1sy\/' frameborder='0' allowfullscreen><\/iframe>\r\n\t        <\/div><\/div>\n<\/div>\n<\/div>\n<\/div>\n<\/div>\n<p>&nbsp;<\/p>\n<p>Tento druh p\u0159\u00edm\u00e9 r\u00e9toriky zalo\u017een\u00e9 na faktech je ve v\u011bt\u0161in\u011b hlavn\u00edho politick\u00e9ho proudu z\u00e1padn\u00ed Evropy prakticky zak\u00e1z\u00e1n, ale van Rooyovo varov\u00e1n\u00ed je zalo\u017eeno na realit\u011b a demografick\u00fdch datech. Jeho strana, Vlaams Belang, nad\u00e1le vyvol\u00e1v\u00e1 poplach kv\u016fli tomu, co pova\u017euje za z\u00e1m\u011brnou politiku rozkladu spole\u010dnosti prost\u0159ednictv\u00edm nekontrolovan\u00e9 isl\u00e1msk\u00e9 imigrace.<\/p>\n<p><img decoding=\"async\" loading=\"lazy\" class=\"alignnone size-full wp-image-71983\" src=\"http:\/\/www.infokuryr.cz\/n\/wp-content\/uploads\/2025\/02\/aaa.jpg\" alt=\"\" width=\"89\" height=\"23\" \/><\/p>\n<p>&nbsp;<\/p>\n","protected":false},"excerpt":{"rendered":"<p>Sam van Rooy z Vlaams Belang \u2013 v\u016fd\u010d\u00ed postava jedn\u00e9 z m\u00e1la stran v Belgii,&#8230;<\/p>\n","protected":false},"author":2,"featured_media":51952,"comment_status":"closed","ping_status":"closed","sticky":false,"template":"","format":"standard","meta":[],"categories":[7],"tags":[1049,8846,428,538],"_links":{"self":[{"href":"https:\/\/www.infokuryr.cz\/n\/wp-json\/wp\/v2\/posts\/75778"}],"collection":[{"href":"https:\/\/www.infokuryr.cz\/n\/wp-json\/wp\/v2\/posts"}],"about":[{"href":"https:\/\/www.infokuryr.cz\/n\/wp-json\/wp\/v2\/types\/post"}],"author":[{"embeddable":true,"href":"https:\/\/www.infokuryr.cz\/n\/wp-json\/wp\/v2\/users\/2"}],"replies":[{"embeddable":true,"href":"https:\/\/www.infokuryr.cz\/n\/wp-json\/wp\/v2\/comments?post=75778"}],"version-history":[{"count":1,"href":"https:\/\/www.infokuryr.cz\/n\/wp-json\/wp\/v2\/posts\/75778\/revisions"}],"predecessor-version":[{"id":75779,"href":"https:\/\/www.infokuryr.cz\/n\/wp-json\/wp\/v2\/posts\/75778\/revisions\/75779"}],"wp:featuredmedia":[{"embeddable":true,"href":"https:\/\/www.infokuryr.cz\/n\/wp-json\/wp\/v2\/media\/51952"}],"wp:attachment":[{"href":"https:\/\/www.infokuryr.cz\/n\/wp-json\/wp\/v2\/media?parent=75778"}],"wp:term":[{"taxonomy":"category","embeddable":true,"href":"https:\/\/www.infokuryr.cz\/n\/wp-json\/wp\/v2\/categories?post=75778"},{"taxonomy":"post_tag","embeddable":true,"href":"https:\/\/www.infokuryr.cz\/n\/wp-json\/wp\/v2\/tags?post=75778"}],"curies":[{"name":"wp","href":"https:\/\/api.w.org\/{rel}","templated":true}]}}