{"id":75771,"date":"2025-04-07T00:12:58","date_gmt":"2025-04-06T22:12:58","guid":{"rendered":"https:\/\/www.infokuryr.cz\/n\/?p=75771"},"modified":"2025-04-06T17:37:21","modified_gmt":"2025-04-06T15:37:21","slug":"nemecky-trh-prace-deindustrializace-se-prosazuje","status":"publish","type":"post","link":"https:\/\/www.infokuryr.cz\/n\/2025\/04\/07\/nemecky-trh-prace-deindustrializace-se-prosazuje\/","title":{"rendered":"N\u011bmeck\u00fd trh pr\u00e1ce: deindustrializace se prosazuje"},"content":{"rendered":"<div id=\"fb-root\"><\/div>\n<p><strong>Aktu\u00e1ln\u00ed \u00fadaje Spolkov\u00e9ho \u00fa\u0159adu pr\u00e1ce ukazuj\u00ed jasnou struktur\u00e1ln\u00ed zm\u011bnu na n\u011bmeck\u00e9m trhu pr\u00e1ce. Proto\u017ee st\u00e1le v\u00edce pracovn\u00edch m\u00edst v pr\u016fmyslu zanik\u00e1, zat\u00edmco pracovn\u00edch m\u00edst ve vl\u00e1d\u011b a slu\u017eb\u00e1ch p\u0159ib\u00fdv\u00e1. Redistribuce m\u00edsto r\u016fstu.<\/strong><\/p>\n<p>Ofici\u00e1ln\u00ed m\u00edra nezam\u011bstnanosti v N\u011bmecku se t\u00e9m\u011b\u0159 neh\u00fdbe.\u00a0<a href=\"https:\/\/statistik.arbeitsagentur.de\/DE\/Navigation\/Statistiken\/Fachstatistiken\/Arbeitsuche-Arbeitslosigkeit-Unterbeschaeftigung\/Aktuelle-Eckwerte-Nav.html\">Podle Spolkov\u00e9ho \u00fa\u0159adu pr\u00e1ce<\/a>\u00a0z\u016fst\u00e1v\u00e1\u00a0na 6,4 procenta. V b\u0159eznu do\u0161lo k poklesu o 22 000 nezam\u011bstnan\u00fdch oproti \u00fanoru, ale po sez\u00f3nn\u00edm o\u010di\u0161t\u011bn\u00ed do\u0161lo k n\u00e1r\u016fstu o 26 000 nezam\u011bstnan\u00fdch. Ve srovn\u00e1n\u00ed s p\u0159edchoz\u00edm m\u011bs\u00edcem do\u0161lo v b\u0159eznu tak\u00e9 k n\u00e1r\u016fstu podzam\u011bstnanosti bez zkr\u00e1cen\u00fdch \u00favazk\u016f o 13 tis\u00edc. Pokud jde o nezam\u011bstnanost a podzam\u011bstnanost, jsme zp\u011bt na \u00farovni let Corony.<\/p>\n<p>Zjednodu\u0161en\u00e9 statistiky jsou ale zav\u00e1d\u011bj\u00edc\u00ed. Teprve kdy\u017e se pono\u0159\u00edte trochu hloub\u011bji, je struktur\u00e1ln\u00ed zm\u011bna v n\u011bmeck\u00e9 ekonomice viditeln\u00e1. \u00dadaje\u00a0<a href=\"https:\/\/statistik.arbeitsagentur.de\/Statistikdaten\/Detail\/202503\/arbeitsmarktberichte\/monatsbericht-monatsbericht\/monatsbericht-d-0-202503-pdf.pdf?__blob=publicationFile&amp;v=1\">za leden<\/a>\u00a0(aktu\u00e1ln\u011bj\u0161\u00ed \u00fadaje zat\u00edm nejsou k dispozici) ukazuj\u00ed meziro\u010dn\u00ed n\u00e1r\u016fst o 61 000 pracovn\u00edch m\u00edst ve zdravotnictv\u00ed, n\u00e1r\u016fst o 59 000 v oblasti pe\u010dovatelsk\u00fdch a soci\u00e1ln\u00edch slu\u017eeb, n\u00e1r\u016fst o 59 000 ve ve\u0159ejn\u00e9 spr\u00e1v\u011b (st\u00e1tn\u00ed slu\u017eba) a (vlivem imigrace) n\u00e1r\u016fst o 26 000 v oblasti \u0161kolstv\u00ed a \u0161kolstv\u00ed.<\/p>\n<p>V\u00fdrobn\u00ed sektor p\u0159itom zaznamenal ztr\u00e1tu 121 000 pracovn\u00edch m\u00edst (z toho 85 000 v kovopr\u016fmyslu, elektrotechnick\u00e9m a ocel\u00e1\u0159sk\u00e9m pr\u016fmyslu) a o 24 000 pracovn\u00edch m\u00edst m\u00e9n\u011b vyk\u00e1zalo tak\u00e9 stavebnictv\u00ed. V\u0161echny oblasti, ve kter\u00fdch je dosahov\u00e1no skute\u010dn\u00e9 ekonomick\u00e9 p\u0159idan\u00e9 hodnoty.<\/p>\n<p>Pro p\u0159edstavu: na konci roku 2023 bylo ve v\u00fdrobn\u00edm sektoru v N\u011bmecku zam\u011bstn\u00e1no asi 5,6 milionu lid\u00ed, z toho asi 3,9 milionu v kovopr\u016fmyslu a elektrotechnick\u00e9m pr\u016fmyslu. To je ztr\u00e1ta zhruba dvou procent zam\u011bstnanc\u016f b\u011bhem jednoho roku. Kdy\u017e uv\u00e1\u017e\u00edte, \u017ee je tak\u00e9 o 77 000 lid\u00ed m\u00e9n\u011b v do\u010dasn\u00e9m zam\u011bstn\u00e1n\u00ed (do\u010dasn\u00e9 pr\u00e1ci).<\/p>\n<p>Uv\u00e1\u017e\u00edte-li, \u017ee v t\u00e9to oblasti je zam\u011bstn\u00e1na p\u0159ibli\u017en\u011b t\u0159etina v\u0161ech do\u010dasn\u00fdch pracovn\u00edk\u016f a \u017ee se v\u00fdrobn\u00ed podniky t\u011bchto pracovn\u00edk\u016f zbav\u00ed d\u0159\u00edve, ne\u017e budou posti\u017eeni st\u00e1l\u00ed pracovn\u00edci, lze vzhledem k obecn\u00fdm trend\u016fm zam\u011bstnanosti tak\u00e9 p\u0159edpokl\u00e1dat, \u017ee z t\u011bchto 77 000 do\u010dasn\u00fdch pracovn\u00edk\u016f je posti\u017eeno nejm\u00e9n\u011b 50 000 z tohoto hospod\u00e1\u0159sk\u00e9ho odv\u011btv\u00ed. Ale pak u\u017e jsme na zhruba t\u0159ech procentech sn\u00ed\u017een\u00ed po\u010dtu zam\u011bstnanc\u016f ve v\u00fdrobn\u00edm sektoru.<\/p>\n<p>A co v\u00edc, existuje trend, kdy miz\u00ed dob\u0159e placen\u00e1 pr\u016fmyslov\u00e1 pracovn\u00ed m\u00edsta a st\u00e1le v\u00edce lid\u00ed p\u0159ech\u00e1z\u00ed na vl\u00e1dn\u00ed a polovl\u00e1dn\u00ed m\u00edsta. Nebezpe\u010dn\u00fd vztah z\u00e1vislosti a tak\u00e9 kritick\u00e1 situace pro ekonomiku jako celek. Proto\u017ee zat\u00edmco z\u00e1kladna soukrom\u00e9ho sektoru se hrout\u00ed (a s t\u00edm i dan\u011b a cla), tato nov\u00e1 st\u00e1tn\u00ed a polost\u00e1tn\u00ed pracovn\u00ed m\u00edsta tak\u00e9 zp\u016fsobuj\u00ed dodate\u010dn\u00e9 n\u00e1klady.<\/p>\n<p>A co v\u00edc, ztr\u00e1ta v\u00fdroby soukrom\u00e9ho zbo\u017e\u00ed ohro\u017euje postupn\u00e9 soci\u00e1ln\u00ed zb\u00edda\u010dov\u00e1n\u00ed. Nam\u00edsto vytv\u00e1\u0159en\u00ed p\u0159idan\u00e9 hodnoty m\u00e1 tento v\u00fdvoj za n\u00e1sledek pouze v\u011bt\u0161\u00ed p\u0159erozd\u011blov\u00e1n\u00ed st\u00e1le vz\u00e1cn\u011bj\u0161\u00edch finan\u010dn\u00edch a ekonomick\u00fdch zdroj\u016f.<\/p>\n<p><img decoding=\"async\" loading=\"lazy\" class=\"alignnone size-full wp-image-71983\" src=\"http:\/\/www.infokuryr.cz\/n\/wp-content\/uploads\/2025\/02\/aaa.jpg\" alt=\"\" width=\"89\" height=\"23\" \/><\/p>\n<p>&nbsp;<\/p>\n","protected":false},"excerpt":{"rendered":"<p>Aktu\u00e1ln\u00ed \u00fadaje Spolkov\u00e9ho \u00fa\u0159adu pr\u00e1ce ukazuj\u00ed jasnou struktur\u00e1ln\u00ed zm\u011bnu na n\u011bmeck\u00e9m trhu pr\u00e1ce. Proto\u017ee st\u00e1le&#8230;<\/p>\n","protected":false},"author":2,"featured_media":75772,"comment_status":"closed","ping_status":"closed","sticky":false,"template":"","format":"standard","meta":[],"categories":[7],"tags":[1042,84,2109],"_links":{"self":[{"href":"https:\/\/www.infokuryr.cz\/n\/wp-json\/wp\/v2\/posts\/75771"}],"collection":[{"href":"https:\/\/www.infokuryr.cz\/n\/wp-json\/wp\/v2\/posts"}],"about":[{"href":"https:\/\/www.infokuryr.cz\/n\/wp-json\/wp\/v2\/types\/post"}],"author":[{"embeddable":true,"href":"https:\/\/www.infokuryr.cz\/n\/wp-json\/wp\/v2\/users\/2"}],"replies":[{"embeddable":true,"href":"https:\/\/www.infokuryr.cz\/n\/wp-json\/wp\/v2\/comments?post=75771"}],"version-history":[{"count":0,"href":"https:\/\/www.infokuryr.cz\/n\/wp-json\/wp\/v2\/posts\/75771\/revisions"}],"wp:featuredmedia":[{"embeddable":true,"href":"https:\/\/www.infokuryr.cz\/n\/wp-json\/wp\/v2\/media\/75772"}],"wp:attachment":[{"href":"https:\/\/www.infokuryr.cz\/n\/wp-json\/wp\/v2\/media?parent=75771"}],"wp:term":[{"taxonomy":"category","embeddable":true,"href":"https:\/\/www.infokuryr.cz\/n\/wp-json\/wp\/v2\/categories?post=75771"},{"taxonomy":"post_tag","embeddable":true,"href":"https:\/\/www.infokuryr.cz\/n\/wp-json\/wp\/v2\/tags?post=75771"}],"curies":[{"name":"wp","href":"https:\/\/api.w.org\/{rel}","templated":true}]}}