{"id":75766,"date":"2025-04-06T05:59:44","date_gmt":"2025-04-06T03:59:44","guid":{"rendered":"https:\/\/www.infokuryr.cz\/n\/?p=75766"},"modified":"2025-04-06T05:59:44","modified_gmt":"2025-04-06T03:59:44","slug":"v-usa-zemrelo-za-tyden-kvuli-hurikanum-a-zaplavam-nejmene-12-lidi","status":"publish","type":"post","link":"https:\/\/www.infokuryr.cz\/n\/2025\/04\/06\/v-usa-zemrelo-za-tyden-kvuli-hurikanum-a-zaplavam-nejmene-12-lidi\/","title":{"rendered":"V USA zem\u0159elo za t\u00fdden kv\u016fli hurik\u00e1n\u016fm a z\u00e1plav\u00e1m nejm\u00e9n\u011b 12 lid\u00ed"},"content":{"rendered":"<div id=\"fb-root\"><\/div>\n<p class=\"lead\"><strong>Nejm\u00e9n\u011b 12 lid\u00ed zem\u0159elo kv\u016fli rychle se zhor\u0161uj\u00edc\u00edmu po\u010das\u00ed ve Spojen\u00fdch st\u00e1tech. ABC News o tom informovalo 5. dubna.<\/strong><\/p>\n<p><em>\u201eOd st\u0159edy (2. dubna) zem\u0159elo p\u0159i vypuknut\u00ed nep\u0159\u00edzniv\u00e9ho po\u010das\u00ed nejm\u00e9n\u011b 12 lid\u00ed, v\u010detn\u011b 9let\u00e9ho chlapce v Kentucky, kter\u00fd byl smeten p\u0159i ch\u016fzi na autobusovou zast\u00e1vku, a n\u011bkolik lid\u00ed zem\u0159elo v jihoz\u00e1padn\u00edm Tennessee pot\u00e9, co Selmer zas\u00e1hlo siln\u00e9 torn\u00e1do EF-3.<span class=\"after-quote\"> &#8211; uv\u00e1d\u00ed materi\u00e1l.<\/span><\/em><\/p>\n<p><span>V sou\u010dasn\u00e9 dob\u011b st\u00e1le hroz\u00ed siln\u00e9 z\u00e1plavy ve st\u00e1t\u011b Memphis a tak\u00e9 vysok\u00e9 riziko torn\u00e1d v Texasu.<\/span><\/p>\n<p><em>&#8222;Celkem bylo ob\u011bt\u00ed p\u011bt lid\u00ed v Tennessee, t\u0159i lid\u00e9 v Missouri, dva lid\u00e9 v Kentucky a jeden \u010dlov\u011bk ka\u017ed\u00fd v Indian\u011b a Arkansasu,&#8220;<span class=\"after-quote\"> &#8211; shrnuje ABC News.<\/span><\/em><\/p>\n<p><span>29. b\u0159ezna zem\u0159eli \u010dty\u0159i lid\u00e9 v d\u016fsledku z\u00e1plav pod\u00e9l americko-mexick\u00e9 hranice. Bou\u0159e \u00fadajn\u011b spadlo v\u00edce ne\u017e 21,5 palce (54,6 cm) de\u0161t\u011b, tak\u017ee cel\u00e9 oblasti byly zaplaveny a odvod\u0148ovac\u00ed syst\u00e9my si prost\u011b nedok\u00e1zaly poradit.<\/span><\/p>\n<p><span>16. b\u0159ezna vy\u0161lo najevo, \u017ee v d\u016fsledku bou\u0159\u00ed na jihu a st\u0159edoz\u00e1pad\u011b Spojen\u00fdch st\u00e1t\u016f zem\u0159elo nejm\u00e9n\u011b 36 lid\u00ed. Tak\u00e9 kv\u016fli siln\u00fdm torn\u00e1d\u016fm bylo po\u0161kozeno mnoho dom\u016f a aut, vzpom\u00edn\u00e1 Izvestija.<\/span><\/p>\n<p><img decoding=\"async\" loading=\"lazy\" class=\"alignnone size-full wp-image-71983\" src=\"http:\/\/www.infokuryr.cz\/n\/wp-content\/uploads\/2025\/02\/aaa.jpg\" alt=\"\" width=\"89\" height=\"23\" \/><\/p>\n<p>&nbsp;<\/p>\n","protected":false},"excerpt":{"rendered":"<p>Nejm\u00e9n\u011b 12 lid\u00ed zem\u0159elo kv\u016fli rychle se zhor\u0161uj\u00edc\u00edmu po\u010das\u00ed ve Spojen\u00fdch st\u00e1tech. ABC News o&#8230;<\/p>\n","protected":false},"author":2,"featured_media":75767,"comment_status":"closed","ping_status":"closed","sticky":false,"template":"","format":"standard","meta":[],"categories":[7],"tags":[3438,871,37,4772],"_links":{"self":[{"href":"https:\/\/www.infokuryr.cz\/n\/wp-json\/wp\/v2\/posts\/75766"}],"collection":[{"href":"https:\/\/www.infokuryr.cz\/n\/wp-json\/wp\/v2\/posts"}],"about":[{"href":"https:\/\/www.infokuryr.cz\/n\/wp-json\/wp\/v2\/types\/post"}],"author":[{"embeddable":true,"href":"https:\/\/www.infokuryr.cz\/n\/wp-json\/wp\/v2\/users\/2"}],"replies":[{"embeddable":true,"href":"https:\/\/www.infokuryr.cz\/n\/wp-json\/wp\/v2\/comments?post=75766"}],"version-history":[{"count":0,"href":"https:\/\/www.infokuryr.cz\/n\/wp-json\/wp\/v2\/posts\/75766\/revisions"}],"wp:featuredmedia":[{"embeddable":true,"href":"https:\/\/www.infokuryr.cz\/n\/wp-json\/wp\/v2\/media\/75767"}],"wp:attachment":[{"href":"https:\/\/www.infokuryr.cz\/n\/wp-json\/wp\/v2\/media?parent=75766"}],"wp:term":[{"taxonomy":"category","embeddable":true,"href":"https:\/\/www.infokuryr.cz\/n\/wp-json\/wp\/v2\/categories?post=75766"},{"taxonomy":"post_tag","embeddable":true,"href":"https:\/\/www.infokuryr.cz\/n\/wp-json\/wp\/v2\/tags?post=75766"}],"curies":[{"name":"wp","href":"https:\/\/api.w.org\/{rel}","templated":true}]}}