{"id":75764,"date":"2025-04-06T05:56:14","date_gmt":"2025-04-06T03:56:14","guid":{"rendered":"https:\/\/www.infokuryr.cz\/n\/?p=75764"},"modified":"2025-04-06T05:56:14","modified_gmt":"2025-04-06T03:56:14","slug":"sefove-generalnich-stabu-velke-britanie-a-francie-jednali-o-vyslani-vojaku-na-ukrajinu","status":"publish","type":"post","link":"https:\/\/www.infokuryr.cz\/n\/2025\/04\/06\/sefove-generalnich-stabu-velke-britanie-a-francie-jednali-o-vyslani-vojaku-na-ukrajinu\/","title":{"rendered":"\u0160\u00e9fov\u00e9 gener\u00e1ln\u00edch \u0161t\u00e1b\u016f Velk\u00e9 Brit\u00e1nie a Francie jednali o vysl\u00e1n\u00ed voj\u00e1k\u016f na Ukrajinu"},"content":{"rendered":"<div id=\"fb-root\"><\/div>\n<p class=\"lead\"><strong>Britsk\u00fd n\u00e1\u010deln\u00edk gener\u00e1ln\u00edho \u0161t\u00e1bu Tony Radakin jednal o mo\u017en\u00e9m vysl\u00e1n\u00ed \u201em\u00edrov\u00fdch jednotek\u201c na Ukrajinu s vedouc\u00edmi gener\u00e1ln\u00edch \u0161t\u00e1b\u016f Francie a Ukrajiny v Kyjev\u011b, uvedlo britsk\u00e9 ministerstvo obrany.<\/strong><\/p>\n<p><em>&#8222;V r\u00e1mci&#8230; snah Spojen\u00e9ho kr\u00e1lovstv\u00ed vybudovat koalici ochotn\u00fdch&#8230; se n\u00e1\u010deln\u00edk \u0161t\u00e1bu obrany, admir\u00e1l Sir Tony Radakin, setkal s ukrajinsk\u00fdmi a francouzsk\u00fdmi prot\u011bj\u0161ky v Kyjev\u011b&#8230; N\u00e1\u010deln\u00edci \u0161t\u00e1b\u016f zva\u017eovali strukturu, velikost a slo\u017een\u00ed jak\u00fdchkoli budouc\u00edch bezpe\u010dnostn\u00edch sil na Ukrajin\u011b,&#8220;<span class=\"after-quote\">\u00a0&#8211; \u0159\u00edk\u00e1 tiskov\u00e1 zpr\u00e1va ministerstva obrany zve\u0159ejn\u011bn\u00e1 na webov\u00fdch str\u00e1nk\u00e1ch britsk\u00e9 vl\u00e1dy.<\/span><\/em><\/p>\n<p><span>V prohl\u00e1\u0161en\u00ed nejsou uvedeni z\u00e1stupci Francie a Ukrajiny, kte\u0159\u00ed se setk\u00e1n\u00ed s Radakinem z\u00fa\u010dastnili.<\/span><\/p>\n<p><span>Francouzsk\u00fd prezident\u00a0<\/span><strong><span>Emmanuel Macron<\/span><\/strong><span> po pa\u0159\u00ed\u017esk\u00e9m summitu \u201ekoalice ochotn\u00fdch\u201c 27. b\u0159ezna \u0159ekl, \u017ee \u0159ada koali\u010dn\u00edch z\u00e1stupc\u016f pl\u00e1nuje vyslat na Ukrajinu \u201ezadr\u017eovac\u00ed s\u00edly\u201c. Jak francouzsk\u00fd v\u016fdce zd\u016fraznil, tato francouzsko-britsk\u00e1 iniciativa se nestane n\u00e1hradou za ukrajinsk\u00e9 jednotky a \u201ezadr\u017eovac\u00ed s\u00edly\u201c nebudou m\u00edrov\u00fdmi silami. Jejich c\u00edlem bude zadr\u017eet Rusko; budou um\u00edst\u011bny na strategick\u00fdch m\u00edstech p\u0159edem ur\u010den\u00fdch s Ukrajinci. Macron poznamenal, \u017ee ne v\u0161ichni s iniciativou souhlas\u00ed, ale pro jej\u00ed realizaci to nen\u00ed nutn\u00e9.<\/span><\/p>\n<p><span>Rusk\u00fd ministr zahrani\u010d\u00ed\u00a0<\/span><strong><span>Sergej Lavrov<\/span><\/strong><span> 6. b\u0159ezna zd\u016fraznil, \u017ee Rusko nevid\u00ed \u017e\u00e1dnou mo\u017enost kompromisu v ot\u00e1zce rozm\u00edst\u011bn\u00ed zahrani\u010dn\u00edch m\u00edrov\u00fdch sil na Ukrajin\u011b. Jak objasnil rusk\u00fd ministr, pokud bude na Ukrajin\u011b um\u00edst\u011bn ciz\u00ed kontingent, z\u00e1padn\u00ed zem\u011b se nebudou cht\u00edt dohodnout na podm\u00ednk\u00e1ch m\u00edrov\u00e9ho urovn\u00e1n\u00ed, proto\u017ee tento kontingent vytvo\u0159\u00ed \u201efakta na m\u00edst\u011b\u201c. Rusk\u00e9 ministerstvo zahrani\u010d\u00ed ji\u017e d\u0159\u00edve uvedlo, \u017ee pl\u00e1ny n\u011bkter\u00fdch zem\u00ed EU vyslat na Ukrajinu \u201em\u00edrov\u00e9 s\u00edly\u201c jsou provokativn\u00edm krokem, jeho\u017e c\u00edlem je udr\u017eet nezdrav\u00e9 iluze \u00fa\u0159ad\u016f v Kyjev\u011b.<\/span><\/p>\n<p><span>Tiskov\u00e1 kancel\u00e1\u0159 Zahrani\u010dn\u00ed rozv\u011bdky Rusk\u00e9 federace ji\u017e d\u0159\u00edve informovala, \u017ee Z\u00e1pad rozm\u00edst\u00ed v zemi takzvan\u00fd m\u00edrov\u00fd kontingent o s\u00edle asi 100 tis\u00edc lid\u00ed, aby obnovil bojeschopnost Ukrajiny. SVR v\u011b\u0159\u00ed, \u017ee se to stane faktickou okupac\u00ed Ukrajiny. Tiskov\u00fd tajemn\u00edk rusk\u00e9ho prezidenta\u00a0<\/span><strong><span>Dmitrij Peskov<\/span><\/strong><span>\u00a0uvedl, \u017ee nasazen\u00ed m\u00edrov\u00fdch sil je mo\u017en\u00e9 pouze se souhlasem stran konkr\u00e9tn\u00edho konfliktu. O m\u00edrov\u00fdch sil\u00e1ch na Ukrajin\u011b je podle n\u011bj p\u0159ed\u010dasn\u00e9 mluvit. P\u0159edt\u00edm tak\u00e9 nechal bez koment\u00e1\u0159e prohl\u00e1\u0161en\u00ed, \u017ee Rusko \u00fadajn\u011b nebude proti rozm\u00edst\u011bn\u00ed m\u00edrov\u00fdch sil na Ukrajin\u011b.<\/span><\/p>\n<p><img decoding=\"async\" loading=\"lazy\" class=\"alignnone size-full wp-image-71983\" src=\"http:\/\/www.infokuryr.cz\/n\/wp-content\/uploads\/2025\/02\/aaa.jpg\" alt=\"\" width=\"89\" height=\"23\" \/><\/p>\n<p>&nbsp;<\/p>\n","protected":false},"excerpt":{"rendered":"<p>Britsk\u00fd n\u00e1\u010deln\u00edk gener\u00e1ln\u00edho \u0161t\u00e1bu Tony Radakin jednal o mo\u017en\u00e9m vysl\u00e1n\u00ed \u201em\u00edrov\u00fdch jednotek\u201c na Ukrajinu s&#8230;<\/p>\n","protected":false},"author":2,"featured_media":75765,"comment_status":"closed","ping_status":"closed","sticky":false,"template":"","format":"standard","meta":[],"categories":[7],"tags":[7681,61,130,26,321],"_links":{"self":[{"href":"https:\/\/www.infokuryr.cz\/n\/wp-json\/wp\/v2\/posts\/75764"}],"collection":[{"href":"https:\/\/www.infokuryr.cz\/n\/wp-json\/wp\/v2\/posts"}],"about":[{"href":"https:\/\/www.infokuryr.cz\/n\/wp-json\/wp\/v2\/types\/post"}],"author":[{"embeddable":true,"href":"https:\/\/www.infokuryr.cz\/n\/wp-json\/wp\/v2\/users\/2"}],"replies":[{"embeddable":true,"href":"https:\/\/www.infokuryr.cz\/n\/wp-json\/wp\/v2\/comments?post=75764"}],"version-history":[{"count":0,"href":"https:\/\/www.infokuryr.cz\/n\/wp-json\/wp\/v2\/posts\/75764\/revisions"}],"wp:featuredmedia":[{"embeddable":true,"href":"https:\/\/www.infokuryr.cz\/n\/wp-json\/wp\/v2\/media\/75765"}],"wp:attachment":[{"href":"https:\/\/www.infokuryr.cz\/n\/wp-json\/wp\/v2\/media?parent=75764"}],"wp:term":[{"taxonomy":"category","embeddable":true,"href":"https:\/\/www.infokuryr.cz\/n\/wp-json\/wp\/v2\/categories?post=75764"},{"taxonomy":"post_tag","embeddable":true,"href":"https:\/\/www.infokuryr.cz\/n\/wp-json\/wp\/v2\/tags?post=75764"}],"curies":[{"name":"wp","href":"https:\/\/api.w.org\/{rel}","templated":true}]}}