{"id":7575,"date":"2022-01-15T14:53:52","date_gmt":"2022-01-15T13:53:52","guid":{"rendered":"http:\/\/www.infokuryr.cz\/n\/?p=7575"},"modified":"2022-01-15T14:53:52","modified_gmt":"2022-01-15T13:53:52","slug":"dalsi-renomovani-profesori-varuji-pred-vakcinami-mrna","status":"publish","type":"post","link":"https:\/\/www.infokuryr.cz\/n\/2022\/01\/15\/dalsi-renomovani-profesori-varuji-pred-vakcinami-mrna\/","title":{"rendered":"Dal\u0161\u00ed renomovan\u00ed profeso\u0159i varuj\u00ed p\u0159ed \u201evakc\u00ednami\u201c mRNA"},"content":{"rendered":"<div id=\"fb-root\"><\/div>\n<p><strong><em><span>Emeritn\u00ed Univ.\u00a0Prof. Dr.\u00a0l\u00e9ka\u0159sk\u00fd\u00a0Diether Sch\u00f6nitzer, b\u00fdval\u00fd p\u0159ednosta Fakultn\u00ed nemocnice v Innsbrucku pro odd\u011blen\u00ed Centr\u00e1ln\u00edho \u00fastavu pro krevn\u00ed transfuzi a imunologii, a em.\u00a0O. Univ.\u00a0Prof. Dr.\u00a0l\u00e9ka\u0159sk\u00fd\u00a0Hartmut Glossmann, specialista na klinickou farmakologii Institutu biochemick\u00e9 farmakologie L\u00e9ka\u0159sk\u00e9 univerzity v Innsbrucku, varuje p\u0159ed nebezpe\u010dn\u00fdmi \u00fa\u010dinky l\u00e1tek mRNA v prohl\u00e1\u0161en\u00edch k rakousk\u00e9mu z\u00e1konu o o\u010dkov\u00e1n\u00ed, kter\u00e1 jsou snadno srozumiteln\u00e1 i pro laiky.\u00a0S ka\u017edou d\u00e1vkou sni\u017eovaly \u00fa\u010dinnost vlastn\u00edho imunitn\u00edho syst\u00e9mu a vedly k v\u00e1\u017en\u00fdm onemocn\u011bn\u00edm.\u00a0(hl)<\/span><\/em><\/strong><span id=\"more-8491\"><\/span><\/p>\n<h5><span style=\"font-size: 14pt;\"><strong>I Prohl\u00e1\u0161en\u00ed emeritn\u00edho Univ.\u00a0Prof. Dr.\u00a0l\u00e9ka\u0159sk\u00fd\u00a0Diether Schoenitzer<\/strong><\/span><\/h5>\n<p><span>\u201eDovoluji si p\u0159edlo\u017eit objektivn\u00ed a odborn\u00e9 vyj\u00e1d\u0159en\u00ed a n\u00e1mitku k zaveden\u00ed z\u00e1kona o povinn\u00e9m o\u010dkov\u00e1n\u00ed proti Covid-19 pl\u00e1novan\u00e9mu na 1. \u00fanora 2022.<\/span><\/p>\n<p><span>Svou kvalifikaci pro tuto n\u00e1mitku pova\u017euji za opr\u00e1vn\u011bnou takto: Jsem d\u016fchodce Univ.\u00a0prof. na Univerzit\u011b v Innsbrucku a v letech 1968 a\u017e 2005 pracoval na \u201e\u00dast\u0159edn\u00edm \u00fastavu pro krevn\u00ed transfuzi a imunologii\u201c (st\u00e1tn\u00ed prim\u00e1\u0159), nejprve jako asistent l\u00e9ka\u0159e, pot\u00e9 jako vedouc\u00ed prim\u00e1\u0159 a nakonec 17 let jako prim\u00e1\u0159. \u010dlen p\u0159edstavenstva.<\/span><\/p>\n<p><span>\u00dast\u0159edn\u00edm t\u00e9matem na\u0161\u00ed ka\u017edodenn\u00ed pr\u00e1ce bylo imunologick\u00e9 zaji\u0161t\u011bn\u00ed kompatibility krevn\u00edch bun\u011bk ur\u010den\u00fdch k transfuzi, zejm\u00e9na \u010derven\u00fdch krvinek a krevn\u00edch desti\u010dek, a tak\u00e9 testov\u00e1n\u00ed vlastnost\u00ed tk\u00e1n\u00ed pro transplantace org\u00e1n\u016f a kmenov\u00fdch bun\u011bk.\u00a0D\u016fle\u017eit\u00fd byl sv\u011bdomit\u00fd v\u00fdb\u011br krevn\u00edch p\u0159\u00edpravk\u016f podle krevn\u00edch skupin a tak\u00e9 zv\u00e1\u017een\u00ed p\u0159\u00edpadn\u00fdch existuj\u00edc\u00edch protil\u00e1tek proti t\u011bmto bu\u0148k\u00e1m.\u00a0V p\u0159\u00edpad\u011b pot\u0159eby bylo nutn\u00e9 transfuzemi l\u00e9\u010dit i pacienty s autoimunitn\u00edmi hemolytick\u00fdmi an\u00e9miemi.<\/span><\/p>\n<p><span>P\u0159\u00ed\u010dinou t\u011bchto onemocn\u011bn\u00ed je mimo jin\u00e9 pod\u00e1v\u00e1n\u00ed r\u016fzn\u00fdch l\u00e9k\u016f, kter\u00e9 mohou v\u00e9st ke zm\u011bn\u011b povrchu krvinek.\u00a0Tyto zm\u011bny vedou k neoantigen\u016fm, kter\u00e9 jsou imunitn\u00edm syst\u00e9mem pacienta rozpozn\u00e1ny jako cizorod\u00e9 a vedou ke smrti t\u011bchto krvinek.<\/span><\/p>\n<p><span>Z\u00e1kladn\u00ed degrada\u010dn\u00ed mechanismy jsou sou\u010d\u00e1st\u00ed z\u00e1kladn\u00edch imunologick\u00fdch znalost\u00ed l\u00e9ka\u0159\u016f a lze je podrobn\u011b potvrdit laboratorn\u00edmi testy.<\/span><\/p>\n<p><span>T\u00edm se dost\u00e1v\u00e1m p\u0159\u00edmo k pod\u00e1v\u00e1n\u00ed l\u00e1tek obsahuj\u00edc\u00edch mRNA, kter\u00e9 se nespr\u00e1vn\u011b ozna\u010duj\u00ed jako vakc\u00edny nebo s\u00e9ra a po pr\u016fniku do krevn\u00edho \u0159e\u010di\u0161t\u011b nejprve pronikaj\u00ed do bun\u011bk c\u00e9vn\u00ed st\u011bny a n\u00e1sledn\u011b vedou k tvorb\u011b spike protein\u016f na povrchu c\u00e9vn\u00edho \u0159e\u010di\u0161t\u011b. st\u011bnov\u00e9 bu\u0148ky.\u00a0Tyto hroty ve skute\u010dnosti funguj\u00ed jako ciz\u00ed antigen (podobn\u011b jako autoimunitn\u00ed hemolytick\u00e1 an\u00e9mie vyvolan\u00e1 l\u00e9ky) a \u00fadajn\u011b vedou k tvorb\u011b protil\u00e1tek a t\u00edm k imunit\u011b.<\/span><\/p>\n<p><span>Probl\u00e9m je v\u0161ak v tom, \u017ee hroty alespo\u0148 po ur\u010ditou dobu, pravd\u011bpodobn\u011b trvale, p\u0159ilnou k bu\u0148k\u00e1m vlastn\u00edho t\u011bla a aktivovan\u00e9 zabij\u00e1ck\u00e9 bu\u0148ky nebo protil\u00e1tky (pokud o\u010dkov\u00e1n\u00ed zafunguje!) zni\u010d\u00ed bu\u0148ky o\u010dkovan\u00e9 osoby, kter\u00e9 jsou ozna\u010deny ciz\u00ed hroty.<\/span><\/p>\n<p><span>V\u00fdsledkem je imunologick\u00e1 destrukce bun\u011bk a tk\u00e1n\u00ed u o\u010dkovan\u00fdch osob, co\u017e vede ke zn\u00e1m\u00e9 tromboembolii, k destrukci bun\u011bk srde\u010dn\u00edho svalu, plicn\u00ed a ledvinov\u00e9 tk\u00e1n\u011b a v kone\u010dn\u00e9m d\u016fsledku k vy\u010derp\u00e1n\u00ed imunitn\u00edho syst\u00e9mu.<\/span><\/p>\n<p><span>P\u0159eo\u010dkov\u00e1n\u00ed tyto \u00fa\u010dinky zesiluje, proto\u017ee hroty nov\u011b vytvo\u0159en\u00e9 p\u0159eo\u010dkov\u00e1n\u00edm nar\u00e1\u017eej\u00ed na protil\u00e1tky, kter\u00e9 se mezit\u00edm vytvo\u0159ily.\u00a0Je vysok\u00e1 pravd\u011bpodobnost, \u017ee se jako dlouhodob\u00fd d\u016fsledek rozvinou akutn\u00ed reakce a autoimunitn\u00ed reakce a dojde k reaktivaci dormantn\u00edch infekc\u00ed, jako je tuberkul\u00f3za, co\u017e ohroz\u00ed zdravotn\u00ed syst\u00e9m v\u00edce, ne\u017e je mo\u017en\u00e9 s pod\u00edlem zdrav\u00fdch, pro o\u010dkov\u00e1n\u00ed kriticky nev\u00fdrazn\u00fdch. o\u010dkovan\u00fdch lid\u00ed.<\/span><\/p>\n<p><span>V p\u0159\u00edpad\u011b posledn\u011b jmenovan\u00e9ho je t\u0159eba tak\u00e9 o\u010dek\u00e1vat relativn\u011b vysokou p\u0159irozenou imunizaci, proto\u017ee slab\u00e9 a subklinick\u00e9 pr\u016fb\u011bhy nejsou zaznamen\u00e1ny.<\/span><\/p>\n<p><span>Zaveden\u00ed povinn\u00e9ho o\u010dkov\u00e1n\u00ed se spr\u00e1vn\u00edmi postihy pro ty, kte\u0159\u00ed se necht\u011bj\u00ed nechat o\u010dkovat, co\u017e m\u016f\u017ee mnoho lid\u00ed p\u0159iv\u00e9st na hranici jejich \u017eivobyt\u00ed, nen\u00ed p\u0159im\u011b\u0159en\u00e9, proto v\u00fdslovn\u011b nedoporu\u010duji zav\u00e1d\u011bn\u00ed povinn\u00e9ho o\u010dkov\u00e1n\u00ed obecn\u011b a zvl\u00e1\u0161t\u011b tehdy, kdy\u017e pomoc\u00ed slo\u017eek obsahuj\u00edc\u00edch genetick\u00fd materi\u00e1l.<\/span><\/p>\n<p><span>Tresty jsou n\u00e1tlakov\u00fdm prost\u0159edkem, kter\u00fd vede k psychick\u00e9 z\u00e1t\u011b\u017ei na\u0161ich bli\u017en\u00edch, tak\u017ee povinn\u00e9 o\u010dkov\u00e1n\u00ed se st\u00e1v\u00e1 de facto povinn\u00fdm (!).<\/span><\/p>\n<p><span>Je d\u011bsiv\u00e9, \u017ee kolegov\u00e9, v\u010detn\u011b takzvan\u00fdch odborn\u00edk\u016f, kte\u0159\u00ed z imunologick\u00e9 neznalosti a\/nebo nez\u00e1jmu \u010di pod tlakem nerespektuj\u00ed Hippokratovu p\u0159\u00edsahu, rad\u00ed sv\u00fdm pacient\u016fm a jejich d\u011btem, aby se nechali o\u010dkovat, nebo to sami prov\u00e1d\u011bj\u00ed!\u201c<\/span><\/p>\n<p><span>univerzita\u00a0Prof. Dr.\u00a0l\u00e9ka\u0159sk\u00fd\u00a0Dieter Schoenitzer\u00a0<\/span><strong><sup><span>1<\/span><\/sup><\/strong><\/p>\n<h5><strong><br \/>\n<span style=\"font-size: 14pt;\">II Stanovisko Emeritn\u00ed O. Univ.\u00a0Prof. Dr.\u00a0l\u00e9ka\u0159sk\u00fd\u00a0Hartmut Glossman<\/span><\/strong><\/h5>\n<p><span>\u201eStanovisko k iniciativn\u00ed \u017e\u00e1dosti o feder\u00e1ln\u00ed z\u00e1kon o povinn\u00e9m o\u010dkov\u00e1n\u00ed proti COVID-19 (COVID-19-Impfpflichtgesetz \u2013 COVID-19-IG) (2173\/A)<\/span><\/p>\n<p><span>Kontraindikace pro spike-transfekuj\u00edc\u00ed l\u00e9ky (zejm\u00e9na Pfizer a Moderna mRNA vakc\u00edny)<\/span><\/p>\n<p><span>Jako emeritn\u00ed profesor biochemick\u00e9 farmakologie na L\u00e9ka\u0159sk\u00e9 univerzit\u011b v Innsbrucku, licencovan\u00fd l\u00e9ka\u0159 a specialista na farmakologii (klinick\u00e1 farmakologie), bych r\u00e1d u\u010dinil n\u00e1sleduj\u00edc\u00ed prohl\u00e1\u0161en\u00ed:<\/span><\/p>\n<p><span>D\u00edky desetilet\u00edm \u010dinnosti v m\u00edstn\u00ed etick\u00e9 komisi m\u00e1m zku\u0161enosti s hodnocen\u00edm rizik drog, s odhalov\u00e1n\u00edm drogov\u00fdch skand\u00e1l\u016f a s p\u0159edch\u00e1zen\u00edm mo\u017en\u00fdm \u0161kod\u00e1m tyrolsk\u00e9mu obyvatelstvu sv\u00fdm negativn\u00edm hlasem.<\/span><\/p>\n<p><span>\u010casto, stejn\u011b jako u l\u00e9ku na sn\u00ed\u017een\u00ed cholesterolu Lipobay (cerivastatin) nebo l\u00e9ku proti bolesti Vioxx (rofecoxib), se zpo\u010d\u00e1tku objevovaly pouze jednotliv\u00e9 zpr\u00e1vy o po\u0161kozen\u00ed.\u00a0N\u00e1sledovaly zpr\u00e1vy o v\u00fdsledc\u00edch experiment\u016f, kter\u00e9 u\u010dinily p\u0159\u00ed\u010dinnou souvislost d\u016fv\u011bryhodnou, a nakonec roky spor\u016f s regul\u00e1tory a pr\u00e1vn\u00edky, kter\u00e9 nakonec vedly ke sta\u017een\u00ed z trhu a milionov\u00fdm \u0161kod\u00e1m.<\/span><\/p>\n<p><span>Jednak se zab\u00fdv\u00e1m daty z farmakovigilan\u010dn\u00edch datab\u00e1z\u00ed a jednak experiment\u00e1ln\u00edmi studiemi a poznatky na lidech, kter\u00e9 \u0159e\u0161\u00ed ot\u00e1zku, co se vlastn\u011b d\u011bje po injekci spike proteinotvorn\u00fdch l\u00e9k\u016f: Kolik se kde tvo\u0159\u00ed?\u00a0Jak dlouho trny z\u016fst\u00e1vaj\u00ed v organismu, jak jsou distribuov\u00e1ny a jak\u00e9 \u00fa\u010dinky mohou vyvolat ve kter\u00fdch bu\u0148k\u00e1ch a org\u00e1nov\u00fdch syst\u00e9mech?<\/span><\/p>\n<p><span>Pro\u010d jsou tyto ot\u00e1zky zaj\u00edmav\u00e9?<\/span><\/p>\n<p><span>Spike protein je z\u00e1kladn\u00ed toxick\u00fd princip SARS-CoV1, MERS a SARS-CoV2: Aktivuje koagulaci krve, v\u010detn\u011b krevn\u00edch desti\u010dek, na vaskul\u00e1rn\u00edm endotelu, vede k mikrotromb\u00f3ze, umo\u017e\u0148uje bu\u0148k\u00e1m f\u00fazi (tvorba syncytia), napad\u00e1 bu\u0148ky srde\u010dn\u00edho svalu , aktivuje monocyty a vyp\u00edn\u00e1 d\u016fle\u017eit\u00fd syst\u00e9m regulace krevn\u00edho tlaku.\u00a0Nyn\u00ed je jist\u00e9, \u017ee hroty lze detekovat v plazm\u011b, krvink\u00e1ch a extracelul\u00e1rn\u00edch vezikul\u00e1ch u lid\u00ed t\u00fddny a m\u011bs\u00edce po injekci.\u00a0Akumulaci, rovn\u011b\u017e toxick\u00fdch \u00fa\u010dink\u016f, lze o\u010dek\u00e1vat po n\u011bkolika injekc\u00edch.<\/span><\/p>\n<p><strong><span>L\u00e9ka\u0159sky od\u016fvodn\u011bn\u00e9 kontraindikace se vyskytuj\u00ed u<\/span><\/strong><span>\u00a0:<\/span><\/p>\n<ol>\n<li><span>V\u0161echny osoby mlad\u0161\u00ed 40 let (riziko myokarditidy)<\/span><\/li>\n<li><span>Lid\u00e9, kte\u0159\u00ed se uzdravili (riziko myokarditidy, &#8222;postvakcina\u010dn\u00ed syndrom&#8220;)<\/span><\/li>\n<li><span>Lid\u00e9 se srde\u010dn\u00edm selh\u00e1n\u00edm, srde\u010dn\u00ed arytmi\u00ed, infarktem myokardu, stavy po myokarditid\u011b, hypertenze<\/span><\/li>\n<li><span>Long-Covid (n\u00e1r\u016fsty monocyt\u016f, riziko postvakcina\u010dn\u00edho syndromu)<\/span><\/li>\n<li><span>&#8222;Postvakcina\u010dn\u00ed syndrom&#8220; (abnorm\u00e1ln\u00ed n\u00e1r\u016fsty v monocytech, riziko prodlou\u017een\u00ed)<\/span><\/li>\n<li><span>Jedinci s anamn\u00e9zou tromboembolick\u00fdch p\u0159\u00edhod, TIA nebo c\u00e9vn\u00ed mozkov\u00e9 p\u0159\u00edhody<\/span><\/li>\n<li><span>Jedinci s homozygotnost\u00ed faktoru V Leiden.<\/span><\/li>\n<\/ol>\n<p><span>Em. O. Univ.\u00a0Prof. Dr.\u00a0l\u00e9ka\u0159sk\u00fd\u00a0Hartmut Glossmann,<\/span><br \/>\n<span>specialista na farmakologii (klinick\u00e1 farmakologie),<\/span><br \/>\n<span>Institut pro biochemickou farmakologii,<\/span><br \/>\n<span>L\u00e9ka\u0159sk\u00e1 univerzita v Innsbrucku<\/span><\/p>\n<p><span>Innsbruck, 8. ledna 2022\u00a0<\/span><strong><sup><span>2\u00a0<\/span><\/sup><\/strong><\/p>\n<p><span>\u2014\u2014\u2014\u2014\u2014\u2014\u2014<\/span><\/p>\n<p><span>Dal\u0161\u00ed jasn\u00fd p\u0159\u00eddavek<\/span><br \/>\n<span>Univ.\u00a0Prof. Dr.\u00a0l\u00e9ka\u0159sk\u00fd\u00a0Johann Missliwetz pro soudn\u00ed l\u00e9ka\u0159stv\u00ed ode\u0161el viz:<\/span><\/p>\n<p><a href=\"https:\/\/www.bitchute.com\/video\/P7yEOIy73TpD\/\"><span>https:\/\/www.bitchute.com\/video\/P7yEOIy73TpD\/<\/span><\/a><\/p>\n<p><span>\u2014\u2014\u2014\u2014\u2014\u2014\u2014<\/span><br \/>\n<strong><span>Pozn\u00e1mky:<\/span><\/strong><br \/>\n<span>1\u00a0\u00a0\u00a0<\/span><a href=\"https:\/\/www.parlament.gv.at\/PAKT\/VHG\/XXVII\/SN\/SN_94076\/index.shtml\"><span>parlament.gv.at<\/span><\/a><br \/>\n<span>2\u00a0\u00a0\u00a0<\/span><a href=\"https:\/\/tkp.at\/2022\/01\/08\/stellungnahme-zum-impfpflichtgesetz-mrna-haltige-substanzen-faelschlich-als-impfstoffe-oder-auch-seren-bezeichnet\/\"><span>tkp.at 8.1.2022<\/span><\/a><\/p>\n<p><img decoding=\"async\" loading=\"lazy\" class=\"alignnone size-full wp-image-1185\" src=\"http:\/\/www.infokuryr.cz\/n\/wp-content\/uploads\/2021\/04\/kuryr-podpis.png\" alt=\"\" width=\"84\" height=\"24\" \/><\/p>\n<p>&nbsp;<\/p>\n","protected":false},"excerpt":{"rendered":"<p>Emeritn\u00ed Univ.\u00a0Prof. Dr.\u00a0l\u00e9ka\u0159sk\u00fd\u00a0Diether Sch\u00f6nitzer, b\u00fdval\u00fd p\u0159ednosta Fakultn\u00ed nemocnice v Innsbrucku pro odd\u011blen\u00ed Centr\u00e1ln\u00edho \u00fastavu pro&#8230;<\/p>\n","protected":false},"author":2,"featured_media":3484,"comment_status":"closed","ping_status":"closed","sticky":false,"template":"","format":"standard","meta":[],"categories":[7],"tags":[573,694,315,1589,651],"_links":{"self":[{"href":"https:\/\/www.infokuryr.cz\/n\/wp-json\/wp\/v2\/posts\/7575"}],"collection":[{"href":"https:\/\/www.infokuryr.cz\/n\/wp-json\/wp\/v2\/posts"}],"about":[{"href":"https:\/\/www.infokuryr.cz\/n\/wp-json\/wp\/v2\/types\/post"}],"author":[{"embeddable":true,"href":"https:\/\/www.infokuryr.cz\/n\/wp-json\/wp\/v2\/users\/2"}],"replies":[{"embeddable":true,"href":"https:\/\/www.infokuryr.cz\/n\/wp-json\/wp\/v2\/comments?post=7575"}],"version-history":[{"count":0,"href":"https:\/\/www.infokuryr.cz\/n\/wp-json\/wp\/v2\/posts\/7575\/revisions"}],"wp:featuredmedia":[{"embeddable":true,"href":"https:\/\/www.infokuryr.cz\/n\/wp-json\/wp\/v2\/media\/3484"}],"wp:attachment":[{"href":"https:\/\/www.infokuryr.cz\/n\/wp-json\/wp\/v2\/media?parent=7575"}],"wp:term":[{"taxonomy":"category","embeddable":true,"href":"https:\/\/www.infokuryr.cz\/n\/wp-json\/wp\/v2\/categories?post=7575"},{"taxonomy":"post_tag","embeddable":true,"href":"https:\/\/www.infokuryr.cz\/n\/wp-json\/wp\/v2\/tags?post=7575"}],"curies":[{"name":"wp","href":"https:\/\/api.w.org\/{rel}","templated":true}]}}