{"id":75743,"date":"2025-04-06T00:19:17","date_gmt":"2025-04-05T22:19:17","guid":{"rendered":"https:\/\/www.infokuryr.cz\/n\/?p=75743"},"modified":"2025-04-05T16:36:02","modified_gmt":"2025-04-05T14:36:02","slug":"jindrich-kulhavy-nic-moc-situace","status":"publish","type":"post","link":"https:\/\/www.infokuryr.cz\/n\/2025\/04\/06\/jindrich-kulhavy-nic-moc-situace\/","title":{"rendered":"Jind\u0159ich Kulhav\u00fd: Nic moc situace"},"content":{"rendered":"<div id=\"fb-root\"><\/div>\n<p><strong><span class=\"anotation\">\u00a0Je jarn\u00ed obdob\u00ed roku 2025 a automobilov\u00fd trh zaznamenal n\u011bkolik zm\u011bn. Nejv\u011bt\u0161\u00edm sv\u011btov\u00fdm v\u00fdrobcem automobil\u016f se stala \u010c\u00edna v\u00e1lcuj\u00edc\u00ed tak Spojen\u00e9 st\u00e1ty, Japonsko i Evropu. Nejde jen o mno\u017estv\u00ed, ale i o v\u00fdrazn\u011b stoupaj\u00edc\u00ed kvalitu. Trochu hor\u0161\u00ed je to s\u00a0emocemi, kter\u00e1 mohou jejich auta p\u0159in\u00e1\u0161et, ov\u0161em je t\u0159eba si uv\u011bdomit spole\u010densk\u00e9 zm\u011bny, d\u00edky kter\u00fdm u\u017e mu\u017ei nenos\u00ed v\u00a0kalhot\u00e1ch po\u0159\u00e1dn\u00e9 koule a spokoj\u00ed se s\u00a0j\u00edzdou ve vysava\u010di.<\/span><\/strong><\/p>\n<div id=\"pagetext\">\n<p>\u00a0Trochu v\u00e1\u017en\u011b. \u010c\u00ednsk\u00fd automobilov\u00fd pr\u016fmysl je pro n\u00e1s m\u00e9n\u011b p\u0159ehledn\u00fd. P\u0159eci jenom pr\u016fm\u011brn\u00fd Evropan po dlouh\u00e1 desetilet\u00ed preferoval modely evropsk\u00fdch automobilek, p\u0159iv\u00edral oko nad japonsk\u00fdmi v\u00fdst\u0159elky \u010di p\u0159ij\u00edmal jistou filozofii tamn\u00edch tv\u016frc\u016f a respektoval americk\u00fd p\u0159\u00edstup k\u00a0velikosti americk\u00fdch motorov\u00fdch jednotek a jistou celkovou prostorovou velkorysost. Tak\u017ee cht\u011bl li emoce, s\u00e1hnul po malos\u00e9riov\u00fdch porsche, ferrari, lambech, p\u0159\u00edpadn\u011b po levn\u011bj\u0161\u00edch sportovn\u00edch modelech konzumn\u00edch zna\u010dek, sebemrska\u010di vzali na milost corvettu a sadomachosist\u00e9 n\u011bco britsk\u00e9ho. Ml\u00e1de\u017en\u00edci vytunili n\u011bjak\u00e9 to star\u0161\u00ed BMW. V\u00a0o n\u011bco vy\u0161\u0161\u00edm v\u011bku podobnou radost majitel\u00e9 hledali v\u00a0n\u011bmeck\u00fdch nabu\u0161en\u00fdch sedanech i komb\u00edc\u00edch, a ti je\u0161t\u011b star\u0161\u00ed se uspokojili n\u00e1kupem kvalitn\u00edho dieselu. Ob\u010dan\u00e9 nevy\u017eaduj\u00edc\u00ed emoce nask\u00e1kali do \u0161kodovek, ford\u016f, volkswagen\u016f a peugeot\u016f \u010di podobn\u00fdch klasik, p\u0159\u00edpadn\u011b vzali v\u00a0potaz existenci toyot, hond, mazd a podobn\u00fdch kousk\u016f v\u010detn\u011b MPV\u00e9\u010dek. Nu a \u0159idi\u010di hledaj\u00edc\u00ed d\u011bln\u00edky nepohrdli pickupy bez ohledu na p\u016fvod, tedy i ten americk\u00fd a japonsk\u00fd.<\/p>\n<p>Toto byla je\u0161t\u011b ned\u00e1vno realita. Vymy\u0161len\u00fd Green Deal mnoh\u00e9 zm\u011bnil. Nejd\u0159\u00edve Musk ud\u011blal \u017eivotn\u00ed chybu a za\u010dal vyr\u00e1b\u011bt elektroauta pod zna\u010dkou Tesla. Kvalitou mizern\u00e9, v\u00fdkony vcelku uch\u00e1zej\u00edc\u00ed, vzhled p\u0159\u00ed\u0161ern\u00fd. Tedy p\u0159esn\u011b to, co zelen\u00e1 avantgarda nutn\u011b pot\u0159ebovala. Dementn\u00ed Evropsk\u00e1 komise my\u0161lenku Muska vzala za svou a elektromobilitu za\u010dala d\u00e1le prosazovat. Pro\u010d, to je z\u00e1hada, ale jak v\u00edme pen\u00edze pr\u00fd nesmrd\u00ed, tak pro\u010d nezlikvidovat funguj\u00edc\u00ed, nep\u0159eskupit kapit\u00e1l a nezkusit vyd\u011bl\u00e1vat jinde jinak? Sice t\u00edm padne pro Evropu z\u00e1sadn\u00ed automobilov\u00fd pr\u016fmysl p\u0159in\u00e1\u0161ej\u00edc\u00ed ob\u017eivu des\u00edtk\u00e1m milion\u016f Evropan\u016f, ale co, \u010c\u00ed\u0148an\u00e9 jsou tak\u00e9 lid\u00e9. Tak\u017ee mil\u00ed Asiati schopn\u00ed nejd\u0159\u00edve okop\u00edrovat cokoliv, a pot\u00e9 to zdokonalit, ud\u011blali p\u00e1r pokus\u016f a ejhle, jsou nejv\u011bt\u0161\u00edmi sv\u011btov\u00fdmi producenty. Co na tom, \u017ee vyr\u00e1b\u00ed p\u0159edev\u0161\u00edm elektromobily, pustili se i do spalovac\u00edch motor\u016f v\u011bt\u0161inou men\u0161\u00ed kubatury, ale u\u017e se objevuj\u00ed zpr\u00e1vy o supersportu. Nav\u00edc si dovoluj\u00ed srovn\u00e1vat sv\u00e9 vlajkov\u00e9 lod\u011b s\u00a0t\u00edm nejlep\u0161\u00edm z\u00a0Evropy a sv\u011bte div se, vyhr\u00e1vaj\u00ed. K\u00a0\u010demu\u017e napom\u00e1h\u00e1 i zhor\u0161uj\u00edc\u00ed se kvalita evropsk\u00fdch model\u016f zp\u016fsoben\u00e1 \u0161et\u0159en\u00edm a nutnou recyklac\u00ed materi\u00e1l\u016f. Takov\u00e9 n\u011bkter\u00e9 interi\u00e9rov\u00e9 d\u00edly v\u00a0nov\u00e9 M4 jsou d\u00edky pseudok\u016f\u017ei stra\u0161\u00e1kem.<\/p>\n<p>\u010c\u00edna Green Deal ne\u0159e\u0161\u00ed. Montuje se to, co se prod\u00e1v\u00e1. P\u0159esto\u017ee se v\u011bt\u0161ina n\u00e1zv\u016f asijsk\u00fdch automobilek ned\u00e1 ani vyslovit, nato\u017e zapamatovat, jejich produkty se v\u00a0Evrop\u011b zabydluj\u00ed. I Germ\u00e1ni vlastn\u00edc\u00ed zna\u010dky jako BMW, Mercedes, Audi, Porsche u\u017e jezd\u00ed v\u00a0\u010d\u00ednsk\u00fdch a korejsk\u00fdch nesmyslech za relativn\u011b m\u00e1lo pen\u011bz. Nikdo ne\u0159e\u0161\u00ed kvalitu servisu, re\u00e1ln\u00e9 n\u00e1jezdy km a mo\u017enost stejn\u011b rychl\u00e9ho odchodu z\u00a0trhu, jako byl jejich p\u0159\u00edchod, zvl\u00e1\u0161t\u011b a\u017e dojde na ekologick\u00e9 likvidace bateri\u00ed. V\u0161e se zm\u011bnilo a ve velk\u00e9 m\u00ed\u0159e za to m\u016f\u017ee to destruktivn\u00ed zelen\u00e9 p\u0159ij\u00edm\u00e1n\u00ed rozhodnut\u00ed Leyenov\u00e9 a jej\u00edch noshled\u016f. Planetu nezachr\u00e1n\u00ed, to by museli odstoupit a zmizet, ale Evropu zm\u011bnili k\u00a0nepozn\u00e1n\u00ed. A sly\u0161et, \u017ee Porsche \u010di Volkswagen se vr\u00e1t\u00ed k\u00a0vojensk\u00e9 v\u00fdrob\u011b, aby se udr\u017eely, je prost\u011b \u0161\u00edlen\u00e9.<\/p>\n<p>Automobilov\u00fd trh dost\u00e1v\u00e1 r\u00e1nu za ranou. Americk\u00e1 cla maj\u00ed z\u00a0pohledu ekonom\u016f v\u00a0USA logiku (nedejte na Seznam), v\u00a0Green Dealu ji pro zm\u011bnu nehledejte v\u016fbec. Chcete li si koupit \u010d\u00ednsk\u00fd v\u00fdrobek, je to Va\u0161e v\u011bc, technologick\u00fd pokrok je obrovsk\u00fd, v\u0161e ostatn\u00ed je ot\u00e1zkou priorit. Nicm\u00e9n\u011b kdo pat\u0159\u00ed mezi konzervativn\u00ed obyvatele Evropy, m\u011bl by se nad t\u00edm zamyslet. I proto, \u017ee do n\u011bmeck\u00fdch aut dod\u00e1vaj\u00ed komponenty \u010de\u0161t\u00ed v\u00fdrobci. Liber\u00e1ln\u00ed Leyenov\u00e1 bu\u010f jednou skon\u010d\u00ed, nebo bude d\u0159\u00edve odejita. Green Deal bude ukon\u010den pro neudr\u017eitelnost. Sice si je\u0161t\u011b po\u010dk\u00e1me, zni\u010d\u00ed to mnoh\u00e9, ale podobn\u00fdch \u0161\u00edlenc\u016f, jako jsou ti zelen\u00ed, tu u\u017e bylo v\u00edce. P\u0159edev\u0161\u00edm v\u00a0N\u011bmecku za 2.sv\u011btov\u00e9 v\u00e1lky a nyn\u00ed se k\u00a0tomu bl\u00ed\u017e\u00edme. Jak dlouho bude je\u0161t\u011b trvat jejich schopnost ni\u010dit v\u0161e, co bylo dosud vytvo\u0159eno?<\/p>\n<p><a href=\"https:\/\/www.inadhled.live\/auto-moto\/nic-moc-situace\/\">Jind\u0159ich Kulhav\u00fd<\/a><\/p>\n<p><img decoding=\"async\" loading=\"lazy\" class=\"alignnone size-full wp-image-48136\" src=\"http:\/\/www.infokuryr.cz\/n\/wp-content\/uploads\/2024\/02\/kulhavy-jindrich.jpg\" alt=\"\" width=\"219\" height=\"221\" srcset=\"https:\/\/www.infokuryr.cz\/n\/wp-content\/uploads\/2024\/02\/kulhavy-jindrich.jpg 219w, https:\/\/www.infokuryr.cz\/n\/wp-content\/uploads\/2024\/02\/kulhavy-jindrich-150x150.jpg 150w\" sizes=\"(max-width: 219px) 100vw, 219px\" \/><\/p>\n<p>&nbsp;<\/p>\n<\/div>\n","protected":false},"excerpt":{"rendered":"<p>\u00a0Je jarn\u00ed obdob\u00ed roku 2025 a automobilov\u00fd trh zaznamenal n\u011bkolik zm\u011bn. Nejv\u011bt\u0161\u00edm sv\u011btov\u00fdm v\u00fdrobcem automobil\u016f&#8230;<\/p>\n","protected":false},"author":2,"featured_media":75744,"comment_status":"closed","ping_status":"closed","sticky":false,"template":"","format":"standard","meta":[],"categories":[6],"tags":[30,59,1503,2109],"_links":{"self":[{"href":"https:\/\/www.infokuryr.cz\/n\/wp-json\/wp\/v2\/posts\/75743"}],"collection":[{"href":"https:\/\/www.infokuryr.cz\/n\/wp-json\/wp\/v2\/posts"}],"about":[{"href":"https:\/\/www.infokuryr.cz\/n\/wp-json\/wp\/v2\/types\/post"}],"author":[{"embeddable":true,"href":"https:\/\/www.infokuryr.cz\/n\/wp-json\/wp\/v2\/users\/2"}],"replies":[{"embeddable":true,"href":"https:\/\/www.infokuryr.cz\/n\/wp-json\/wp\/v2\/comments?post=75743"}],"version-history":[{"count":0,"href":"https:\/\/www.infokuryr.cz\/n\/wp-json\/wp\/v2\/posts\/75743\/revisions"}],"wp:featuredmedia":[{"embeddable":true,"href":"https:\/\/www.infokuryr.cz\/n\/wp-json\/wp\/v2\/media\/75744"}],"wp:attachment":[{"href":"https:\/\/www.infokuryr.cz\/n\/wp-json\/wp\/v2\/media?parent=75743"}],"wp:term":[{"taxonomy":"category","embeddable":true,"href":"https:\/\/www.infokuryr.cz\/n\/wp-json\/wp\/v2\/categories?post=75743"},{"taxonomy":"post_tag","embeddable":true,"href":"https:\/\/www.infokuryr.cz\/n\/wp-json\/wp\/v2\/tags?post=75743"}],"curies":[{"name":"wp","href":"https:\/\/api.w.org\/{rel}","templated":true}]}}