{"id":7574,"date":"2022-01-15T11:24:38","date_gmt":"2022-01-15T10:24:38","guid":{"rendered":"http:\/\/www.infokuryr.cz\/n\/?p=7574"},"modified":"2022-01-15T11:24:38","modified_gmt":"2022-01-15T10:24:38","slug":"necekane-varovani-z-bruselu-nemecko-se-chysta-vyplatit-polsku-valecne-reparace-cesi-nedostanou-nic-nezadali","status":"publish","type":"post","link":"https:\/\/www.infokuryr.cz\/n\/2022\/01\/15\/necekane-varovani-z-bruselu-nemecko-se-chysta-vyplatit-polsku-valecne-reparace-cesi-nedostanou-nic-nezadali\/","title":{"rendered":"Ne\u010dekan\u00e9 varov\u00e1n\u00ed z Bruselu! N\u011bmecko se chyst\u00e1 vyplatit Polsku v\u00e1le\u010dn\u00e9 reparace! \u010ce\u0161i nedostanou nic &#8211; ne\u017e\u00e1dali!"},"content":{"rendered":"<div id=\"fb-root\"><\/div>\n<p><strong>10. ledna po\u017e\u00e1dal ukrajinsk\u00fd velvyslanec v Berl\u00edn\u011b, aby N\u011bmecko n\u00e1hradou za sv\u00e9 zlo\u010diny proti Ukrajin\u011b za II. sv\u011btov\u00e9 v\u00e1lky\u00a0<a class=\"urlextern\" title=\"https:\/\/www.ukrinform.net\/rubric-polytics\/3382549-ukraine-ambassador-demands-that-germany-stop-blocking-arms-supplies-to-kyiv.html\" href=\"https:\/\/www.ukrinform.net\/rubric-polytics\/3382549-ukraine-ambassador-demands-that-germany-stop-blocking-arms-supplies-to-kyiv.html\" rel=\"nofollow\">okam\u017eit\u011b dodalo Ukrajin\u011b zbran\u011b proti Rus\u016fm!<\/a>\u00a0Bruselsk\u00fd profesor Engels varoval p\u0159edev\u010d\u00edrem, \u017ee se N\u011bmecko chyst\u00e1 v l\u00e9t\u011b 2022 vyplatit Polsku v\u00e1le\u010dn\u00e9 reparace! V \u010cesku se m\u00edsto n\u011bmeck\u00fdch reparac\u00ed\u00a0<a class=\"urlextern\" title=\"https:\/\/plus.rozhlas.cz\/lida-rakusanova-promarnena-prilezitost-8652903\" href=\"https:\/\/plus.rozhlas.cz\/lida-rakusanova-promarnena-prilezitost-8652903\" rel=\"nofollow\">\u0159e\u0161\u00ed zru\u0161en\u00ed Bene\u0161ov\u00fdch dekret\u016f!\u00a0<\/a>\u010ce\u0161i maj\u00ed asi podle \u010desk\u00fdch politik\u016f od\u0161kod\u0148ovat N\u011bmce!?<\/strong><\/p>\n<p>&nbsp;<\/p>\n<p><a class=\"media\" title=\"58595654215847.jpg\" href=\"http:\/\/michalapetr.cz\/lib\/exe\/detail.php?id=start&amp;media=58595654215847.jpg\"><img decoding=\"async\" class=\"mediacenter\" src=\"http:\/\/michalapetr.cz\/lib\/exe\/fetch.php?w=400&amp;tok=2e4538&amp;media=58595654215847.jpg\" alt=\"\" width=\"400\" \/><\/a><\/p>\n<p>&nbsp;<\/p>\n<p>Ukrajin\u0161t\u00ed kamar\u00e1di \u010desk\u00e9ho ministra Lipavsk\u00e9ho (Pir\u00e1t) u\u017e jednou n\u011bmeck\u00e9 zbran\u011b proti Rus\u016fm dostali. T\u0159eba takto byla vyzbrojena 14. divize SS Galizien. Ta se tak\u00e9 br\u00e1nila Rus\u016fm, a to velmi state\u010dn\u011b v l\u00e9t\u011b 1944. Jej\u00edch 12 000 bojovn\u00edk\u016f u m\u011bsta Brody state\u010dn\u011b odr\u00e1\u017eelo cel\u00fd t\u00fdden \u00fatoky mas rusk\u00fdch tank\u016f a p\u011bchoty, dokonce i po t\u00e9, co n\u011bmeck\u00fd velitel divize zbab\u011ble prchl z boji\u0161t\u011b, a divize byla ruskou arm\u00e1dou obkl\u00ed\u010dena. Z 12 000 Ukrajinc\u016f jich 9 000 padlo, a nebo bylo popraveno, a jen 3000 se poda\u0159ilo prob\u00edt zp\u011bt za zb\u011bhl\u00fdmi N\u011bmci. Tzv. Hrdinn\u00fd odpor 14. ukrajinsk\u00e9 divize SS Hali\u010d v Bitv\u011b u m\u011bsta Brody umo\u017enil, jak se p\u00ed\u0161e v ukrajinsk\u00e9 historii,\u00a0<em><a class=\"urlextern\" title=\"http:\/\/www.ucrdc.org\/HI-BATTLE_OF_BRODY.html\" href=\"http:\/\/www.ucrdc.org\/HI-BATTLE_OF_BRODY.html\" rel=\"nofollow\">n\u011bkolika tis\u00edc\u016fm ukrajinsk\u00fdch politick\u00fdch aktivist\u016f uprchnout z jejich centr\u00e1ly ve Lvov\u011b, na z\u00e1pad p\u0159ed sov\u011btsk\u00fdm postupem, a tak byli tak zachr\u00e1n\u011bni p\u0159ed hr\u016fzami sov\u011btsk\u00e9 okupace.<\/a><\/em>\u00a0Tyto v pravdu ob\u011bti nacistick\u00e9 okupace Ukrajiny maj\u00ed na sv\u011bdom\u00ed \u017eivoty milion\u016f zavra\u017ed\u011bn\u00fdch ob\u011bt\u00ed \u2013 Rus\u016f, Pol\u00e1k\u016f, \u017did\u016f, Slov\u00e1k\u016f, i \u010cech\u016f. Jeden ukrajinsk\u00fd nacistick\u00fd v\u00e1le\u010dn\u00fd zlo\u010dinec, kter\u00fd se ve velitelsk\u00e9 pozici u SS pod\u00edlel na napl\u00e1nov\u00e1n\u00ed a n\u00e1sledn\u00e9m vyvra\u017ed\u011bn\u00ed 100 tis\u00edce obyvatel Ukrajiny a B\u011bloruska,\u00a0<a class=\"urlextern\" title=\"https:\/\/www.rcinet.ca\/en\/2018\/08\/13\/shukhevych-monument-canada-oun-upa\/\" href=\"https:\/\/www.rcinet.ca\/en\/2018\/08\/13\/shukhevych-monument-canada-oun-upa\/\" rel=\"nofollow\">z\u00edskal p\u0159ed p\u00e1r lety ukrajinsk\u00e9 st\u00e1tn\u00ed vyznamen\u00e1n\u00ed a byl prohl\u00e1\u0161en za hrdinu Ukrajiny.<\/a><\/p>\n<p><a class=\"urlextern\" title=\"https:\/\/www.davidengels.be\/\" href=\"https:\/\/www.davidengels.be\/\" rel=\"nofollow\">Bruselsk\u00fd profesor Engels<\/a>, belgick\u00fd historik varoval, \u017ee je t\u0159eba sou\u010dasnou otev\u0159enost n\u011bmeck\u00fdch soci\u00e1ln\u00edch demokrat\u016f a zelen\u00fdch\u00a0polsk\u00fdm po\u017eadavk\u016fm\u00a0na\u00a0v\u00e1le\u010dn\u00e9 reparace\u00a0vn\u00edmat jako \u010dist\u011b strategick\u00fd krok.\u00a0<a class=\"urlextern\" title=\"https:\/\/forsal.pl\/gospodarka\/polityka\/artykuly\/7755319,czy-niemcy-zaplaca-polsce-reparacje-opinia-eksperta.html\" href=\"https:\/\/forsal.pl\/gospodarka\/polityka\/artykuly\/7755319,czy-niemcy-zaplaca-polsce-reparacje-opinia-eksperta.html\" rel=\"nofollow\">Engels ozn\u00e1mil\u00a0<\/a>,\u00a0<em>\u017ee n\u011bmeck\u00e9 elity se n\u011bkolik dn\u00ed p\u0159ed leto\u0161n\u00edmi polsk\u00fdmi prezidentsk\u00fdmi volbami pokus\u00ed povrchn\u011b splnit polsk\u00e9 repara\u010dn\u00ed po\u017eadavky, aby zdiskreditovaly sou\u010dasn\u00fd postoj polsk\u00e9 vl\u00e1dy k n\u011bmeck\u00e9 politice.<\/em>\u00a0Tato berl\u00ednsk\u00e1 diskredita\u010dn\u00ed strategie m\u00e1 pomoci um\u00edrn\u011bn\u00e9mu polsk\u00e9mu probruselsk\u00e9mu prezidentsk\u00e9mu kandid\u00e1tovi porazit konzervativn\u00edho polsk\u00e9ho prezidenta Andrzeje Dudu v\u00a0prezidentsk\u00fdch volb\u00e1ch konan\u00fdch 28. \u010dervna.<\/p>\n<p>Polsko po N\u011bmecku\u00a0<a class=\"urlextern\" title=\"https:\/\/gfbv-voices.org\/800-milliarden-euro-polen-fordert-reparationszahlungen-fuer-den-ns-voelkermord-im-zweiten-weltkrieg\/\" href=\"https:\/\/gfbv-voices.org\/800-milliarden-euro-polen-fordert-reparationszahlungen-fuer-den-ns-voelkermord-im-zweiten-weltkrieg\/\" rel=\"nofollow\">po\u017eaduje bez \u00farok\u016f 800 miliard EUR v\u00e1le\u010dn\u00fdch reparac\u00ed<\/a>. Polsk\u00fd premi\u00e9r Morawiecki podepsal koncem listopadu 2021\u00a0<a class=\"urlextern\" title=\"https:\/\/notesfrompoland.com\/2021\/11\/29\/poland-renews-push-for-war-reparations-amid-signs-new-german-coalition-may-be-more-amenable\/\" href=\"https:\/\/notesfrompoland.com\/2021\/11\/29\/poland-renews-push-for-war-reparations-amid-signs-new-german-coalition-may-be-more-amenable\/\" rel=\"nofollow\">z\u00e1kon o z\u0159\u00edzen\u00ed Institutu Janu Karsk\u00e9ho\u00a0<\/a>(polsk\u00fd hrdina). Tento Institut m\u00e1 shroma\u017e\u010fovat a analyzovat zlo\u010diny N\u011bmc\u016f proti Pol\u00e1k\u016fm a vytv\u00e1\u0159et podklady pro vl\u00e1du Polska, aby mohla reparace po N\u011bmecku vym\u00e1hat. Do konce \u00fanora 2022 m\u00e1 b\u00fdt zve\u0159ejn\u011bna zpr\u00e1va polsk\u00e9ho Sejmu o zlo\u010dinech N\u011bmc\u016f za II. sv\u011btov\u00e9 v\u00e1lky a p\u0159edseda komise, kter\u00e1 na tvorbu zpr\u00e1vy dohl\u00ed\u017e\u00ed, potvrdil, \u017ee jde o nejm\u00e9n\u011b 800 miliard EUR!<\/p>\n<p>N\u011bmeck\u00fd kancl\u00e9\u0159 Olaf Scholz v prosinci zp\u016fsobil v Polsku skand\u00e1l, kdy\u017e p\u0159iznal, \u017ee N\u011bmecko nem\u016f\u017ee Polsku platit reparace,\u00a0<a class=\"urlextern\" title=\"https:\/\/www.express.co.uk\/news\/world\/1535635\/Germany-news-Poland-Olaf-Scholz-latest-reparations-world-war-two-update\" href=\"https:\/\/www.express.co.uk\/news\/world\/1535635\/Germany-news-Poland-Olaf-Scholz-latest-reparations-world-war-two-update\" rel=\"nofollow\">proto\u017ee je u\u017e vyplatilo a vypl\u00e1c\u00ed do Bruselu!\u00a0<\/a>Polsk\u00e9, \u010cesk\u00e9 a \u0158eck\u00e9 reparace tak podle logiky Olafa Scholze kon\u010d\u00ed na \u00fa\u010dtech v\u00e1le\u010dn\u00fdch spojenc\u016f Hitlera Ital\u016f a \u0160pan\u011bl\u016f, a nebo na \u00fa\u010dtech zem\u00ed, kter\u00e9 u\u017e reparace jednou zaplaceny dostaly &#8211; Holandsko, D\u00e1nsko, Francie! No nen\u00ed asi n\u00e1hodou, kdy\u017e se \u0159\u00edk\u00e1, \u017ee EU zalo\u017eili nacist\u00e9 &#8211; logika Olafa Scholze to jenom dokl\u00e1d\u00e1!<\/p>\n<p>V \u010cesku by se tak\u00e9 m\u011bl z\u0159\u00eddit n\u011bjak\u00fd Institut Jana Karsk\u00e9ho, kter\u00fd by to N\u011bmc\u016fm spo\u010d\u00edtal! Jen\u017ee zde se rad\u011bji subvencuj\u00ed akce ukazuj\u00edc\u00ed, jak byli \u010ce\u0161i v\u016f\u010di N\u011bmc\u016fm brut\u00e1ln\u00ed a krut\u00ed!\u00a0<a class=\"urlextern\" title=\"https:\/\/www.denik.cz\/cesko-a-eu\/kultura-covid-fond-obnovy-20211211.html\" href=\"https:\/\/www.denik.cz\/cesko-a-eu\/kultura-covid-fond-obnovy-20211211.html\" rel=\"nofollow\">\u010cesko na kulturu (i muzea) plat\u00ed z dotac\u00ed z Fondu obnovy EU nejv\u00edce z cel\u00e9 EU &#8211; celkem 4,5% v\u0161ech pen\u011bz!<\/a>\u00a0Druz\u00ed nej\u0161t\u011bd\u0159ej\u0161\u00ed ke kulturn\u00ed front\u011b jsou Italov\u00e9 3,5%. Ostatn\u00ed zem\u011b se nerozpakuj\u00ed na kultu\u0159e \u0161et\u0159it! P\u0159esto Polsko investuje do Institutu Jana Karsk\u00e9ho a \u010cesko??? Co d\u011bl\u00e1 Okamura a dal\u0161\u00ed vlastenci, \u017ee u\u017e d\u00e1vno nenavrhli z\u0159\u00edzen\u00ed institutu Karsk\u00e9ho i v \u010cesku!<\/p>\n<p>&nbsp;<\/p>\n<p><a class=\"media\" title=\"440px-karski.powell_colin.jpg\" href=\"http:\/\/michalapetr.cz\/lib\/exe\/detail.php?id=start&amp;media=440px-karski.powell_colin.jpg\"><img decoding=\"async\" class=\"mediacenter\" src=\"http:\/\/michalapetr.cz\/lib\/exe\/fetch.php?w=400&amp;tok=e86645&amp;media=440px-karski.powell_colin.jpg\" alt=\"\" width=\"400\" \/><\/a><\/p>\n<p><em>(Jan Karski a Colin Powell)<\/em><\/p>\n<p><strong>Ostatn\u011b stejn\u011b soud\u00edm, \u017ee d\u00e1vat \u010desk\u00fdm \u201ekulturn\u00edk\u016fm\u201c 4,5% ze v\u0161ech dotac\u00ed EU je stejn\u00fd nesmysl, jako poslouchat Bruxelae a krmit ho!<\/strong><\/p>\n<p>Po\u0159ad najdete zde: <a class=\"urlextern\" title=\"https:\/\/youtu.be\/8l3y1igXo6g\" href=\"https:\/\/youtu.be\/8l3y1igXo6g\" rel=\"nofollow\">MAP 1078<\/a>.<\/p>\n<p><a href=\"http:\/\/michalapetr.cz\/doku.php\">ZDROJ<\/a><\/p>\n<p>&nbsp;<\/p>\n","protected":false},"excerpt":{"rendered":"<p>10. ledna po\u017e\u00e1dal ukrajinsk\u00fd velvyslanec v Berl\u00edn\u011b, aby N\u011bmecko n\u00e1hradou za sv\u00e9 zlo\u010diny proti Ukrajin\u011b&#8230;<\/p>\n","protected":false},"author":2,"featured_media":3014,"comment_status":"closed","ping_status":"closed","sticky":false,"template":"","format":"standard","meta":[],"categories":[7],"tags":[84,31,1715],"_links":{"self":[{"href":"https:\/\/www.infokuryr.cz\/n\/wp-json\/wp\/v2\/posts\/7574"}],"collection":[{"href":"https:\/\/www.infokuryr.cz\/n\/wp-json\/wp\/v2\/posts"}],"about":[{"href":"https:\/\/www.infokuryr.cz\/n\/wp-json\/wp\/v2\/types\/post"}],"author":[{"embeddable":true,"href":"https:\/\/www.infokuryr.cz\/n\/wp-json\/wp\/v2\/users\/2"}],"replies":[{"embeddable":true,"href":"https:\/\/www.infokuryr.cz\/n\/wp-json\/wp\/v2\/comments?post=7574"}],"version-history":[{"count":0,"href":"https:\/\/www.infokuryr.cz\/n\/wp-json\/wp\/v2\/posts\/7574\/revisions"}],"wp:featuredmedia":[{"embeddable":true,"href":"https:\/\/www.infokuryr.cz\/n\/wp-json\/wp\/v2\/media\/3014"}],"wp:attachment":[{"href":"https:\/\/www.infokuryr.cz\/n\/wp-json\/wp\/v2\/media?parent=7574"}],"wp:term":[{"taxonomy":"category","embeddable":true,"href":"https:\/\/www.infokuryr.cz\/n\/wp-json\/wp\/v2\/categories?post=7574"},{"taxonomy":"post_tag","embeddable":true,"href":"https:\/\/www.infokuryr.cz\/n\/wp-json\/wp\/v2\/tags?post=7574"}],"curies":[{"name":"wp","href":"https:\/\/api.w.org\/{rel}","templated":true}]}}