{"id":75728,"date":"2025-04-06T00:23:23","date_gmt":"2025-04-05T22:23:23","guid":{"rendered":"https:\/\/www.infokuryr.cz\/n\/?p=75728"},"modified":"2025-04-05T16:02:35","modified_gmt":"2025-04-05T14:02:35","slug":"pred-navstevou-tureckych-specialistu-izrael-bombardoval-syrskou-leteckou-zakladnu","status":"publish","type":"post","link":"https:\/\/www.infokuryr.cz\/n\/2025\/04\/06\/pred-navstevou-tureckych-specialistu-izrael-bombardoval-syrskou-leteckou-zakladnu\/","title":{"rendered":"P\u0159ed n\u00e1v\u0161t\u011bvou tureck\u00fdch specialist\u016f Izrael bombardoval syrskou leteckou z\u00e1kladnu"},"content":{"rendered":"<div id=\"fb-root\"><\/div>\n<p><strong><span>Turecko prozkoumalo nejm\u00e9n\u011b t\u0159i leteck\u00e9 z\u00e1kladny ve st\u0159edn\u00ed S\u00fdrii, kde by mohlo rozm\u00edstit sv\u00e9 s\u00edly v r\u00e1mci pl\u00e1novan\u00e9ho paktu o spole\u010dn\u00e9 obran\u011b s tamn\u00ed prozat\u00edmn\u00ed vl\u00e1dou vedenou islamisty, ne\u017e Izrael zas\u00e1hne m\u00edsta,\u00a0informovala 4. dubna\u00a0<\/span><a href=\"https:\/\/www.reuters.com\/world\/middle-east\/israel-hit-syrian-bases-scoped-by-turkey-hinting-regional-showdown-sources-say-2025-04-04\/\"><span>agentura Reuters s odvol\u00e1n\u00edm na \u010dty\u0159i osoby obezn\u00e1men\u00e9 s touto z\u00e1le\u017eitost\u00ed.<\/span><\/a><\/strong><\/p>\n<p><span>Region\u00e1ln\u00ed zpravodajsk\u00fd \u00fa\u0159edn\u00edk, dva syrsk\u00e9 vojensk\u00e9 zdroje a dal\u0161\u00ed syrsk\u00fd zdroj obezn\u00e1men\u00fd s touto z\u00e1le\u017eitost\u00ed \u0159ekli tiskov\u00e9 agentu\u0159e, \u017ee tureck\u00e9 vojensk\u00e9 t\u00fdmy nav\u0161t\u00edvily v minul\u00fdch t\u00fddnech leteck\u00e9 z\u00e1kladny T4 a Palm\u00fdra na v\u00fdchodn\u00edm venkov\u011b Homsu a tak\u00e9 vojensk\u00e9 leti\u0161t\u011b v z\u00e1padn\u00ed \u010d\u00e1sti Ham\u00e1.<\/span><\/p>\n<p><span>Tureck\u00e9 t\u00fdmy vyhodnotily stav vzletov\u00fdch a p\u0159ist\u00e1vac\u00edch drah, hang\u00e1r\u016f a dal\u0161\u00ed infrastruktury na z\u00e1kladn\u00e1ch, uvedl p\u0159edstavitel region\u00e1ln\u00ed zpravodajsk\u00e9 slu\u017eby.<\/span><\/p>\n<p><span>T4 a Palm\u00fdra byly zasa\u017eeny izraelsk\u00fdmi \u00fadery 21. a 25. b\u0159ezna. Pozd\u011bji 2. dubna se rozs\u00e1hlej\u0161\u00ed leteck\u00fd \u00fatok zam\u011b\u0159il na Hamu, p\u0159i\u010dem\u017e n\u011bkter\u00e9 \u00fadery zas\u00e1hly T4.<\/span><\/p>\n<p><span>Dal\u0161\u00ed pl\u00e1novan\u00e1 n\u00e1v\u0161t\u011bva T4 a Palm\u00fdry 25. b\u0159ezna byla po izraelsk\u00e9m \u00fatoku zru\u0161ena, podle p\u0159edstavitele region\u00e1ln\u00ed rozv\u011bdky a dvou syrsk\u00fdch vojensk\u00fdch zdroj\u016f.<\/span><\/p>\n<p><span>P\u0159edstavitel zpravodajsk\u00e9 slu\u017eby, kter\u00fd prozkoumal fotografie \u0161kod, \u0159ekl agentu\u0159e Reuters, \u017ee \u00fatoky &#8222;zni\u010dily p\u0159ist\u00e1vac\u00ed dr\u00e1hu, v\u011b\u017e, hang\u00e1ry a letadla, kter\u00e1 byla uzemn\u011bna. Byla to tvrd\u00e1 zpr\u00e1va, \u017ee Izrael nep\u0159ijme roz\u0161\u00ed\u0159enou tureckou p\u0159\u00edtomnost.&#8220;<\/span><\/p>\n<p><em>\u201eT4 je nyn\u00ed zcela nepou\u017eiteln\u00e1,\u201c cituje tiskov\u00e1 agentura \u010dtvrt\u00fd syrsk\u00fd zdroj, kter\u00fd m\u00e1 bl\u00edzko k Turecku.<\/em><\/p>\n<p><span>Po posledn\u00ed vln\u011b izraelsk\u00fdch \u00fader\u016f neov\u011b\u0159en\u00e9 zpr\u00e1vy uv\u00e1d\u011bly, \u017ee mezi \u010dty\u0159mi zabit\u00fdmi na vojensk\u00e9m leti\u0161ti Hama byli ture\u010dt\u00ed in\u017een\u00fd\u0159i.<\/span><\/p>\n<p><span>Izraelsk\u00fd ministr obrany Israel Katz ozna\u010dil n\u00e1lety za varov\u00e1n\u00ed, \u017ee \u201enedovol\u00edme, aby byla ohro\u017eena bezpe\u010dnost St\u00e1tu Izrael\u201c. Ministr zahrani\u010d\u00ed Gideon Saar obvinil Ankaru, \u017ee usiluje o \u201etureck\u00fd protektor\u00e1t\u201c v S\u00fdrii.<\/span><\/p>\n<p><span>Ned\u00e1vn\u00e1 zpr\u00e1va Middle\u00a0<\/span><a href=\"https:\/\/www.middleeasteye.net\/news\/turkey-moves-take-control-syrias-strategic-t4-air-base-sources\"><span>East Eye<\/span><\/a><span>\u00a0odhalila tureck\u00e9 pl\u00e1ny na rozm\u00edst\u011bn\u00ed protivzdu\u0161n\u00e9 obrany a bojov\u00fdch dron\u016f na c\u00edlov\u00e9 leteck\u00e9 z\u00e1kladny.<\/span><\/p>\n<p><span>Po zve\u0159ejn\u011bn\u00ed zpr\u00e1vy agentury Reuters \u0159ekl izraelsk\u00fd p\u0159edstavitel hebrejsk\u00fdm m\u00e9di\u00edm, \u017ee zem\u011b je p\u0159ipravena na konfrontaci s Tureckem v S\u00fdrii.<\/span><\/p>\n<p><em>&#8222;Nevyhled\u00e1v\u00e1me konflikt s Tureckem. A douf\u00e1me, \u017ee oni nehledaj\u00ed boj s n\u00e1mi,&#8220;\u00a0cituj\u00ed\u00a0<a href=\"https:\/\/www.timesofisrael.com\/liveblog_entry\/israel-opposes-turkish-military-presence-near-syrian-border-seeks-no-conflict-official\/\">Times of Israel<\/a>\u00a0\u00fa\u0159edn\u00edka. &#8222;Z\u00e1rove\u0148 nechceme, aby se Turecko usadilo na na\u0161ich hranic\u00edch.&#8220;<\/em><\/p>\n<p><em>&#8222;Z\u0159\u00edzen\u00ed vojensk\u00fdch z\u00e1kladen, n\u00e1mo\u0159n\u00edch a leteck\u00fdch z\u00e1kladen pod tureckou ochranou je n\u011bco, \u010demu chceme zabr\u00e1nit,&#8220; dodal a zd\u016fraznil, \u017ee &#8222;pro Ankaru existuj\u00ed \u010derven\u00e9 \u010d\u00e1ry&#8220;.<\/em><\/p>\n<p><span>Zat\u00edmco Izrael a Turecko by se mohly dohodnout na S\u00fdrii, \u0161ir\u0161\u00ed konfrontace mezi nimi z\u016fst\u00e1v\u00e1 velmi pravd\u011bpodobn\u00e1. Prozat\u00edmn\u00ed vl\u00e1da zem\u011b z\u016fst\u00e1v\u00e1 nejslab\u0161\u00edm \u010dl\u00e1nkem, kter\u00fd nedok\u00e1\u017ee \u0159\u00edci ne Turecku, kter\u00e9 mu pomohlo dostat se k moci, nebo bojovat proti Izraeli.<\/span><\/p>\n<p><img decoding=\"async\" loading=\"lazy\" class=\"alignnone size-full wp-image-71983\" src=\"http:\/\/www.infokuryr.cz\/n\/wp-content\/uploads\/2025\/02\/aaa.jpg\" alt=\"\" width=\"89\" height=\"23\" \/><\/p>\n<p>&nbsp;<\/p>\n","protected":false},"excerpt":{"rendered":"<p>Turecko prozkoumalo nejm\u00e9n\u011b t\u0159i leteck\u00e9 z\u00e1kladny ve st\u0159edn\u00ed S\u00fdrii, kde by mohlo rozm\u00edstit sv\u00e9 s\u00edly&#8230;<\/p>\n","protected":false},"author":2,"featured_media":75729,"comment_status":"closed","ping_status":"closed","sticky":false,"template":"","format":"standard","meta":[],"categories":[7],"tags":[107,3203,147,378,1737],"_links":{"self":[{"href":"https:\/\/www.infokuryr.cz\/n\/wp-json\/wp\/v2\/posts\/75728"}],"collection":[{"href":"https:\/\/www.infokuryr.cz\/n\/wp-json\/wp\/v2\/posts"}],"about":[{"href":"https:\/\/www.infokuryr.cz\/n\/wp-json\/wp\/v2\/types\/post"}],"author":[{"embeddable":true,"href":"https:\/\/www.infokuryr.cz\/n\/wp-json\/wp\/v2\/users\/2"}],"replies":[{"embeddable":true,"href":"https:\/\/www.infokuryr.cz\/n\/wp-json\/wp\/v2\/comments?post=75728"}],"version-history":[{"count":0,"href":"https:\/\/www.infokuryr.cz\/n\/wp-json\/wp\/v2\/posts\/75728\/revisions"}],"wp:featuredmedia":[{"embeddable":true,"href":"https:\/\/www.infokuryr.cz\/n\/wp-json\/wp\/v2\/media\/75729"}],"wp:attachment":[{"href":"https:\/\/www.infokuryr.cz\/n\/wp-json\/wp\/v2\/media?parent=75728"}],"wp:term":[{"taxonomy":"category","embeddable":true,"href":"https:\/\/www.infokuryr.cz\/n\/wp-json\/wp\/v2\/categories?post=75728"},{"taxonomy":"post_tag","embeddable":true,"href":"https:\/\/www.infokuryr.cz\/n\/wp-json\/wp\/v2\/tags?post=75728"}],"curies":[{"name":"wp","href":"https:\/\/api.w.org\/{rel}","templated":true}]}}