{"id":75713,"date":"2025-04-06T00:15:58","date_gmt":"2025-04-05T22:15:58","guid":{"rendered":"https:\/\/www.infokuryr.cz\/n\/?p=75713"},"modified":"2025-04-05T16:34:13","modified_gmt":"2025-04-05T14:34:13","slug":"vakcinacni-spicky-proteinu-pri-umrtich-na-mrtvici-jak-nebezpecne-jsou-injekce-mrna","status":"publish","type":"post","link":"https:\/\/www.infokuryr.cz\/n\/2025\/04\/06\/vakcinacni-spicky-proteinu-pri-umrtich-na-mrtvici-jak-nebezpecne-jsou-injekce-mrna\/","title":{"rendered":"Vakcina\u010dn\u00ed \u0161pi\u010dky protein\u016f p\u0159i \u00famrt\u00edch na mrtvici \u2013 jak nebezpe\u010dn\u00e9 jsou injekce mRNA?"},"content":{"rendered":"<div id=\"fb-root\"><\/div>\n<div class=\"elementor-element elementor-element-ce0c00d articlestyle elementor-widget elementor-widget-theme-post-content\" data-id=\"ce0c00d\" data-element_type=\"widget\" data-widget_type=\"theme-post-content.default\">\n<div class=\"elementor-widget-container\">\n<p><strong>Kdy\u017e ob\u011bti mrtvice vykazuj\u00ed \u0161pi\u010dat\u00e9 proteiny v mozkov\u00fdch tepn\u00e1ch i v\u00edce ne\u017e rok a p\u016fl po obdr\u017een\u00ed experiment\u00e1ln\u00edch v\u00fdst\u0159el\u016f mRNA, je to jasn\u00e9 zdravotn\u00ed varov\u00e1n\u00ed. Japon\u0161t\u00ed v\u011bdci nyn\u00ed zve\u0159ejn\u011bn\u00edm studie varuj\u00ed p\u0159ed dlouhodob\u00fdmi dopady tohoto glob\u00e1ln\u00edho masov\u00e9ho experimentu.<\/strong><\/p>\n<p>P\u0159i p\u0159irozen\u00fdch infekc\u00edch koronavirem je lidsk\u00fd organismus vystaven spike protein\u016fm pouze kr\u00e1tkou dobu. Ale technologie mRNA pro kontroverzn\u00ed, experiment\u00e1ln\u00ed koronov\u00e9 \u201evakc\u00edny\u201c m\u011bn\u00ed lidsk\u00e9 bu\u0148ky na\u00a0<a href=\"https:\/\/report24.news\/verwandeln-mrna-vakzine-menschliche-zellen-in-spike-protein-fabriken\/\">tov\u00e1rny na spike protein<\/a>\u00a0\u2013 na dlouhou dobu. Z\u00e1t\u011b\u017e, kter\u00e1 je spojena i s masivn\u00edmi zdravotn\u00edmi probl\u00e9my. Dalo by se \u0159\u00edci, \u017ee neust\u00e1l\u00e1 produkce takov\u00fdch spike protein\u016f udr\u017euje lidsk\u00fd imunitn\u00ed syst\u00e9m ve st\u00e1l\u00e9m stavu bd\u011blosti \u2013 proto by se m\u011blo mluvit o \u201e\u00a0<a href=\"https:\/\/report24.news\/dr-ralf-tillenburg-wer-geimpft-ist-hat-fuer-mich-post-vac-und-nicht-long-covid\/\">post-vac syndromu<\/a> \u201c a ne o \u201eLong Covid\u201c.<\/p>\n<p>Ale to nen\u00ed v\u0161echno. Japonsk\u00e1 studie s n\u00e1zvem \u201e\u00a0<a href=\"https:\/\/www.sciencedirect.com\/science\/article\/pii\/S096758682500195X\">Exprese SARS-CoV-2 spike proteinu v mozkov\u00fdch tepn\u00e1ch: D\u016fsledky pro hemoragickou mrtvici po vakcinaci mRNA<\/a>\u00a0\u201c ilustruje nebezpe\u010d\u00ed tohoto trval\u00e9ho spike proteinov\u00e9ho zat\u00ed\u017een\u00ed z t\u011bchto experiment\u00e1ln\u00edch mRNA \u201evakc\u00edn\u201c pro lidsk\u00fd mozek. Kdy\u017e byly zkoum\u00e1ny mozky ob\u011bt\u00ed mrtvice, byly i po t\u00e9m\u011b\u0159 roce a p\u016fl nalezeny v tepn\u00e1ch spike proteiny. Ve 43,8 procentech smrteln\u00fdch p\u0159\u00edpad\u016f mrtvice u o\u010dkovan\u00fdch lid\u00ed.<\/p>\n<h3 id=\"h-ernsthafte-sicherheitsbedenken\" class=\"wp-block-heading\">V\u00e1\u017en\u00e9 obavy o bezpe\u010dnost<\/h3>\n<p>V\u00fdzkumn\u00edci konkr\u00e9tn\u011b pouk\u00e1zali na to, \u017ee nedo\u0161lo k \u017e\u00e1dn\u00e9 aktivn\u00ed virov\u00e9 infekci. To vylou\u010dili pomoc\u00ed samostatn\u00fdch test\u016f (detekce nukleokapsidov\u00fdch protein\u016f, kter\u00e9 jsou u takov\u00fdch infekc\u00ed b\u011b\u017en\u00e9). Japon\u0161t\u00ed v\u011bdci proto vyj\u00e1d\u0159ili v\u00e1\u017en\u00e9 obavy o bezpe\u010dnost injekc\u00ed genu mRNA &#8211; zejm\u00e9na o dlouhodob\u00e9 negativn\u00ed \u00fa\u010dinky na zdrav\u00ed. Takto uzav\u0159eli:<\/p>\n<p><em>A\u010dkoli nelze zcela vylou\u010dit mo\u017enost exprese spike proteinu v d\u016fsledku asymptomatick\u00e9 infekce SARS-CoV-2, tato studie prok\u00e1zala p\u0159etrv\u00e1vaj\u00edc\u00ed p\u0159\u00edtomnost spike proteinu SARS-CoV-2 v mozkov\u00fdch tepn\u00e1ch po vakcinaci mRNA. Nav\u00edc byla pozorov\u00e1na ur\u010dit\u00e1 infiltrace z\u00e1n\u011btliv\u00fdch bun\u011bk v c\u00e9v\u00e1ch pozitivn\u00edch na hroty. Tyto v\u00fdsledky vyvol\u00e1vaj\u00ed zna\u010dn\u00e9 obavy ohledn\u011b biodistribuce vakc\u00edn na b\u00e1zi lipidov\u00fdch nano\u010d\u00e1stic a jejich dlouhodob\u00e9 bezpe\u010dnosti. K ov\u011b\u0159en\u00ed t\u011bchto v\u00fdsledk\u016f a zaji\u0161t\u011bn\u00ed komplexn\u00edho posouzen\u00ed bezpe\u010dnosti mRNA vakc\u00edn jsou nal\u00e9hav\u011b zapot\u0159eb\u00ed glob\u00e1ln\u00ed replika\u010dn\u00ed studie.<\/em><\/p>\n<p>\u010c\u00edm v\u00edce \u010dasu plyne, t\u00edm v\u00edce studi\u00ed jasn\u011b ukazuje, jak nebezpe\u010dn\u00fd je experiment s glob\u00e1ln\u00ed hmotnost\u00ed mRNA ve skute\u010dnosti. Kolik lid\u00ed kv\u016fli tomu muselo zem\u0159\u00edt a dodnes nejsou uzn\u00e1v\u00e1ni jako ob\u011bti o\u010dkov\u00e1n\u00ed? A to i p\u0159esto, \u017ee mnoh\u00e9 negativn\u00ed zdravotn\u00ed \u00fa\u010dinky genetick\u00fdch injekc\u00ed jsou st\u00e1le zjevn\u011bj\u0161\u00ed.<\/p>\n<div id=\"repor-52bb560d1e4ec1d6cc1c33ba978debbb\" class=\"repor-52bb560d1e4ec1d6cc1c33ba978debbb repor-inhalt2_mob\"><\/div>\n<\/div>\n<\/div>\n<div class=\"elementor-element elementor-element-ef8547e elementor-widget elementor-widget-shortcode\" data-id=\"ef8547e\" data-element_type=\"widget\" data-widget_type=\"shortcode.default\">\n<div class=\"elementor-widget-container\">\n<div class=\"elementor-shortcode\">\n<div class=\"cadblock hidemobile\" data-taxes=\"-1\" data-pos=\"main\" data-num=\"1\">\n<div class=\"cxt\">\n<p><img decoding=\"async\" loading=\"lazy\" class=\"alignnone size-full wp-image-71983\" src=\"http:\/\/www.infokuryr.cz\/n\/wp-content\/uploads\/2025\/02\/aaa.jpg\" alt=\"\" width=\"89\" height=\"23\" \/><\/p>\n<p>&nbsp;<\/p>\n<\/div>\n<\/div>\n<\/div>\n<\/div>\n<\/div>\n","protected":false},"excerpt":{"rendered":"<p>Kdy\u017e ob\u011bti mrtvice vykazuj\u00ed \u0161pi\u010dat\u00e9 proteiny v mozkov\u00fdch tepn\u00e1ch i v\u00edce ne\u017e rok a p\u016fl&#8230;<\/p>\n","protected":false},"author":2,"featured_media":75714,"comment_status":"closed","ping_status":"closed","sticky":false,"template":"","format":"standard","meta":[],"categories":[7],"tags":[23,694,1807,651],"_links":{"self":[{"href":"https:\/\/www.infokuryr.cz\/n\/wp-json\/wp\/v2\/posts\/75713"}],"collection":[{"href":"https:\/\/www.infokuryr.cz\/n\/wp-json\/wp\/v2\/posts"}],"about":[{"href":"https:\/\/www.infokuryr.cz\/n\/wp-json\/wp\/v2\/types\/post"}],"author":[{"embeddable":true,"href":"https:\/\/www.infokuryr.cz\/n\/wp-json\/wp\/v2\/users\/2"}],"replies":[{"embeddable":true,"href":"https:\/\/www.infokuryr.cz\/n\/wp-json\/wp\/v2\/comments?post=75713"}],"version-history":[{"count":0,"href":"https:\/\/www.infokuryr.cz\/n\/wp-json\/wp\/v2\/posts\/75713\/revisions"}],"wp:featuredmedia":[{"embeddable":true,"href":"https:\/\/www.infokuryr.cz\/n\/wp-json\/wp\/v2\/media\/75714"}],"wp:attachment":[{"href":"https:\/\/www.infokuryr.cz\/n\/wp-json\/wp\/v2\/media?parent=75713"}],"wp:term":[{"taxonomy":"category","embeddable":true,"href":"https:\/\/www.infokuryr.cz\/n\/wp-json\/wp\/v2\/categories?post=75713"},{"taxonomy":"post_tag","embeddable":true,"href":"https:\/\/www.infokuryr.cz\/n\/wp-json\/wp\/v2\/tags?post=75713"}],"curies":[{"name":"wp","href":"https:\/\/api.w.org\/{rel}","templated":true}]}}