{"id":75702,"date":"2025-04-05T07:37:36","date_gmt":"2025-04-05T05:37:36","guid":{"rendered":"https:\/\/www.infokuryr.cz\/n\/?p=75702"},"modified":"2025-04-05T07:37:36","modified_gmt":"2025-04-05T05:37:36","slug":"vyjadreni-jindricha-rajchla-predsedy-strany-pro-k-capimu-hnizdu-a-andrejovi-babisovi","status":"publish","type":"post","link":"https:\/\/www.infokuryr.cz\/n\/2025\/04\/05\/vyjadreni-jindricha-rajchla-predsedy-strany-pro-k-capimu-hnizdu-a-andrejovi-babisovi\/","title":{"rendered":"Vyj\u00e1d\u0159en\u00ed Jind\u0159icha Rajchla (p\u0159edsedy strany PRO) k \u010cap\u00edmu hn\u00edzdu a Andrejovi Babi\u0161ovi"},"content":{"rendered":"<div id=\"fb-root\"><\/div>\n<div class=\"introtext\">\n<p>V nadch\u00e1zej\u00edc\u00ed p\u0159edvolebn\u00ed kampani jsem p\u0159ipraven v dresu na\u0161eho spojen\u00ed vlasteneck\u00fdch stran SPD+PRO+Trikolora+Svobodn\u00ed bojovat o ka\u017ed\u00fd jeden hlas s hnut\u00edm ANO.<\/p>\n<\/div>\n<div class=\"fulltext\">\n<h3 dir=\"auto\"><strong>Ale v\u00fdhradn\u011b \u010destn\u00fdm zp\u016fsobem.<\/strong><\/h3>\n<p dir=\"auto\">Chci p\u0159esv\u011bd\u010dit na\u0161e ob\u010dany, \u017ee nab\u00edz\u00edme lep\u0161\u00ed program, skute\u010dn\u00e9 zlevn\u011bn\u00ed energi\u00ed na z\u00e1klad\u011b odchodu z Lipsk\u00e9 burzy, definitivn\u00ed ukon\u010den\u00ed podpory banderistick\u00e9ho re\u017eimu Volodymyra Zelensk\u00e9ho a konec prote\u017eov\u00e1n\u00ed ukrajinsk\u00fdch migrant\u016f na na\u0161em \u00fazem\u00ed. Chci jim vysv\u011btlit, \u017ee na\u0161e zem\u011b pot\u0159ebuje ve sv\u00e9m \u010dele lidi, kte\u0159\u00ed p\u016fjdou do p\u0159\u00edm\u00e9ho st\u0159etu s von der Leyenovou a ne s Putinem, a \u017ee my bychom nikdy nedovolili zaveden\u00ed covidov\u00e9 totality. Na z\u00e1klad\u011b zad\u00e1n\u00ed farmaceutick\u00fdch gigant\u016f.<\/p>\n<h3 dir=\"auto\"><strong>Nicm\u00e9n\u011b se rozhodn\u011b nehodl\u00e1m uch\u00fdlit k podp\u00e1sovk\u00e1m, jak\u00fdm je neust\u00e1l\u00e9 recyklov\u00e1n\u00ed kauzy \u010cap\u00ed hn\u00edzdo.<\/strong><\/h3>\n<p dir=\"auto\">Je skute\u010dn\u011b a\u017e sm\u011b\u0161n\u00e9, \u017ee v\u011bc, v n\u00ed\u017e nevznikla nikomu \u017e\u00e1dn\u00e1 \u0161koda, a je tud\u00ed\u017e z pr\u00e1vn\u00edho hlediska zcela margin\u00e1ln\u00ed, dost\u00e1v\u00e1 mnohem v\u00edce medi\u00e1ln\u00ed pozornosti, ne\u017e kauza Dozimetr, je\u017e byla syst\u00e9movou korupc\u00ed toho nejhrub\u0161\u00edho zrna, kter\u00e1 za sebou zanechala 5 ob\u011bt\u00ed.<\/p>\n<p dir=\"auto\">Pokud chce n\u011bkdo v\u011b\u0159it tomu, \u017ee na tuto disproporci nem\u00e1 V\u00edt Raku\u0161an \u017e\u00e1dn\u00fd vliv, pak je to jeho pln\u00e9 pr\u00e1vo. Nicm\u00e9n\u011b j\u00e1 fakt nep\u0159ijel do Prahy na babet\u011b a nem\u00e1m na \u010dele namalovanou jitrnici.<\/p>\n<p dir=\"auto\">Tenhle zp\u016fsob politick\u00e9ho boje, kdy je trestn\u00ed \u0159\u00edzen\u00ed zneu\u017e\u00edv\u00e1no proti politick\u00e9mu oponentovi, prost\u011b do mantinel\u016f demokratick\u00e9ho pr\u00e1vn\u00edho st\u00e1tu nepat\u0159\u00ed.<\/p>\n<p dir=\"auto\">Mo\u017en\u00e1 to soudruzi v p\u011btikoalici okoukali v Kyjev\u011b, kde je tato taktika zcela b\u011b\u017enou prax\u00ed. Nicm\u00e9n\u011b my bychom ji m\u011bli kategoricky odm\u00edtnout.<\/p>\n<h3 dir=\"auto\"><strong>Tady toti\u017e opravdu nejde o Babi\u0161e, n\u00fdbr\u017e o budoucnost na\u0161\u00ed zem\u011b.<\/strong><\/h3>\n<p dir=\"auto\">Pokud budeme tolerovat, \u010di dokonce aktivn\u011b podporovat ingerenci org\u00e1n\u016f \u010dinn\u00fdch v trestn\u00edm \u0159\u00edzen\u00ed do politick\u00e9ho kl\u00e1n\u00ed, tak n\u00e1s nic dobr\u00e9ho ne\u010dek\u00e1.<\/p>\n<p dir=\"auto\">Masaryk kdysi \u0159ekl, \u017ee z\u00e1kladem st\u00e1tu je spravedlnost.<\/p>\n<div class=\"x11i5rnm xat24cr x1mh8g0r x1vvkbs xtlvy1s x126k92a\">\n<p dir=\"auto\">A pokud se \u010cap\u00ed hn\u00edzdo ve volebn\u00edm roce znovu vr\u00e1t\u00ed do hry, zat\u00edmco Dozimetr je potichu zamet\u00e1v\u00e1n pod koberec, kdy\u017e se z n\u011bj vylu\u010duje jeden soudce za druh\u00fdm, tak to s nespravedlnost\u00ed nem\u00e1 opravdu v\u016fbec nic spole\u010dn\u00e9ho.<\/p>\n<p dir=\"auto\"><strong><em>Jind\u0159ich Rajchl<\/em><\/strong><\/p>\n<\/div>\n<p dir=\"auto\"><a href=\"https:\/\/stranapro.cz\/\"><img decoding=\"async\" loading=\"lazy\" class=\"wp-image-40286 aligncenter\" src=\"http:\/\/www.infokuryr.cz\/n\/wp-content\/uploads\/2023\/11\/12pro-300x87.png\" alt=\"\" width=\"859\" height=\"249\" srcset=\"https:\/\/www.infokuryr.cz\/n\/wp-content\/uploads\/2023\/11\/12pro-300x87.png 300w, https:\/\/www.infokuryr.cz\/n\/wp-content\/uploads\/2023\/11\/12pro.png 366w\" sizes=\"(max-width: 859px) 100vw, 859px\" \/><\/a><\/p>\n<p dir=\"auto\">\n<\/div>\n","protected":false},"excerpt":{"rendered":"<p>V nadch\u00e1zej\u00edc\u00ed p\u0159edvolebn\u00ed kampani jsem p\u0159ipraven v dresu na\u0161eho spojen\u00ed vlasteneck\u00fdch stran SPD+PRO+Trikolora+Svobodn\u00ed bojovat o&#8230;<\/p>\n","protected":false},"author":2,"featured_media":67295,"comment_status":"closed","ping_status":"closed","sticky":false,"template":"","format":"standard","meta":[],"categories":[6],"tags":[126,2992,811],"_links":{"self":[{"href":"https:\/\/www.infokuryr.cz\/n\/wp-json\/wp\/v2\/posts\/75702"}],"collection":[{"href":"https:\/\/www.infokuryr.cz\/n\/wp-json\/wp\/v2\/posts"}],"about":[{"href":"https:\/\/www.infokuryr.cz\/n\/wp-json\/wp\/v2\/types\/post"}],"author":[{"embeddable":true,"href":"https:\/\/www.infokuryr.cz\/n\/wp-json\/wp\/v2\/users\/2"}],"replies":[{"embeddable":true,"href":"https:\/\/www.infokuryr.cz\/n\/wp-json\/wp\/v2\/comments?post=75702"}],"version-history":[{"count":0,"href":"https:\/\/www.infokuryr.cz\/n\/wp-json\/wp\/v2\/posts\/75702\/revisions"}],"wp:featuredmedia":[{"embeddable":true,"href":"https:\/\/www.infokuryr.cz\/n\/wp-json\/wp\/v2\/media\/67295"}],"wp:attachment":[{"href":"https:\/\/www.infokuryr.cz\/n\/wp-json\/wp\/v2\/media?parent=75702"}],"wp:term":[{"taxonomy":"category","embeddable":true,"href":"https:\/\/www.infokuryr.cz\/n\/wp-json\/wp\/v2\/categories?post=75702"},{"taxonomy":"post_tag","embeddable":true,"href":"https:\/\/www.infokuryr.cz\/n\/wp-json\/wp\/v2\/tags?post=75702"}],"curies":[{"name":"wp","href":"https:\/\/api.w.org\/{rel}","templated":true}]}}