{"id":75676,"date":"2025-04-05T00:24:21","date_gmt":"2025-04-04T22:24:21","guid":{"rendered":"https:\/\/www.infokuryr.cz\/n\/?p=75676"},"modified":"2025-04-04T10:37:18","modified_gmt":"2025-04-04T08:37:18","slug":"hizballah-usilujici-o-sblizeni-a-odsuzuje-smrtici-izraelske-utoky-na-syrii","status":"publish","type":"post","link":"https:\/\/www.infokuryr.cz\/n\/2025\/04\/05\/hizballah-usilujici-o-sblizeni-a-odsuzuje-smrtici-izraelske-utoky-na-syrii\/","title":{"rendered":"Hizball\u00e1h usiluj\u00edc\u00ed o sbl\u00ed\u017een\u00ed a odsuzuje smrt\u00edc\u00ed izraelsk\u00e9 \u00fatoky na S\u00fdrii"},"content":{"rendered":"<div id=\"fb-root\"><\/div>\n<p><strong><span>Hizball\u00e1h 3. dubna odsoudil to, co nazval americko-izraelskou \u201ebarbarskou agres\u00ed\u201c proti S\u00fdrii, Jemenu, p\u00e1smu Gazy a Libanonu.<\/span><\/strong><\/p>\n<p><span>V prohl\u00e1\u0161en\u00ed skupina uvedla, \u017ee ned\u00e1vn\u00e9 \u00fatoky na zem\u011b byly sou\u010d\u00e1st\u00ed \u0161ir\u0161\u00ed otev\u0159en\u00e9 v\u00e1lky veden\u00e9 \u201eamericko-sionistickou osou zla\u201c proti lidem v regionu, destabilizuj\u00edc\u00ed zem\u011b, poru\u0161ov\u00e1n\u00ed jejich suverenity a vy\u010derp\u00e1n\u00ed jejich zdroj\u016f ve snaze prosadit hegemonii USA a slou\u017eit izraelsk\u00fdm z\u00e1jm\u016fm.<\/span><\/p>\n<p><span>Hizball\u00e1h tak\u00e9 zd\u016fraznil, \u017ee opakovan\u00e9 \u00fadery a vp\u00e1dy Izraele do S\u00fdrie byly zam\u011b\u0159eny na oslaben\u00ed syrsk\u00e9ho st\u00e1tu a zabr\u00e1n\u011bn\u00ed jeho obnov\u011b a ozna\u010dil to za flagrantn\u00ed poru\u0161en\u00ed suverenity zem\u011b.<\/span><\/p>\n<p><span>Skupina d\u00e1le ocenila odolnost syrsk\u00e9ho lidu a uvedla ned\u00e1vnou izraelskou invazi, kter\u00e1 si vy\u017e\u00e1dala ztr\u00e1ty na \u017eivotech, jako d\u016fkaz pokra\u010duj\u00edc\u00ed odhodl\u00e1n\u00ed S\u00fdrie br\u00e1nit se okupaci.<\/span><\/p>\n<p><span>P\u0159es noc zas\u00e1hla intenzivn\u00ed vlna izraelsk\u00fdch \u00fader\u016f vojensk\u00e1 m\u00edsta pobl\u00ed\u017e syrsk\u00e9ho hlavn\u00edho m\u011bsta Dama\u0161ku a tak\u00e9 centr\u00e1ln\u00edch guberni\u00ed Ham\u00e1 a Homs, v\u010detn\u011b dvou leteck\u00fdch z\u00e1kladen a v\u00fdzkumn\u00e9ho za\u0159\u00edzen\u00ed, a zabila nejm\u00e9n\u011b \u010dty\u0159i lidi. Ke st\u0159et\u016fm do\u0161lo tak\u00e9 v ji\u017en\u00ed provincii Daraa, kdy\u017e se m\u00edstn\u00ed obyvatel\u00e9 chopili zbran\u00ed, aby zastavili izraelskou invazi. Zem\u0159elo tam nejm\u00e9n\u011b dev\u011bt.<\/span><\/p>\n<p><span>Hizball\u00e1h ve stejn\u00e9m prohl\u00e1\u0161en\u00ed odsoudil \u201etrvalou americkou agresi\u201c a \u201ehumanit\u00e1rn\u00ed zv\u011brstva\u201c sp\u00e1chan\u00e1 na jemensk\u00e9m lidu. Skupina uvedla, \u017ee tyto akce byly zam\u011b\u0159eny na n\u00e1tlak na Jemen, aby se vzdal podpory Gazy.<\/span><\/p>\n<p><span>Hizball\u00e1h tak\u00e9 odsoudil pokra\u010duj\u00edc\u00ed izraelsk\u00e9 \u00fatoky na Palestinu, zejm\u00e9na na Gazu, a upozornil na \u201epokra\u010duj\u00edc\u00ed genocidu\u201c a \u00fasil\u00ed o vys\u00eddlen\u00ed, kter\u00e9 se d\u011bje pod o\u010dima mezin\u00e1rodn\u00edho spole\u010denstv\u00ed.<\/span><\/p>\n<p><em>\u201ePokra\u010duj\u00edc\u00ed genocida a nucen\u00e9 vys\u00eddlov\u00e1n\u00ed, prov\u00e1d\u011bn\u00e9 pod bedliv\u00fdm dohledem lhostejn\u00e9ho mezin\u00e1rodn\u00edho spole\u010denstv\u00ed, ukazuj\u00ed, \u017ee nep\u0159\u00edtel nedok\u00e1zal zlomit v\u016fli palestinsk\u00e9ho odporu a ne\u00fastupn\u00e9ho ducha jeho lidu,\u201c stoj\u00ed v prohl\u00e1\u0161en\u00ed.<\/em><\/p>\n<p><span>V Libanonu Hizball\u00e1h pouk\u00e1zal na opakovan\u00e9 izraelsk\u00e9 \u00fatoky a pokra\u010duj\u00edc\u00ed tlak USA, kter\u00fd se podle n\u011bj sna\u017e\u00ed kr\u00fdt izraelsk\u00e9 zlo\u010diny a ukl\u00e1dat sv\u00e9 podm\u00ednky prost\u0159ednictv\u00edm vyslanc\u016f jednaj\u00edc\u00edch jm\u00e9nem sionistick\u00e9 entity.<\/span><\/p>\n<p><span>Hizball\u00e1h varoval, \u017ee tato nebezpe\u010dn\u00e1 eskalace stav\u00ed cel\u00fd region do kritick\u00e9ho bodu, kter\u00fd vy\u017eaduje jednotu mezi jeho n\u00e1rody, aby \u010delily t\u011bmto existen\u010dn\u00edm hrozb\u00e1m.<\/span><\/p>\n<p><em>&#8222;Rovnice je jasn\u00e1: bu\u010f konfrontace, nebo podroben\u00ed se nep\u0159\u00e1telsk\u00fdm pl\u00e1n\u016fm, kter\u00e9 se nesna\u017e\u00ed o nic men\u0161\u00edho ne\u017e o podman\u011bn\u00ed regionu a ovl\u00e1dnut\u00ed jeho lid\u00ed a zdroj\u016f,&#8220; uvedlo prohl\u00e1\u0161en\u00ed.<\/em><\/p>\n<p><span>Skupina znovu potvrdila svou plnou solidaritu se S\u00fdri\u00ed, Jemenem a p\u00e1smem Gazy a vyzvala v\u0161echny svobodn\u00e9 n\u00e1rody, aby proti t\u011bmto zlo\u010din\u016fm zvedly sv\u016fj hlas.<\/span><\/p>\n<p><span>Hizball\u00e1h utrp\u011bl t\u011b\u017ek\u00e9 ztr\u00e1ty v posledn\u00ed konfrontaci s Izraelem, kter\u00e1 vypukla v d\u016fsledku v\u00e1lky v Gaze. Od lo\u0148sk\u00e9ho listopadu, kdy v Libanonu vstoupilo v platnost p\u0159\u00edm\u011b\u0159\u00ed zprost\u0159edkovan\u00e9 Spojen\u00fdmi st\u00e1ty, se skupina z velk\u00e9 \u010d\u00e1sti zdr\u017eela odpov\u011bdi na Izrael.<\/span><\/p>\n<p><span>V prosinci skupina utrp\u011bla dal\u0161\u00ed velkou r\u00e1nu, kdy\u017e jej\u00ed bl\u00edzk\u00fd spojenec syrsk\u00fd prezident Ba\u0161\u00e1r al-Asad uprchl ze sv\u00e9 zem\u011b po rozs\u00e1hl\u00e9 ofenz\u00edv\u011b rebel\u016f. Hlavn\u00ed z\u00e1sobovac\u00ed linky skupiny byly fakticky p\u0159eru\u0161eny zhroucen\u00edm re\u017eimu v S\u00fdrii.<\/span><\/p>\n<p><span>Hizball\u00e1h podporoval Asada proti rebel\u016fm, v\u010detn\u011b islamistick\u00e9 skupiny Hay&#8217;at Tahrir al-Sham (HTS), kter\u00e1 vedla posledn\u00ed ofenz\u00edvu od vypuknut\u00ed v\u00e1lky v S\u00fdrii.<\/span><\/p>\n<p><span>Nicm\u00e9n\u011b od p\u00e1du re\u017eimu skupina vyj\u00e1d\u0159ila svou podporu vznikaj\u00edc\u00ed vl\u00e1d\u011b veden\u00e9 islamisty v S\u00fdrii.<\/span><\/p>\n<p><span>I kdy\u017e si vl\u00e1dn\u00ed z\u00e1sah vy\u017e\u00e1dal \u017eivoty v\u00edce ne\u017e 1600 civilist\u016f, v\u011bt\u0161inou p\u0159\u00edslu\u0161n\u00edk\u016f \u0161\u00editsk\u00e9 n\u00e1bo\u017eensk\u00e9 men\u0161iny alavit\u016f, Hizball\u00e1h loni v b\u0159eznu nezas\u00e1hl a vyj\u00e1d\u0159il sv\u016fj respekt k suverenit\u011b a \u00fazemn\u00ed celistvosti zem\u011b.<\/span><\/p>\n<p><span>Zat\u00edmco ned\u00e1vn\u00e9 prohl\u00e1\u0161en\u00ed se t\u00fdkalo eskalace na cel\u00e9m Bl\u00edzk\u00e9m v\u00fdchod\u011b, bylo bezpochyby zam\u011b\u0159eno zejm\u00e9na na S\u00fdrii.<\/span><\/p>\n<p><span>Hizball\u00e1h zjevn\u011b vid\u00ed ned\u00e1vnou izraelskou eskalaci proti zemi jako \u0161anci na sbl\u00ed\u017een\u00ed, kter\u00e9 by p\u0159\u00edpadn\u011b mohlo znovu otev\u0159\u00edt jeho z\u00e1sobovac\u00ed trasy.<\/span><\/p>\n<p><span>Mezit\u00edm islamist\u00e9 vl\u00e1dnouc\u00ed S\u00fdrii, kte\u0159\u00ed jsou p\u0159ev\u00e1\u017en\u011b z \u0159ad nyn\u00ed rozpu\u0161t\u011bn\u00e9 HTS, Hizball\u00e1h opakovan\u011b kritizovali, dokonce za\u0161li tak daleko, \u017ee obvinili skupinu z \u00fatoku na vl\u00e1dn\u00ed jednotky na hranici s Libanonem na za\u010d\u00e1tku tohoto roku.<\/span><\/p>\n<p><span>Zat\u00edmco nov\u00ed syr\u0161t\u00ed vl\u00e1dci zpo\u010d\u00e1tku doufali, \u017ee jejich tvrd\u00fd postoj v\u016f\u010di Hizball\u00e1hu a \u00cdr\u00e1nu jim poskytne v\u00e1\u017enou politickou, ekonomickou a vojenskou podporu ze strany st\u00e1t\u016f Persk\u00e9ho z\u00e1livu a Z\u00e1padu, \u017e\u00e1dn\u00e1 z t\u011bchto nad\u011bj\u00ed se zat\u00edm nenaplnila.<\/span><\/p>\n<p><span>Dokonce i schopnost a ochota Turecka podporovat novou vl\u00e1du v S\u00fdrii byla zpochybn\u011bna ned\u00e1vn\u00fdmi \u00fatoky Izraele na zemi, kter\u00e9 m\u011bly Ankaru odradit.<\/span><\/p>\n<p><span>Pokud bude Izrael pokra\u010dovat v eskalaci proti S\u00fdrii, bude muset vl\u00e1da bu\u010f p\u0159istoupit na kompromis a\u017e do bodu oslaben\u00ed sv\u00e9 vlastn\u00ed islamistick\u00e9 struktury, nebo by mohla ud\u011blat posun sm\u011brem k Hizball\u00e1hu a \u00cdr\u00e1nu. Ob\u011b strany koneckonc\u016f sd\u00edlej\u00ed ideologii zalo\u017eenou na isl\u00e1mu a sunnitsk\u00e9 hnut\u00ed Ham\u00e1s, kter\u00e9 mezi prvn\u00edmi podpo\u0159ilo povst\u00e1n\u00ed v S\u00fdrii, je jedn\u00edm z kl\u00ed\u010dov\u00fdch spojenc\u016f Hizball\u00e1hu.<\/span><\/p>\n<p><span>Hizball\u00e1h, \u00cdr\u00e1n a zbytek takzvan\u00e9 \u201eOsy odporu\u201c by mohly syrsk\u00e9 vl\u00e1d\u011b poskytnout v\u00fdznamnou podporu, zejm\u00e9na vojenskou. Takov\u00e1 aliance by mohla pro Izrael p\u0159edstavovat je\u0161t\u011b v\u011bt\u0161\u00ed hrozbu ne\u017e ta, kter\u00e1 existovala p\u0159ed p\u00e1dem Asadova re\u017eimu.<\/span><\/p>\n<p><img decoding=\"async\" loading=\"lazy\" class=\"alignnone size-full wp-image-71983\" src=\"http:\/\/www.infokuryr.cz\/n\/wp-content\/uploads\/2025\/02\/aaa.jpg\" alt=\"\" width=\"89\" height=\"23\" \/><\/p>\n<p>&nbsp;<\/p>\n","protected":false},"excerpt":{"rendered":"<p>Hizball\u00e1h 3. dubna odsoudil to, co nazval americko-izraelskou \u201ebarbarskou agres\u00ed\u201c proti S\u00fdrii, Jemenu, p\u00e1smu Gazy&#8230;<\/p>\n","protected":false},"author":2,"featured_media":75677,"comment_status":"closed","ping_status":"closed","sticky":false,"template":"","format":"standard","meta":[],"categories":[7],"tags":[6772,107,3535,4815,147],"_links":{"self":[{"href":"https:\/\/www.infokuryr.cz\/n\/wp-json\/wp\/v2\/posts\/75676"}],"collection":[{"href":"https:\/\/www.infokuryr.cz\/n\/wp-json\/wp\/v2\/posts"}],"about":[{"href":"https:\/\/www.infokuryr.cz\/n\/wp-json\/wp\/v2\/types\/post"}],"author":[{"embeddable":true,"href":"https:\/\/www.infokuryr.cz\/n\/wp-json\/wp\/v2\/users\/2"}],"replies":[{"embeddable":true,"href":"https:\/\/www.infokuryr.cz\/n\/wp-json\/wp\/v2\/comments?post=75676"}],"version-history":[{"count":0,"href":"https:\/\/www.infokuryr.cz\/n\/wp-json\/wp\/v2\/posts\/75676\/revisions"}],"wp:featuredmedia":[{"embeddable":true,"href":"https:\/\/www.infokuryr.cz\/n\/wp-json\/wp\/v2\/media\/75677"}],"wp:attachment":[{"href":"https:\/\/www.infokuryr.cz\/n\/wp-json\/wp\/v2\/media?parent=75676"}],"wp:term":[{"taxonomy":"category","embeddable":true,"href":"https:\/\/www.infokuryr.cz\/n\/wp-json\/wp\/v2\/categories?post=75676"},{"taxonomy":"post_tag","embeddable":true,"href":"https:\/\/www.infokuryr.cz\/n\/wp-json\/wp\/v2\/tags?post=75676"}],"curies":[{"name":"wp","href":"https:\/\/api.w.org\/{rel}","templated":true}]}}