{"id":75561,"date":"2025-04-03T06:27:27","date_gmt":"2025-04-03T04:27:27","guid":{"rendered":"https:\/\/www.infokuryr.cz\/n\/?p=75561"},"modified":"2025-04-03T06:28:31","modified_gmt":"2025-04-03T04:28:31","slug":"vzajemna-cla-akce-proti-pateticke-eu-klicove-body-trumpova-globalniho-oznameni-o-celnich-tarifech","status":"publish","type":"post","link":"https:\/\/www.infokuryr.cz\/n\/2025\/04\/03\/vzajemna-cla-akce-proti-pateticke-eu-klicove-body-trumpova-globalniho-oznameni-o-celnich-tarifech\/","title":{"rendered":"\u201eVz\u00e1jemn\u00e1\u201c cla, akce proti \u201epatetick\u00e9\u201c EU: Kl\u00ed\u010dov\u00e9 body Trumpova glob\u00e1ln\u00edho ozn\u00e1men\u00ed o celn\u00edch tarifech"},"content":{"rendered":"<div id=\"fb-root\"><\/div>\n<h3>Americk\u00fd prezident uvalil odvody na mnoho americk\u00fdch obchodn\u00edch partner\u016f<\/h3>\n<p>Americk\u00fd prezident Donald Trump ve st\u0159edu ozn\u00e1mil plo\u0161n\u00e1 cla v\u016f\u010di mnoha zem\u00edm. Tento krok je sou\u010d\u00e1st\u00ed jeho tolik propagovan\u00e9 strategie \u201eAmerika na prvn\u00edm m\u00edst\u011b\u201c, jej\u00edm\u017e c\u00edlem je podpo\u0159it dom\u00e1c\u00ed produkci a napravit to, co prezident naz\u00fdv\u00e1 nekal\u00fdmi obchodn\u00edmi praktikami.<\/p>\n<p>Nov\u00e1 sada cel eskaluje obchodn\u00ed v\u00e1lku, kterou Trump d\u0159\u00edve zah\u00e1jil s \u010c\u00ednou, Kanadou a Mexikem.<\/p>\n<p><em>&#8222;Sou\u010dasn\u00fd glob\u00e1ln\u00ed obchodn\u00ed \u0159\u00e1d umo\u017e\u0148uje t\u011bm, kte\u0159\u00ed pou\u017e\u00edvaj\u00ed nekal\u00e9 obchodn\u00ed praktiky, dostat se vp\u0159ed, zat\u00edmco ti, kte\u0159\u00ed hraj\u00ed podle pravidel, z\u016fst\u00e1vaj\u00ed pozadu,&#8220;<\/em>\u00a0uvedl B\u00edl\u00fd d\u016fm.\u00a0<em>&#8222;V roce 2024 p\u0159es\u00e1hl n\u00e1\u0161 obchodn\u00ed deficit se zbo\u017e\u00edm 1,2 bilionu dolar\u016f &#8211; neudr\u017eiteln\u00e1 krize, kterou p\u0159edchoz\u00ed veden\u00ed ignorovalo.&#8220;<\/em><\/p>\n<h3><strong>&#8218;Den osvobozen\u00ed&#8216;<\/strong><\/h3>\n<p>Trump navrhl sv\u00e1 cla \u201eDen osvobozen\u00ed\u201c jako prost\u0159edek k obnoven\u00ed obchodn\u00ed rovnov\u00e1hy. \u010casto obvi\u0148oval ciz\u00ed st\u00e1ty ze zneu\u017e\u00edv\u00e1n\u00ed otev\u0159enosti americk\u00e9ho trhu a z\u00a0<em>\u201eokr\u00e1d\u00e1n\u00ed\u201c<\/em>\u00a0americk\u00e9ho lidu.<\/p>\n<p><em>&#8222;<\/em>\u00a0Toto je podle m\u00e9ho n\u00e1zoru jeden z nejd\u016fle\u017eit\u011bj\u0161\u00edch dn\u016f v americk\u00e9 historii. Je to na\u0161e deklarace ekonomick\u00e9 nez\u00e1vislosti,&#8220; \u0159ekl Trump novin\u00e1\u0159\u016fm v R\u016f\u017eov\u00e9 zahrad\u011b.<\/p>\n<p><em>&#8222;P\u0159epln\u00edme na\u0161i dom\u00e1c\u00ed pr\u016fmyslovou z\u00e1kladnu. Otev\u0159eme zahrani\u010dn\u00ed trhy a prolom\u00edme bari\u00e9ry zahrani\u010dn\u00edho obchodu a v kone\u010dn\u00e9m d\u016fsledku bude v\u011bt\u0161\u00ed dom\u00e1c\u00ed produkce znamenat siln\u011bj\u0161\u00ed konkurenci a ni\u017e\u0161\u00ed ceny pro spot\u0159ebitele,&#8220;<\/em>\u00a0\u0159ekl.<\/p>\n<h3><strong>Z\u00e1kladn\u00ed clo<\/strong><\/h3>\n<p>USA zavedou 10% z\u00e1kladn\u00ed clo na ve\u0161ker\u00fd dovoz, kter\u00e9 vstoup\u00ed v platnost 5. dubna. Prezident argumentoval, \u017ee opat\u0159en\u00ed bylo nezbytn\u00e9 k ochran\u011b americk\u00fdch v\u00fdrobc\u016f.<\/p>\n<h3><strong>\u201eVz\u00e1jemn\u00e9\u201c povinnosti<\/strong><\/h3>\n<p>Trump nav\u00edc \u0159ekl, \u017ee ude\u0159\u00ed des\u00edtky zem\u00ed, s nimi\u017e maj\u00ed USA velk\u00e9 obchodn\u00ed deficity,\u00a0<em>\u201eindividu\u00e1ln\u00edm recipro\u010dn\u00edm vy\u0161\u0161\u00edm clem\u201c,<\/em>\u00a0kter\u00e9 vstoup\u00ed v platnost 9. dubna. Zem\u011b zasa\u017een\u00e9 mimo\u0159\u00e1dn\u00fdmi cly ozna\u010dil za\u00a0<em>\u201enejhor\u0161\u00ed provinilce\u201c.<\/em><\/p>\n<p>Mezi zem\u011b, na kter\u00e9 se vztahuj\u00ed\u00a0<em>\u201erecipro\u010dn\u00ed\u201c<\/em>\u00a0cla, pat\u0159\u00ed \u010c\u00edna (34 %), Indie (26 %), Japonsko (24 %), Ji\u017en\u00ed Korea (25 %), Ji\u017en\u00ed Afrika (30 %) a Spojen\u00e9 kr\u00e1lovstv\u00ed (10 %).<\/p>\n<div class=\"rtcode\">\n<div class=\"twitter-tweet twitter-tweet-rendered\"><iframe id=\"twitter-widget-0\" class=\"\" title=\"P\u0159\u00edsp\u011bvek X\" src=\"https:\/\/platform.twitter.com\/embed\/Tweet.html?creatorScreenName=RT_com&amp;dnt=false&amp;embedId=twitter-widget-0&amp;features=eyJ0ZndfdGltZWxpbmVfbGlzdCI6eyJidWNrZXQiOltdLCJ2ZXJzaW9uIjpudWxsfSwidGZ3X2ZvbGxvd2VyX2NvdW50X3N1bnNldCI6eyJidWNrZXQiOnRydWUsInZlcnNpb24iOm51bGx9LCJ0ZndfdHdlZXRfZWRpdF9iYWNrZW5kIjp7ImJ1Y2tldCI6Im9uIiwidmVyc2lvbiI6bnVsbH0sInRmd19yZWZzcmNfc2Vzc2lvbiI6eyJidWNrZXQiOiJvbiIsInZlcnNpb24iOm51bGx9LCJ0ZndfZm9zbnJfc29mdF9pbnRlcnZlbnRpb25zX2VuYWJsZWQiOnsiYnVja2V0Ijoib24iLCJ2ZXJzaW9uIjpudWxsfSwidGZ3X21peGVkX21lZGlhXzE1ODk3Ijp7ImJ1Y2tldCI6InRyZWF0bWVudCIsInZlcnNpb24iOm51bGx9LCJ0ZndfZXhwZXJpbWVudHNfY29va2llX2V4cGlyYXRpb24iOnsiYnVja2V0IjoxMjA5NjAwLCJ2ZXJzaW9uIjpudWxsfSwidGZ3X3Nob3dfYmlyZHdhdGNoX3Bpdm90c19lbmFibGVkIjp7ImJ1Y2tldCI6Im9uIiwidmVyc2lvbiI6bnVsbH0sInRmd19kdXBsaWNhdGVfc2NyaWJlc190b19zZXR0aW5ncyI6eyJidWNrZXQiOiJvbiIsInZlcnNpb24iOm51bGx9LCJ0ZndfdXNlX3Byb2ZpbGVfaW1hZ2Vfc2hhcGVfZW5hYmxlZCI6eyJidWNrZXQiOiJvbiIsInZlcnNpb24iOm51bGx9LCJ0ZndfdmlkZW9faGxzX2R5bmFtaWNfbWFuaWZlc3RzXzE1MDgyIjp7ImJ1Y2tldCI6InRydWVfYml0cmF0ZSIsInZlcnNpb24iOm51bGx9LCJ0ZndfbGVnYWN5X3RpbWVsaW5lX3N1bnNldCI6eyJidWNrZXQiOnRydWUsInZlcnNpb24iOm51bGx9LCJ0ZndfdHdlZXRfZWRpdF9mcm9udGVuZCI6eyJidWNrZXQiOiJvbiIsInZlcnNpb24iOm51bGx9fQ%3D%3D&amp;frame=false&amp;hideCard=false&amp;hideThread=false&amp;id=1907533090559324204&amp;lang=cs&amp;origin=https%3A%2F%2Fwww.rt.com%2Fnews%2F615165-trump-tariffs-key-points%2F&amp;sessionId=b08655faedd0ae46d9da4b248e85d0c5cab5eb5d&amp;siteScreenName=RT_com&amp;theme=light&amp;widgetsVersion=2615f7e52b7e0%3A1702314776716&amp;width=550px\" frameborder=\"0\" scrolling=\"no\" allowfullscreen=\"allowfullscreen\" data-tweet-id=\"1907533090559324204\" data-mce-fragment=\"1\"><\/iframe><\/div>\n<\/div>\n<h3><strong>Dovoz do EU zas\u00e1hl<\/strong><\/h3>\n<p>Trump uvalil 20% cla na zbo\u017e\u00ed z EU. \u0158ekl, \u017ee celkov\u00e9 poplatky bloku na americk\u00e9 zbo\u017e\u00ed dosahovaly 39 % a \u017ee americk\u00e9 spole\u010dnosti plat\u00ed v evropsk\u00fdch zem\u00edch na dan\u00edch z p\u0159idan\u00e9 hodnoty p\u0159es 200 miliard dolar\u016f ro\u010dn\u011b.<\/p>\n<p><em>&#8222;<\/em>\u00a0Evropsk\u00e1 unie, jsou velmi tvrd\u00ed&#8230; Okr\u00e1daj\u00ed n\u00e1s. Je to tak smutn\u00e9 vid\u011bt. Je to tak uboh\u00e9,&#8220; \u0159ekl Trump.<\/p>\n<h3><strong>Zah\u00e1j\u00ed se cla na automobily<\/strong><\/h3>\n<p>Americk\u00fd prezident potvrdil, \u017ee jeho 25% cla na osobn\u00ed a n\u00e1kladn\u00ed automobily vstoup\u00ed v platnost 3. dubna a 25% cla na autod\u00edly vstoup\u00ed v platnost 3. kv\u011btna.<\/p>\n<p>Podle agentury Reuters se cla budou t\u00fdkat vozidel a d\u00edl\u016f dov\u00e1\u017een\u00fdch ro\u010dn\u011b v hodnot\u011b 600 miliard dolar\u016f.<\/p>\n<h3><strong>Ot\u0159esen\u00e9 trhy<\/strong><\/h3>\n<p>Ozn\u00e1men\u00ed ot\u0159\u00e1slo akciov\u00fdm trhem, proto\u017ee futures v\u00e1zan\u00e9 na Dow Jones Industrial Average klesly o 2,5 %, zat\u00edmco futures S&amp;P 500 ztratily 3,6 % a futures Nasdaq-100 ztratily 4,5 %, podle CNBC.<\/p>\n<p>Zas\u00e1hly tak\u00e9 akcie velk\u00fdch americk\u00fdch spole\u010dnost\u00ed. Apple, Nike a Tesla od Elona Muska ztratily ka\u017ed\u00fd zhruba 7 %.<\/p>\n<p><img decoding=\"async\" loading=\"lazy\" class=\"alignnone size-full wp-image-71983\" src=\"http:\/\/www.infokuryr.cz\/n\/wp-content\/uploads\/2025\/02\/aaa.jpg\" alt=\"\" width=\"89\" height=\"23\" \/><\/p>\n<p>&nbsp;<\/p>\n","protected":false},"excerpt":{"rendered":"<p>Americk\u00fd prezident uvalil odvody na mnoho americk\u00fdch obchodn\u00edch partner\u016f Americk\u00fd prezident Donald Trump ve st\u0159edu&#8230;<\/p>\n","protected":false},"author":2,"featured_media":42887,"comment_status":"closed","ping_status":"closed","sticky":false,"template":"","format":"standard","meta":[],"categories":[7],"tags":[1026,1472,452,37],"_links":{"self":[{"href":"https:\/\/www.infokuryr.cz\/n\/wp-json\/wp\/v2\/posts\/75561"}],"collection":[{"href":"https:\/\/www.infokuryr.cz\/n\/wp-json\/wp\/v2\/posts"}],"about":[{"href":"https:\/\/www.infokuryr.cz\/n\/wp-json\/wp\/v2\/types\/post"}],"author":[{"embeddable":true,"href":"https:\/\/www.infokuryr.cz\/n\/wp-json\/wp\/v2\/users\/2"}],"replies":[{"embeddable":true,"href":"https:\/\/www.infokuryr.cz\/n\/wp-json\/wp\/v2\/comments?post=75561"}],"version-history":[{"count":0,"href":"https:\/\/www.infokuryr.cz\/n\/wp-json\/wp\/v2\/posts\/75561\/revisions"}],"wp:featuredmedia":[{"embeddable":true,"href":"https:\/\/www.infokuryr.cz\/n\/wp-json\/wp\/v2\/media\/42887"}],"wp:attachment":[{"href":"https:\/\/www.infokuryr.cz\/n\/wp-json\/wp\/v2\/media?parent=75561"}],"wp:term":[{"taxonomy":"category","embeddable":true,"href":"https:\/\/www.infokuryr.cz\/n\/wp-json\/wp\/v2\/categories?post=75561"},{"taxonomy":"post_tag","embeddable":true,"href":"https:\/\/www.infokuryr.cz\/n\/wp-json\/wp\/v2\/tags?post=75561"}],"curies":[{"name":"wp","href":"https:\/\/api.w.org\/{rel}","templated":true}]}}