{"id":75559,"date":"2025-04-03T06:24:21","date_gmt":"2025-04-03T04:24:21","guid":{"rendered":"https:\/\/www.infokuryr.cz\/n\/?p=75559"},"modified":"2025-04-03T06:24:21","modified_gmt":"2025-04-03T04:24:21","slug":"jindrich-kulhavy-nikdo-se-nad-nicim-uz-nepodivuje","status":"publish","type":"post","link":"https:\/\/www.infokuryr.cz\/n\/2025\/04\/03\/jindrich-kulhavy-nikdo-se-nad-nicim-uz-nepodivuje\/","title":{"rendered":"Jind\u0159ich Kulhav\u00fd: Nikdo se nad ni\u010d\u00edm u\u017e nepodivuje?"},"content":{"rendered":"<div id=\"fb-root\"><\/div>\n<p><strong><span class=\"anotation\">\u00a0Projevy fa\u0161ismu jsou nap\u0159\u00ed\u010d Evropou st\u00e1le patrn\u011bj\u0161\u00ed a liber\u00e1lov\u00e9 se k\u00a0jeho tich\u00e9 propagaci a zp\u016fsob\u016fm podobn\u00fdm s\u00a0jeho n\u00e1stupem v\u00a0p\u0159edv\u00e1le\u010dn\u00e9m N\u011bmecku \u00a0uchyluj\u00ed v\u00edce \u010dast\u011bji. S\u00a0podporou doslova nacistick\u00e9 Ukrajiny, respektive toho, co z\u00a0n\u00ed a v\u00a0n\u00ed zb\u00fdv\u00e1, se podobn\u00fd stav legalizuje a st\u00e1v\u00e1 se z\u00a0n\u011bj mantra.<\/span><\/strong><\/p>\n<div id=\"pagetext\">\n<p>\u00a0 Leyenov\u00e1 t\u011bsnou spoluprac\u00ed s\u00a0Big Pharmou a obdivem k\u00a0n\u00e1zor\u016fm i osob\u011b Billa Gatese \u00a0nese vinu na po\u010d\u00ednaj\u00edc\u00edm sni\u017eov\u00e1n\u00ed populace. Nev\u00edme jak vy, ale zaznamenali jsme zv\u00fd\u0161en\u00fd po\u010det \u00famrt\u00ed relativn\u011b mlad\u00fdch lid\u00ed ve v\u011bku do 50 let v\u011bt\u0161inou spojen\u00fdch s\u00a0r\u016fzn\u00fdm druhem c\u00e9vn\u00edch p\u0159\u00edhod. Nen\u00ed dne, kdy by n\u011bkdo takov\u00fd ve vzd\u00e1len\u00e9m okol\u00ed neode\u0161el. Mo\u017en\u00e1 to statistiky nezaznamen\u00e1vaj\u00ed a jde o subjektivn\u00ed pocit, nicm\u00e9n\u011b i informace o cel\u00e9m pr\u016fb\u011bhu covidohysterie plynouc\u00ed z\u00a0poznatk\u016f a tvrzen\u00ed \u0159ady l\u00e9ka\u0159\u016f, v\u011bdc\u016f a pr\u00e1vn\u00edk\u016f jasn\u011b hovo\u0159\u00ed o tom, \u017ee cel\u00e1 covidov\u00e1 a n\u00e1sledn\u00e1 vakcina\u010dn\u00ed mafie poru\u0161ily tolik z\u00e1kon\u016f, na\u0159\u00edzen\u00ed, sm\u011brnic a zvyklost\u00ed, \u017ee se evidentn\u011b jednalo o proces sm\u011b\u0159uj\u00edc\u00ed ke v\u0161emu mo\u017en\u00e9mu, jen ne k\u00a0z\u00e1chran\u011b lidstva. A Leyenov\u00e1 v\u00a0tom za Evropu hr\u00e1la v\u00fdraznou a z\u00e1sadn\u00ed roli. P\u0159esto obh\u00e1jila sv\u016fj post a m\u00edsto odchodu do n\u011bjak\u00e9 evropsk\u00e9 obdoby na\u0161eho M\u00edrova nad\u00e1le ofici\u00e1ln\u011b pob\u00edr\u00e1 m\u011bs\u00ed\u010dn\u00ed plat milion korun a samoz\u0159ejm\u011b k\u00a0n\u00ed plynou dal\u0161\u00ed \u010d\u00e1stky z\u00a0tolika sm\u011br\u016f, \u017ee si to dok\u00e1\u017eeme jen t\u011b\u017eko p\u0159edstavit. Nedali si kdysi nacist\u00e9 za \u00fakol vyhladit \u010d\u00e1st lidstva a obohatit se na poz\u016fstalostech?<\/p>\n<p>P\u0159esto\u017ee nacismus a fa\u0161ismus nen\u00ed to sam\u00e9, jde o velmi bl\u00edzk\u00e9 pojmy oba spojovan\u00e9 s\u00a0d\u011bn\u00edm kolem 2.sv\u011btov\u00e9 v\u00e1lky a modern\u00ed Ukrajiny. Mlad\u00ed a\u00a0n\u011bkte\u0159\u00ed star\u0161\u00ed N\u011bmci se podobn\u00e9ho odkazu \u0161t\u00edt\u00ed a d\u00edky neznalosti se sna\u017e\u00ed na v\u0161e zapomenout p\u0159ij\u00edm\u00e1n\u00edm migrace jako v\u00edcem\u00e9n\u011b povinn\u00e9ho o\u010distce. Je paradoxem, kdy\u017e ti sam\u00ed mlad\u00ed vn\u00edmaj\u00ed Ukrajinu pozitivn\u011b a nesn\u00e1\u0161\u00ed Rusko, kter\u00e9 v\u0161ak v\u00a0podob\u011b sv\u00e9ho historick\u00e9ho p\u0159edka Sov\u011btsk\u00e9ho svazu s\u00a0nacisty a fa\u0161isty zametlo a d\u011bl\u00e1 to na Ukrajin\u011b i dnes. N\u011bmci p\u0159ipom\u00ednaj\u00ed neku\u0159\u00e1ky, kte\u0159\u00ed bojuj\u00ed za pr\u00e1va ku\u0159\u00e1k\u016f a prosazuj\u00ed je v\u00a0restaurac\u00edch, do kter\u00fdch ale z d\u016fvodu vad\u00edc\u00edho jim kou\u0159e a smradu odm\u00edtaj\u00ed chodit. Nejde jen o roz\u0161\u00ed\u0159enou symboliku nacismu mezi Ukrajinci na bojov\u00e9 linii i ve form\u011b tetov\u00e1n\u00ed mimo ni. Tam v\u0161ude se do nacismem hem\u017e\u00ed, v\u00a0EU v\u0161ak \u0159vou jen kdy\u017e n\u011bkdo zvedne ruku a napodob\u00ed \u0159\u00edmsk\u00fd pozdrav. P\u0159itom jde o \u010dasto pou\u017e\u00edvan\u00e9 gesto t\u0159eba na fotbalov\u00fdch z\u00e1pasech \u010di koncertech popul\u00e1rn\u00ed hudby, to je v\u0161ak vn\u00edm\u00e1no logicky \u00fapln\u011b jinak.<\/p>\n<p>Nacistick\u00e9 boj\u016fvky se v\u0161ak mno\u017e\u00ed i u n\u00e1s, jen se schov\u00e1vaj\u00ed za liber\u00e1ln\u00ed p\u00f3zy. Takov\u00fd Pavel \u0158eporyjec Novotn\u00fd se se sv\u00fdmi n\u00e1zory nam\u00ed\u0159en\u00fdmi proti \u010d\u00e1sti \u010desk\u00e9 spole\u010dnosti neskr\u00fdv\u00e1 a jeho nen\u00e1vistn\u00e9 projevy policist\u00e9 ignoruj\u00ed. Paradoxn\u011b mlad\u00ed Odes\u00e1ci a Pir\u00e1ti maj\u00ed ve sv\u00fdch propaga\u010dn\u00edch vide\u00edch velmi \u010dasto z\u00e1blesky nulov\u00e9 tolerance k\u00a0jin\u00fdm n\u00e1zor\u016fm a lze vn\u00edmat siln\u00e9 kryt\u00ed zad od dosp\u011bl\u00fdch soukmenovc\u016f. To maj\u00ed i ji\u017e daleko agresivn\u011bj\u0161\u00ed jedinci schopn\u00ed napadat aktivisty p\u0159i r\u016fzn\u00fdch peti\u010dn\u00edch akc\u00edch. Ani zde policist\u00e9 p\u0159\u00edli\u0161 nezasahuj\u00ed a aktivn\u00ed ml\u00e1de\u017e z\u00edsk\u00e1v\u00e1 dojem, \u017ee kdy\u017e je na svobod\u011b Novotn\u00fd, nestane se nic ani jim. Ostatn\u011b v\u00a0dob\u011b, kdy nacismus dotuje vl\u00e1da ze st\u00e1tn\u00ed pokladny a re\u017eimu na n\u011bm postaven\u00e9m zas\u00edl\u00e1 pen\u00edze chyb\u011bj\u00edc\u00ed pot\u00e9 ve zdravotnictv\u00ed, \u0161kolstv\u00ed i v\u00a0d\u016fchodech, lze t\u011b\u017eko o\u010dek\u00e1vat, \u017ee se jim p\u0159ihod\u00ed n\u011bco z\u00e1sadn\u00edho.<\/p>\n<p>S\u00a0nacisty bylo spojeno i udava\u010dstv\u00ed. K\u00a0tomu se nov\u011b sn\u00ed\u017eil europoslanec Zdechovsk\u00fd, kter\u00fd p\u0159i zji\u0161t\u011bn\u00ed v\u00fdvoje mo\u017en\u00fdch preferenc\u00ed zadal policii a soud\u016fm podn\u011bt k\u00a0\u0161et\u0159en\u00ed spojen\u00ed koalice SPD, Trikol\u00f3ry, PRO a Svobodn\u00fdch p\u0159ed bl\u00ed\u017e\u00edc\u00edmi se parlamentn\u00edmi volbami. P\u0159esto\u017ee podobn\u00e9ho triku vyu\u017e\u00edv\u00e1 ji\u017e podruh\u00e9 koalice SPOLU i v\u00a0minul\u00e9m obdob\u00ed PIRSTAN, Zdechovsk\u00e9ho vyd\u011bsil mo\u017en\u00fd opozi\u010dn\u00ed potenci\u00e1l a zkou\u0161\u00ed vyvolat pr\u00e1vn\u00ed kroky, kter\u00e9 by riziko v\u00fdhry t\u00e9to nov\u00e9 koalice eliminovaly. Op\u011bt to ukazuje, kam jsou liber\u00e1lov\u00e9 schopni doj\u00edt.<\/p>\n<p>P\u0159iznejme si je\u0161t\u011b jednu v\u011bc. Nacistick\u00e9 struktury u\u017e kdysi umo\u017enily \u0159ad\u011b jinak naprosto pr\u016fm\u011brn\u00fdm jedinc\u016fm s\u00a0nevysok\u00fdm IQ dos\u00e1hnout ur\u010dit\u00fdch met a c\u00edl\u016f, kter\u00e9 znamenaly jistou jejich nad\u0159azenost nad jin\u00fdmi lidmi, jejich\u017e jedinou chybou bylo, \u017ee ne\u0161lo o p\u0159\u00edslu\u0161n\u00edky n\u011bmeck\u00e9ho n\u00e1roda s\u00a0jasn\u00fdmi znaky p\u0159ivinut\u00ed se k\u00a0nacistick\u00fdm ide\u00e1l\u016fm. A tak vznikly gestapo, koncentra\u010dn\u00ed t\u00e1bory, doch\u00e1zelo k\u00a0zab\u00edjen\u00ed, mu\u010den\u00ed a zn\u00e1sil\u0148ov\u00e1n\u00ed lid\u00ed bez ohledu na v\u011bk, pohlav\u00ed, n\u00e1rodnost a typologii. Sou\u010dasn\u00e1 doba je podobn\u00e1. Ru\u0161\u00ed se poslaneck\u00e9 imunity opozi\u010dn\u00edm politik\u016fm, zat\u00fdkaj\u00ed se protisyst\u00e9mov\u00ed aktivist\u00e9, m\u00e9dia cenzuruj\u00ed pravdu, obdivovan\u00fd Zelenskyj ve \u201esv\u00e9\u201c zemi vyznamen\u00e1v\u00e1 azovsk\u00e9 a jim bl\u00edzk\u00e9 bojovn\u00edky. Glorifikace nacismu je na vzestupu, jen ji je\u0161t\u011b ob\u010das skr\u00fdvaj\u00ed za zav\u0159en\u00e9 o\u010di. \u00a0A mezit\u00edm ve \u0161kol\u00e1ch u\u010d\u00ed jin\u00fd d\u011bjepis, aby se zapomn\u011blo.<\/p>\n<p><a href=\"https:\/\/www.inadhled.live\/uvaha-dne\/nikdo-se-nad-nicim-uz-nepodivuje-\/\">Jind\u0159ich Kulhav\u00fd<\/a><\/p>\n<p><img decoding=\"async\" loading=\"lazy\" class=\"alignnone size-full wp-image-48136\" src=\"http:\/\/www.infokuryr.cz\/n\/wp-content\/uploads\/2024\/02\/kulhavy-jindrich.jpg\" alt=\"\" width=\"219\" height=\"221\" srcset=\"https:\/\/www.infokuryr.cz\/n\/wp-content\/uploads\/2024\/02\/kulhavy-jindrich.jpg 219w, https:\/\/www.infokuryr.cz\/n\/wp-content\/uploads\/2024\/02\/kulhavy-jindrich-150x150.jpg 150w\" sizes=\"(max-width: 219px) 100vw, 219px\" \/><\/p>\n<p>&nbsp;<\/p>\n<\/div>\n","protected":false},"excerpt":{"rendered":"<p>\u00a0Projevy fa\u0161ismu jsou nap\u0159\u00ed\u010d Evropou st\u00e1le patrn\u011bj\u0161\u00ed a liber\u00e1lov\u00e9 se k\u00a0jeho tich\u00e9 propagaci a zp\u016fsob\u016fm&#8230;<\/p>\n","protected":false},"author":2,"featured_media":75560,"comment_status":"closed","ping_status":"closed","sticky":false,"template":"","format":"standard","meta":[],"categories":[6],"tags":[41,170,1503,35],"_links":{"self":[{"href":"https:\/\/www.infokuryr.cz\/n\/wp-json\/wp\/v2\/posts\/75559"}],"collection":[{"href":"https:\/\/www.infokuryr.cz\/n\/wp-json\/wp\/v2\/posts"}],"about":[{"href":"https:\/\/www.infokuryr.cz\/n\/wp-json\/wp\/v2\/types\/post"}],"author":[{"embeddable":true,"href":"https:\/\/www.infokuryr.cz\/n\/wp-json\/wp\/v2\/users\/2"}],"replies":[{"embeddable":true,"href":"https:\/\/www.infokuryr.cz\/n\/wp-json\/wp\/v2\/comments?post=75559"}],"version-history":[{"count":0,"href":"https:\/\/www.infokuryr.cz\/n\/wp-json\/wp\/v2\/posts\/75559\/revisions"}],"wp:featuredmedia":[{"embeddable":true,"href":"https:\/\/www.infokuryr.cz\/n\/wp-json\/wp\/v2\/media\/75560"}],"wp:attachment":[{"href":"https:\/\/www.infokuryr.cz\/n\/wp-json\/wp\/v2\/media?parent=75559"}],"wp:term":[{"taxonomy":"category","embeddable":true,"href":"https:\/\/www.infokuryr.cz\/n\/wp-json\/wp\/v2\/categories?post=75559"},{"taxonomy":"post_tag","embeddable":true,"href":"https:\/\/www.infokuryr.cz\/n\/wp-json\/wp\/v2\/tags?post=75559"}],"curies":[{"name":"wp","href":"https:\/\/api.w.org\/{rel}","templated":true}]}}