{"id":75557,"date":"2025-04-03T06:00:01","date_gmt":"2025-04-03T04:00:01","guid":{"rendered":"https:\/\/www.infokuryr.cz\/n\/?p=75557"},"modified":"2025-04-03T06:00:01","modified_gmt":"2025-04-03T04:00:01","slug":"nova-nemecka-vlada-planuje-financni-podporu-politicky-spolehlivym-mediim-je-to-u-nas-doma-jinak","status":"publish","type":"post","link":"https:\/\/www.infokuryr.cz\/n\/2025\/04\/03\/nova-nemecka-vlada-planuje-financni-podporu-politicky-spolehlivym-mediim-je-to-u-nas-doma-jinak\/","title":{"rendered":"Nov\u00e1 n\u011bmeck\u00e1 vl\u00e1da pl\u00e1nuje finan\u010dn\u00ed podporu politicky spolehliv\u00fdm m\u00e9di\u00edm. Je to u n\u00e1s doma jinak?"},"content":{"rendered":"<div id=\"fb-root\"><\/div>\n<p>V sousedn\u00edm N\u011bmecku se formuje nov\u00e1 liber\u00e1ln\u011b demokratick\u00e1 vl\u00e1da. J<strong>edn\u00edm z pl\u00e1novan\u00fdch opat\u0159en\u00ed nov\u00e9 vl\u00e1dy je i finan\u010dn\u00ed podpora pro politicky spolehliv\u00e1 m\u00e9dia! Ne, to nen\u00ed \u017eert, ale ofici\u00e1ln\u00ed v\u00fdstup z jedn\u00e1n\u00ed o nov\u00e9 vl\u00e1dn\u00ed koalici. Pr\u00fd je to pot\u0159eba v r\u00e1mci boje proti \u00fadajn\u00fdm dezinformac\u00edm\u2026.<\/strong><\/p>\n<p>Pochopiteln\u011b se nov\u00e1 vl\u00e1da chyst\u00e1 i utu\u017eit cenzuru a omezovat svobodu slova, v\u010detn\u011b p\u0159\u00edsn\u00fdch trest\u016f pro n\u00e1zorov\u00e9 oponenty. V<strong> \u010dem se liber\u00e1ln\u00ed demokracie li\u0161\u00ed od jin\u00fdch totalitn\u00edch re\u017eim\u016f? Vlastn\u011b u\u017e jenom v tom n\u00e1zvu.<\/strong><\/p>\n<p><strong>U n\u00e1s doma to nen\u00ed jin\u00e9, ned\u00e1vno prosazen\u00e9 vy\u0161\u0161\u00ed koncesion\u00e1\u0159sk\u00e9 poplatky, kter\u00e9 budou muset za\u010d\u00edt platit de facto v\u0161ichni ob\u010dan\u00e9 \u010cR, jsou toho dokladem.<\/strong><\/p>\n<p>Je \u010das na zm\u011bnu syst\u00e9mu, pokud nechceme skon\u010dit v otroctv\u00ed samozvan\u00fdch vyvolen\u00fdch \u201eelit\u201c.<\/p>\n<p><img decoding=\"async\" loading=\"lazy\" class=\"alignnone size-full wp-image-71983\" src=\"http:\/\/www.infokuryr.cz\/n\/wp-content\/uploads\/2025\/02\/aaa.jpg\" alt=\"\" width=\"89\" height=\"23\" \/><\/p>\n<p>&nbsp;<\/p>\n","protected":false},"excerpt":{"rendered":"<p>V sousedn\u00edm N\u011bmecku se formuje nov\u00e1 liber\u00e1ln\u011b demokratick\u00e1 vl\u00e1da. Jedn\u00edm z pl\u00e1novan\u00fdch opat\u0159en\u00ed nov\u00e9 vl\u00e1dy&#8230;<\/p>\n","protected":false},"author":2,"featured_media":75558,"comment_status":"closed","ping_status":"closed","sticky":false,"template":"","format":"standard","meta":[],"categories":[7],"tags":[45,158,84,1242],"_links":{"self":[{"href":"https:\/\/www.infokuryr.cz\/n\/wp-json\/wp\/v2\/posts\/75557"}],"collection":[{"href":"https:\/\/www.infokuryr.cz\/n\/wp-json\/wp\/v2\/posts"}],"about":[{"href":"https:\/\/www.infokuryr.cz\/n\/wp-json\/wp\/v2\/types\/post"}],"author":[{"embeddable":true,"href":"https:\/\/www.infokuryr.cz\/n\/wp-json\/wp\/v2\/users\/2"}],"replies":[{"embeddable":true,"href":"https:\/\/www.infokuryr.cz\/n\/wp-json\/wp\/v2\/comments?post=75557"}],"version-history":[{"count":0,"href":"https:\/\/www.infokuryr.cz\/n\/wp-json\/wp\/v2\/posts\/75557\/revisions"}],"wp:featuredmedia":[{"embeddable":true,"href":"https:\/\/www.infokuryr.cz\/n\/wp-json\/wp\/v2\/media\/75558"}],"wp:attachment":[{"href":"https:\/\/www.infokuryr.cz\/n\/wp-json\/wp\/v2\/media?parent=75557"}],"wp:term":[{"taxonomy":"category","embeddable":true,"href":"https:\/\/www.infokuryr.cz\/n\/wp-json\/wp\/v2\/categories?post=75557"},{"taxonomy":"post_tag","embeddable":true,"href":"https:\/\/www.infokuryr.cz\/n\/wp-json\/wp\/v2\/tags?post=75557"}],"curies":[{"name":"wp","href":"https:\/\/api.w.org\/{rel}","templated":true}]}}