{"id":75552,"date":"2025-04-03T05:53:41","date_gmt":"2025-04-03T03:53:41","guid":{"rendered":"https:\/\/www.infokuryr.cz\/n\/?p=75552"},"modified":"2025-04-03T05:53:41","modified_gmt":"2025-04-03T03:53:41","slug":"evropska-unie-oznamila-zahajeni-horecneho-zbrojeni-na-pripravu-valky-s-ruskem","status":"publish","type":"post","link":"https:\/\/www.infokuryr.cz\/n\/2025\/04\/03\/evropska-unie-oznamila-zahajeni-horecneho-zbrojeni-na-pripravu-valky-s-ruskem\/","title":{"rendered":"Evropsk\u00e1 unie ozn\u00e1mila zah\u00e1jen\u00ed hore\u010dn\u00e9ho zbrojen\u00ed na p\u0159\u00edpravu v\u00e1lky s Ruskem!"},"content":{"rendered":"<div id=\"fb-root\"><\/div>\n<h4>Evropsk\u00e1 unie ozn\u00e1mila zah\u00e1jen\u00ed hore\u010dn\u00e9ho zbrojen\u00ed na p\u0159\u00edpravu v\u00e1lky s Ruskem! Pen\u00edze na zbrojen\u00ed v objemu 392 miliard EUR se vezmou nejchud\u0161\u00edm zem\u00edm v\u00fdchodn\u00ed Evropy z eurofondu region\u00e1ln\u00edho rozvoje a p\u0159esunou se zbrojovk\u00e1m v z\u00e1padn\u00edch zem\u00edch EU! Nam\u00edsto pomoci chud\u00fdm se budou pen\u00edze p\u0159esouvat na z\u00e1chranu bohat\u00fdch! P\u0159\u00edjemci budou zbrojovky a krachuj\u00edc\u00ed n\u011bmeck\u00e9 automobilky!<\/h4>\n<p>Pokud \u010dtete Aeronet, \u010dtete obrazy a projekce z budoucnosti. Pro na\u0161e st\u00e1l\u00e9 \u010dten\u00e1\u0159e a podporovatele to nen\u00ed p\u0159ekvapen\u00ed, ale samotn\u00e1 skute\u010dnost, \u017ee osud Evropy nezadr\u017eiteln\u011b m\u00ed\u0159\u00ed k v\u00e1lce s Ruskem, je vysoce depresivn\u00ed, proto\u017ee se potvrzuje, \u017ee znovu doch\u00e1z\u00ed k opakov\u00e1n\u00ed proces\u016f ze 30. let minul\u00e9ho stolet\u00ed v N\u011bmecku a de facto v cel\u00e9 tehdej\u0161\u00ed Evrop\u011b.<\/p>\n<p><strong>Evropsk\u00e1 komise toti\u017e ve st\u0159edu ozn\u00e1mila [<a href=\"https:\/\/href.li\/?https:\/\/www.euractiv.com\/section\/politics\/news\/the-eus-e392-billion-pivot-to-boost-defence-over-underdeveloped-regions\/\" target=\"_blank\" rel=\"nofollow noopener\">1<\/a>] pl\u00e1n na p\u0159esunut\u00ed prakticky jedn\u00e9 t\u0159etiny Fondu region\u00e1ln\u00edho rozvoje na \u00fa\u010dely podpory nejv\u011bt\u0161\u00edch evropsk\u00fdch zbrojovek<\/strong>, tedy p\u0159edev\u0161\u00edm v n\u011bmeck\u00e9m Por\u016f\u0159\u00ed a ve Francii, kde m\u00e1 doj\u00edt k obnov\u011b v\u00e1le\u010dn\u00e9 v\u00fdroby z dob p\u0159ed rokem 1945. \u010c\u00e1st pen\u011bz p\u016fjde i na z\u00e1chranu n\u011bmeck\u00e9ho automobilov\u00e9ho pr\u016fmyslu. EU to ozn\u00e1mila pro jistotu a\u017e ve st\u0159edu 2. dubna, aby si lid\u00e9 v EU nemysleli, \u017ee jde o hodn\u011b nepoveden\u00fd Apr\u00edl, p\u0159esto\u017ee text n\u00e1vrhu sm\u011brnice byl neofici\u00e1ln\u011b k dispozici ji\u017e v \u00fater\u00fd.<\/p>\n<figure id=\"attachment_63176\" class=\"wp-caption aligncenter\" style=\"width: 688px;\"><a href=\"https:\/\/aeronet.news\/wp-content\/uploads\/EU_ArmyCoatOfArms.jpg\"><img decoding=\"async\" loading=\"lazy\" class=\"wp-image-63176 \" src=\"https:\/\/aeronet.news\/wp-content\/uploads\/EU_ArmyCoatOfArms-1024x578.jpg\" sizes=\"(max-width: 700px) 100vw, 700px\" srcset=\"https:\/\/aeronet.news\/wp-content\/uploads\/EU_ArmyCoatOfArms-1024x578.jpg 1024w, https:\/\/aeronet.news\/wp-content\/uploads\/EU_ArmyCoatOfArms-300x169.jpg 300w, https:\/\/aeronet.news\/wp-content\/uploads\/EU_ArmyCoatOfArms-768x433.jpg 768w, https:\/\/aeronet.news\/wp-content\/uploads\/EU_ArmyCoatOfArms-700x395.jpg 700w, https:\/\/aeronet.news\/wp-content\/uploads\/EU_ArmyCoatOfArms-633x357.jpg 633w, https:\/\/aeronet.news\/wp-content\/uploads\/EU_ArmyCoatOfArms-856x483.jpg 856w, https:\/\/aeronet.news\/wp-content\/uploads\/EU_ArmyCoatOfArms.jpg 1280w\" alt=\"\" width=\"688\" height=\"388\" \/><\/a><figcaption class=\"wp-caption-text\">Voj\u00e1k mise EU<\/figcaption><\/figure>\n<p><em>Evropsk\u00e1 unie proto m\u011bn\u00ed priority sv\u00e9ho v\u00edcelet\u00e9ho fondu pro region\u00e1ln\u00ed rozvoj ve v\u00fd\u0161i 392 miliard EUR, aby pos\u00edlila sv\u016fj obrann\u00fd sektor a p\u0159ipravila EU na v\u00e1lku, jak vypl\u00fdv\u00e1 z n\u00e1vrhu<\/em>, uv\u00e1d\u00ed Euractiv. T\u0159etina rozpo\u010dtu EU, zn\u00e1m\u00e1 jako\u00a0<em>fondy soudr\u017enosti<\/em>, jde v sou\u010dasnosti na podporu hospod\u00e1\u0159sk\u00e9 konvergence v cel\u00e9m bloku, p\u0159edev\u0161\u00edm v chud\u0161\u00edch regionech v\u00fdchodn\u00ed Evropy.<\/p>\n<p>Tv\u00e1\u0159\u00ed v tv\u00e1\u0159 \u00fadajn\u011b pr\u00fd hroz\u00edc\u00ed rusk\u00e9 invazi do EU se v\u0161ak Brusel sna\u017e\u00ed vyu\u017e\u00edt tyto pen\u00edze na podporu obrany. P\u0159edb\u011b\u017en\u00fd p\u0159ezkum programu v hodnot\u011b 392 miliard eur, kter\u00fd prob\u00edh\u00e1 v letech 2021-2027, \u201c<em>poskytuje p\u0159\u00edle\u017eitost p\u0159eorientovat programy na nov\u00e9 nal\u00e9hav\u00e9 v\u00fdzvy,<\/em>\u201d p\u00ed\u0161e se v dokumentu, kter\u00fd z\u00edskal server Euractiv.<\/p>\n<h3>Evropsk\u00e1 komise ozn\u00e1mila zbrojn\u00ed bal\u00edk za 392 miliard po\u0159\u00edzen\u00fd z fond\u016f pro chud\u00e9 zem\u011b EU<\/h3>\n<p><strong>Evropsk\u00e1 komise proto ve st\u0159edu p\u0159edstavila pl\u00e1n na p\u0159esm\u011brov\u00e1n\u00ed 392 miliard EUR z fond\u016f region\u00e1ln\u00edho rozvoje, obecn\u011b zn\u00e1m\u00fdch jako politika soudr\u017enosti, sm\u011brem k velk\u00fdm firm\u00e1m a \u0161ir\u0161\u00edmu obrann\u00e9mu pr\u016fmyslu.<\/strong>\u00a0O hlavn\u00edch sm\u011brech financov\u00e1n\u00ed bylo rozhodnuto p\u0159ed pandemi\u00ed, zat\u00edmco \u201c<em>sv\u011bt se v\u00fdrazn\u011b zm\u011bnil<\/em>\u201c, \u0159ekl komisa\u0159 pro soudr\u017enost Raffaele Fitto a dodal, \u017ee EU \u010del\u00ed \u201c<em>nov\u00fdm a intenzivn\u011bj\u0161\u00edm v\u00fdzv\u00e1m<\/em>\u201c, od nedostatku vody po obranu a konkurenceschopnost.<\/p>\n<figure id=\"attachment_63175\" class=\"wp-caption aligncenter\" style=\"width: 693px;\"><a href=\"https:\/\/aeronet.news\/wp-content\/uploads\/EuroArmyTroops.jpg\"><img decoding=\"async\" loading=\"lazy\" class=\"wp-image-63175 \" src=\"https:\/\/aeronet.news\/wp-content\/uploads\/EuroArmyTroops-1024x576.jpg\" sizes=\"(max-width: 700px) 100vw, 700px\" srcset=\"https:\/\/aeronet.news\/wp-content\/uploads\/EuroArmyTroops-1024x576.jpg 1024w, https:\/\/aeronet.news\/wp-content\/uploads\/EuroArmyTroops-300x169.jpg 300w, https:\/\/aeronet.news\/wp-content\/uploads\/EuroArmyTroops-768x432.jpg 768w, https:\/\/aeronet.news\/wp-content\/uploads\/EuroArmyTroops-700x394.jpg 700w, https:\/\/aeronet.news\/wp-content\/uploads\/EuroArmyTroops-635x357.jpg 635w, https:\/\/aeronet.news\/wp-content\/uploads\/EuroArmyTroops-859x483.jpg 859w, https:\/\/aeronet.news\/wp-content\/uploads\/EuroArmyTroops.jpg 1280w\" alt=\"\" width=\"693\" height=\"390\" \/><\/a><figcaption class=\"wp-caption-text\">Za hore\u010dn\u00fdm zbrojen\u00ed EU se skr\u00fdv\u00e1 n\u00e1sledn\u00fd pl\u00e1n na vytvo\u0159en\u00ed Reak\u010dn\u00edch sil EU a nakonec Evropsk\u00e9 arm\u00e1dy<\/figcaption><\/figure>\n<p>Jeho n\u00e1vrh: Zem\u011b EU by m\u011bly m\u00edt mo\u017enost p\u0159esm\u011brovat p\u0159ibli\u017en\u011b 392 miliard eur z finan\u010dn\u00edch prost\u0159edk\u016f p\u0159ipojen\u00fdch k programu politiky soudr\u017enosti na obdob\u00ed 2021-2027\u00a0<strong>na lep\u0161\u00ed \u0159e\u0161en\u00ed nov\u00fdch v\u00fdzev, jako je potenci\u00e1ln\u011b\u00a0hroz\u00edc\u00ed rusk\u00e1 invaze do EU\u00a0nebo\u00a0velk\u00e9 spole\u010dnosti bojuj\u00edc\u00ed o udr\u017een\u00ed konkurenceschopnosti.<\/strong>\u00a0V p\u0159ekladu se t\u00edm mysl\u00ed obrovsk\u00e9 subvence do krachuj\u00edc\u00edch n\u011bmeck\u00fdch automobilek v d\u016fsledku \u010d\u00ednsk\u00e9 konkurence. Jin\u00fdmi slovy, je to mechanismus, jak p\u0159esunout pen\u00edze z pomoci chud\u00fdm na z\u00e1chranu bohat\u00fdch! Pane\u010dku, to jsou kokosy na hlavu tup\u00fdch voli\u010d\u016f!<\/p>\n<h3>Bal\u00edk bude rovn\u011b\u017e ur\u010den k z\u00e1chran\u011b n\u011bmeck\u00fdch automobilek a k jejich transformaci na zbrojn\u00ed v\u00fdrobu<\/h3>\n<p>Brusel o\u010dek\u00e1v\u00e1, \u017ee d\u00edky velkorysej\u0161\u00edm podm\u00ednk\u00e1m financov\u00e1n\u00ed poskytne po\u010d\u00e1te\u010dn\u00ed financov\u00e1n\u00ed takov\u00fdch projekt\u016f ve v\u00fd\u0161i 16,1 miliardy EUR. S povolen\u00edm t\u011bchto zm\u011bn v\u0161ak mus\u00ed souhlasit poslanci Evropsk\u00e9ho parlamentu a zem\u011b EU. A ji\u017e se oz\u00fdvaj\u00ed prvn\u00ed kritick\u00e9 hlasy.<\/p>\n<p>\u201c<em>Komisa\u0159 a pravicov\u00fd nacionalistick\u00fd politik Raffaele Fitto pou\u017e\u00edv\u00e1 nebezpe\u010dn\u00fd narativ, kter\u00fd se rovn\u00e1 zpronev\u011b\u0159e kohezn\u00edch fond\u016f<\/em>,\u201d uvedla st\u0159edolevicov\u00e1 politi\u010dka S&amp;D Sabrina Repp. Tlak na p\u0159esm\u011brov\u00e1n\u00ed kohezn\u00edch fond\u016f do obrann\u00e9ho sektoru a velk\u00fdch korporac\u00ed na jejich z\u00e1chranu p\u0159ed krachem je \u201c<em>znepokojiv\u00fdm v\u00fdvojem<\/em>,\u201d uvedla Li Andersson, finsk\u00e1 krajn\u011b levicov\u00e1 europoslankyn\u011b, kter\u00fd p\u0159edsed\u00e1 soci\u00e1ln\u00edmu v\u00fdboru Evropsk\u00e9ho parlamentu.<\/p>\n<figure id=\"attachment_63178\" class=\"wp-caption aligncenter\" style=\"width: 837px;\"><a href=\"https:\/\/aeronet.news\/wp-content\/uploads\/UrsulaEUarmy.jpg\"><img decoding=\"async\" loading=\"lazy\" class=\"wp-image-63178 \" src=\"https:\/\/aeronet.news\/wp-content\/uploads\/UrsulaEUarmy.jpg\" sizes=\"(max-width: 1280px) 100vw, 1280px\" srcset=\"https:\/\/aeronet.news\/wp-content\/uploads\/UrsulaEUarmy.jpg 1280w, https:\/\/aeronet.news\/wp-content\/uploads\/UrsulaEUarmy-300x178.jpg 300w, https:\/\/aeronet.news\/wp-content\/uploads\/UrsulaEUarmy-768x455.jpg 768w, https:\/\/aeronet.news\/wp-content\/uploads\/UrsulaEUarmy-1024x607.jpg 1024w, https:\/\/aeronet.news\/wp-content\/uploads\/UrsulaEUarmy-700x415.jpg 700w, https:\/\/aeronet.news\/wp-content\/uploads\/UrsulaEUarmy-602x357.jpg 602w, https:\/\/aeronet.news\/wp-content\/uploads\/UrsulaEUarmy-815x483.jpg 815w\" alt=\"\" width=\"837\" height=\"496\" \/><\/a><figcaption class=\"wp-caption-text\">\u0160\u00e9fka Evropsk\u00e9 komise Ursula von der Leyen a jej\u00ed pl\u00e1n na Evropskou arm\u00e1du<\/figcaption><\/figure>\n<p>Podobn\u011b se vyjad\u0159uje i region\u00e1ln\u00ed org\u00e1n VR EU, kter\u00fd se ob\u00e1v\u00e1, \u017ee by se politika soudr\u017enosti mohla st\u00e1t \u201c<em>pouh\u00fdm z\u00e1chrann\u00fdm fondem slou\u017e\u00edc\u00edm k z\u00e1platov\u00e1n\u00ed vedlej\u0161\u00edch \u00fa\u010dink\u016f zm\u011bny priorit<\/em>\u201c, jak uvedla jeho p\u0159edsedkyn\u011b Kata T\u00fctt\u0151.<strong>\u00a0V roce 2022 byly prost\u0159edky p\u0159esunuty na ubytov\u00e1n\u00ed ukrajinsk\u00fdch uprchl\u00edk\u016f v zem\u00edch EU.<\/strong>\u00a0Ale nyn\u011bj\u0161\u00ed chystan\u00e1 ro\u0161\u00e1da s t\u00e9m\u011b\u0159 400 miliardami EUR sp\u00ed\u0161e p\u0159ipom\u00edn\u00e1 proces z\u00e1chrany n\u011bmeck\u00e9ho pr\u016fmyslu a sou\u010dasn\u011b kompenzaci n\u011bmeck\u00fdm automobilk\u00e1m na transformaci pro v\u00e1le\u010dnou v\u00fdrobu.<\/p>\n<h3>Chud\u00e9 zem\u011b zachra\u0148uj\u00ed bohat\u00e9! U\u017e zase\u2026<\/h3>\n<p>Ozn\u00e1men\u00ed Volkswagenu, \u017ee m\u00e1 z\u00e1jem o p\u0159echod na v\u00fdrobu obrn\u011bn\u00fdch transport\u00e9r\u016f a p\u0159\u00edpadn\u011b i tank\u016f, zazn\u011blo teprve ned\u00e1vno, ale tato transformace bude st\u00e1t miliardy EUR, kter\u00e9 automobilka nem\u00e1, a proto bylo t\u0159eba naj\u00edt mechanismus, jak si s\u00e1hnout na evropsk\u00e9 dotace pro tuto transformaci, a proto Bruselu vymyslel toto \u2013 odklon\u011bn\u00ed pen\u011bz z fondu soudr\u017enosti na pomoc nejchud\u0161\u00edm zem\u00edm v EU, p\u0159edev\u0161\u00edm ve v\u00fdchodn\u00ed Evrop\u011b, a jejich p\u0159eveden\u00ed na pomoc a z\u00e1chranu nejbohat\u0161\u00edch, nejv\u011bt\u0161\u00edch, av\u0161ak pr\u00e1v\u011b te\u010f krachuj\u00edc\u00edch korporac\u00ed v z\u00e1padn\u00edch zem\u00edch EU.<\/p>\n<figure id=\"attachment_47876\" class=\"wp-caption aligncenter\" style=\"width: 927px;\"><a href=\"https:\/\/aeronet.news\/wp-content\/uploads\/VW_Wolfsburg.jpg\"><img decoding=\"async\" loading=\"lazy\" class=\"wp-image-47876 \" src=\"https:\/\/aeronet.news\/wp-content\/uploads\/VW_Wolfsburg.jpg\" sizes=\"(max-width: 1280px) 100vw, 1280px\" srcset=\"https:\/\/aeronet.news\/wp-content\/uploads\/VW_Wolfsburg.jpg 1280w, https:\/\/aeronet.news\/wp-content\/uploads\/VW_Wolfsburg-300x169.jpg 300w, https:\/\/aeronet.news\/wp-content\/uploads\/VW_Wolfsburg-768x432.jpg 768w, https:\/\/aeronet.news\/wp-content\/uploads\/VW_Wolfsburg-1024x576.jpg 1024w, https:\/\/aeronet.news\/wp-content\/uploads\/VW_Wolfsburg-700x394.jpg 700w, https:\/\/aeronet.news\/wp-content\/uploads\/VW_Wolfsburg-635x357.jpg 635w, https:\/\/aeronet.news\/wp-content\/uploads\/VW_Wolfsburg-859x483.jpg 859w\" alt=\"\" width=\"927\" height=\"522\" \/><\/a><figcaption class=\"wp-caption-text\">Sl\u00e9v\u00e1rna automobilky VW ve Wolfsburgu<\/figcaption><\/figure>\n<p>Takhle to zkr\u00e1tka funguje v EU, \u017ee cokoliv se d\u00e1 naroubovat na cokoliv. A tak z\u00e1chrana EU p\u0159ed Putinem a jeho vojsky \u00fadajn\u011b pl\u00e1nuj\u00edc\u00edch vtrhnout do EU je ve skute\u010dnosti mask\u00edrovka a jde o z\u00e1chranu n\u011bmeck\u00e9ho pr\u016fmyslu. Prost\u011b se vyu\u017eije hysterie v EU a ze strachu z Ruska k z\u00e1chran\u011b n\u011bmeck\u00fdch krachuj\u00edc\u00edch automobilek.\u00a0<strong>A zaplat\u00ed to zem\u011b jako \u010cesko, Slovensko, Bulharsko, Rumunsko, Ma\u010farsko a rovn\u011b\u017e Polsko, tedy zem\u011b, kter\u00e9 statisticky nejv\u00edce \u010derpaly dota\u010dn\u00ed tituly z fond\u016f rozvoje.<\/strong>\u00a0Ty pen\u00edze te\u010f p\u016fjdou na z\u00e1chranu fabrik pod\u00e9l R\u00fdna, v Por\u016f\u0159\u00ed, okolo Ingolstadtu, ve Wolfsburgu a v \u0159ad\u011b dal\u0161\u00edch m\u011bst.<\/p>\n<h3>Evropsk\u00e1 unie nem\u00e1 \u017e\u00e1dn\u00fd Pl\u00e1n B<\/h3>\n<p>A ta z\u00e1chrana bude spo\u010d\u00edvat v zafinancov\u00e1n\u00ed transformace na v\u00e1le\u010dnou v\u00fdrobu, na zbrojen\u00ed, prost\u011b na zm\u011bnu v\u00fdrobn\u00edho programu. N\u00e1klady budou obrovsk\u00e9, ale rozhodnut\u00ed EU pokra\u010dovat ve v\u00e1lce proti Rusku je ve skute\u010dnosti jedin\u00fdm ekonomick\u00fdm programem EU, sami v\u00edte, kolikr\u00e1t jsem o tom psal, \u017ee EU nem\u00e1 jin\u00fd program ne\u017e v\u00e1lku s Ruskem, a toto ozn\u00e1men\u00ed EU komise ze st\u0159edy to pouze potvrzuje.\u00a0<strong>EU prost\u011b p\u0159esune pen\u00edze z rozvoje chud\u00fdch region\u016f do zbrojen\u00ed a na transformaci n\u011bmeck\u00fdch podnik\u016f na v\u00e1le\u010dnou v\u00fdrobu.<\/strong>\u00a0Nikdy by to neud\u011blali, kdyby m\u011bli jak\u00fdkoliv Pl\u00e1n B a jak\u00fdkoliv jin\u00fd ekonomick\u00fd program.<\/p>\n<figure id=\"attachment_61862\" class=\"wp-caption aligncenter\" style=\"width: 696px;\"><a href=\"https:\/\/aeronet.news\/wp-content\/uploads\/PutinOreshnikNukes.jpg\"><img decoding=\"async\" loading=\"lazy\" class=\"wp-image-61862 \" src=\"https:\/\/aeronet.news\/wp-content\/uploads\/PutinOreshnikNukes-1024x576.jpg\" sizes=\"(max-width: 700px) 100vw, 700px\" srcset=\"https:\/\/aeronet.news\/wp-content\/uploads\/PutinOreshnikNukes-1024x576.jpg 1024w, https:\/\/aeronet.news\/wp-content\/uploads\/PutinOreshnikNukes-300x169.jpg 300w, https:\/\/aeronet.news\/wp-content\/uploads\/PutinOreshnikNukes-768x432.jpg 768w, https:\/\/aeronet.news\/wp-content\/uploads\/PutinOreshnikNukes-700x394.jpg 700w, https:\/\/aeronet.news\/wp-content\/uploads\/PutinOreshnikNukes-635x357.jpg 635w, https:\/\/aeronet.news\/wp-content\/uploads\/PutinOreshnikNukes-859x483.jpg 859w, https:\/\/aeronet.news\/wp-content\/uploads\/PutinOreshnikNukes.jpg 1280w\" alt=\"\" width=\"696\" height=\"392\" \/><\/a><figcaption class=\"wp-caption-text\">Vladimir Putin je pro bruselsk\u00e9 elity zt\u011blesn\u011bn\u00edm zla, proto\u017ee kv\u016fli n\u011bmu sm\u011b\u0159uje EU k ekonomick\u00e9mu rozvalu v d\u016fsledku hore\u010dn\u00e9ho zbrojen\u00ed<\/figcaption><\/figure>\n<p>Jen\u017ee nemaj\u00ed. V roce 2022 vsadili \u00fapln\u011b v\u0161echno na por\u00e1\u017eku, zhroucen\u00ed a pot\u00e9 divok\u00e9 rozparcelov\u00e1n\u00ed Ruska, to byl jejich program, a proto se odst\u0159ihli od rusk\u00fdch zdroj\u016f,\u00a0<strong>proto\u017ee si mysleli, \u017ee to nebude na dlouho<\/strong>, proto\u017ee Rusko se brzy pod t\u00edhou sankc\u00ed rozsype a z\u00e1padn\u00ed s\u00edly se dostanou k rusk\u00fdm zdroj\u016fm a stanou se jejich vlastn\u00edky. To byl pl\u00e1n! Nikdy nebylo v pl\u00e1nu evropsk\u00fdch elit odst\u0159ihnout se od nejlacin\u011bj\u0161\u00edch a nejv\u011bt\u0161\u00edch surovinov\u00fdch zdroj\u016f na t\u00e9to planet\u011b, kter\u00e9 jsou v Rusku, natrvalo.<\/p>\n<h3>Na rozd\u00edl od USA nem\u016f\u017ee EU m\u00edt znovu s Ruskem dobr\u00e9 vztahy, proto\u017ee EU nao\u010dkovala sv\u00e9 obyvatelstvo zni\u010duj\u00edc\u00ed rusofobi\u00ed od roku 2014<\/h3>\n<p>Pl\u00e1nem bylo odst\u0159ihnout se na p\u00e1r m\u011bs\u00edc\u016f, maxim\u00e1ln\u011b rok nebo dva, to se d\u00e1 vydr\u017eet, ut\u011b\u0161ovali se mezi sebou v z\u00e1kulis\u00ed, ale do t\u00e9 doby Putin padne, v Rusku vypukne p\u0159evrat, nepokoje obyvatel, revoluce, a hned potom se dostaneme k t\u011bm rusk\u00fdm zdroj\u016fm znovu, ale to u\u017e budou na\u0161e vlastn\u00ed zdroje, kter\u00e9 budeme kontrolovat. Takov\u00fd byl absurdn\u00ed a naprosto neuv\u011b\u0159iteln\u00fd pl\u00e1n<\/p>\n<p>Jen\u017ee, ten pl\u00e1n zkolaboval. Rusko nam\u00edsto kolapsu rostlo za minul\u00fd rok 4,1% HDP jako jedna ze zem\u00ed s nejvy\u0161\u0161\u00edm r\u016fstem v Evrop\u011b. Rok p\u0159edt\u00edm rostlo o 3,2% HDP. A za prvn\u00ed rok v\u00e1lky byl r\u016fst Ruska 2,2% HDP. Nam\u00edsto kolapsu pod sankcemi\u00a0<strong>Rusko ji\u017e 3 roky roste a navy\u0161uje sv\u016fj r\u016fst. Prost\u011b Rusko pod obrovsk\u00fdmi sankcemi, kter\u00e9 ho m\u011bly zni\u010dit a rozvalit, roste a posiluje.<\/strong>\u00a0Ten \u0161ok v Bruselu, to zd\u011b\u0161en\u00ed t\u011bch\u00a0<em>svin\u00ed<\/em>\u00a0v EU, si nedok\u00e1\u017eete ani p\u0159edstavit.<\/p>\n<figure id=\"attachment_57858\" class=\"wp-caption aligncenter\" style=\"width: 693px;\"><a href=\"https:\/\/aeronet.news\/wp-content\/uploads\/EuropeGDP2023Chart.jpg\"><img decoding=\"async\" loading=\"lazy\" class=\"wp-image-57858 \" src=\"https:\/\/aeronet.news\/wp-content\/uploads\/EuropeGDP2023Chart.jpg\" sizes=\"(max-width: 700px) 100vw, 700px\" srcset=\"https:\/\/aeronet.news\/wp-content\/uploads\/EuropeGDP2023Chart.jpg 700w, https:\/\/aeronet.news\/wp-content\/uploads\/EuropeGDP2023Chart-300x213.jpg 300w, https:\/\/aeronet.news\/wp-content\/uploads\/EuropeGDP2023Chart-503x357.jpg 503w, https:\/\/aeronet.news\/wp-content\/uploads\/EuropeGDP2023Chart-680x483.jpg 680w\" alt=\"\" width=\"693\" height=\"492\" \/><\/a><figcaption class=\"wp-caption-text\">R\u016fst HDP v Evrop\u011b za fisk\u00e1ln\u00ed rok 2022 do 1. ledna 2023<\/figcaption><\/figure>\n<p>A kdy\u017e to vid\u011bli Ameri\u010dan\u00e9, rozhodli se z nepoveden\u00e9 v\u00e1lky na Ukrajin\u011b st\u00e1hnout. Evropa z\u016fstala sama. Bez rusk\u00fdch zdroj\u016f, a od\u0159\u00edznuta. Ne na p\u00e1r m\u011bs\u00edc\u016f nebo rok, ale v podstat\u011b natrvalo. Definitivn\u011b. Proto\u017ee Rusko se nezhrout\u00ed. A proto\u017ee do tohoto pl\u00e1nu bylo v roce 2022 investov\u00e1no ze strany EU v\u0161echno, naprosto v\u0161echno, v\u010detn\u011b 8 let \u0159\u00edzen\u00e9 fa\u0161izace a indoktrinace evropsk\u00e9ho obyvatelstva obrovskou o\u010dkovanou rusofobi\u00ed a anti-rusismem, tak to znamen\u00e1, \u017ee na rozd\u00edl od USA, nelze za\u0159adit zp\u00e1te\u010dku a za\u010d\u00edt normalizovat vztahy s Ruskem, proto\u017ee by to politik\u016fm v EU nedovolili zfa\u0161izovan\u00ed voli\u010di.<\/p>\n<h3>Ani Hitler nem\u011bl Pl\u00e1n B, proto\u017ee d\u016fsledn\u011b zfa\u0161izovan\u00e9 n\u011bmeck\u00e9 obyvatelstvo nic ne\u017e v\u00edt\u011bzstv\u00ed ve v\u00e1lce by neakceptovalo<\/h3>\n<p>Ti toti\u017e nejsou p\u0159ekl\u00e1p\u011bc\u00ed a ani splachovac\u00ed. Zfa\u0161izovan\u00fd voli\u010d zblbnut\u00fd a 8 let indoktrinovan\u00fd anti-rusismem se prost\u011b ned\u00e1 vypnout, p\u0159epnout, ani neutralizovat.\u00a0<strong>Ten voli\u010d je vytvo\u0159en, nelze ho resetovat, a i proto neexistuje Pl\u00e1n B.<\/strong>\u00a0Tohle je ot\u0159esn\u00e1 paralela fa\u0161istick\u00e9ho N\u011bmecka, kdy\u017e mnoho politik\u016f, intelektu\u00e1l\u016f a oby\u010dejn\u00fdch lid\u00ed si uv\u011bdomovalo, \u017ee Hitler vede N\u011bmecko k z\u00e1hub\u011b, jen\u017ee Pl\u00e1n B neexistoval, proto\u017ee pro n\u011bj neexistovali voli\u010di. Cel\u00e9 N\u011bmecko bylo nacifikov\u00e1no pln\u011b a do d\u016fsledku od roku 1933.<\/p>\n<figure id=\"attachment_54736\" class=\"wp-caption aligncenter\" style=\"width: 696px;\"><a href=\"https:\/\/aeronet.news\/wp-content\/uploads\/ZelenskyHitlerMap.jpg\"><img decoding=\"async\" loading=\"lazy\" class=\"wp-image-54736 \" src=\"https:\/\/aeronet.news\/wp-content\/uploads\/ZelenskyHitlerMap-1024x813.jpg\" sizes=\"(max-width: 700px) 100vw, 700px\" srcset=\"https:\/\/aeronet.news\/wp-content\/uploads\/ZelenskyHitlerMap-1024x813.jpg 1024w, https:\/\/aeronet.news\/wp-content\/uploads\/ZelenskyHitlerMap-300x238.jpg 300w, https:\/\/aeronet.news\/wp-content\/uploads\/ZelenskyHitlerMap-768x610.jpg 768w, https:\/\/aeronet.news\/wp-content\/uploads\/ZelenskyHitlerMap-700x556.jpg 700w, https:\/\/aeronet.news\/wp-content\/uploads\/ZelenskyHitlerMap-449x357.jpg 449w, https:\/\/aeronet.news\/wp-content\/uploads\/ZelenskyHitlerMap-608x483.jpg 608w, https:\/\/aeronet.news\/wp-content\/uploads\/ZelenskyHitlerMap.jpg 1123w\" alt=\"\" width=\"696\" height=\"553\" \/><\/a><figcaption class=\"wp-caption-text\">V\u016fdce Ukrajiny a V\u016fdce III. \u0158\u00ed\u0161e<\/figcaption><\/figure>\n<p>A t\u011bm voli\u010d\u016fm ne\u0161lo n\u011bkdy v roce 1944 \u0159\u00edct my\u0161lenku, \u017ee poj\u010fme uzav\u0159\u00edt p\u0159\u00edm\u011b\u0159\u00ed a poj\u010fme tu v\u00e1lku ukon\u010dit. Prost\u011b to nebylo mo\u017en\u00e9.\u00a0<strong>Cel\u00fd syst\u00e9m N\u011bmecka jel pouze na Pl\u00e1n A \u2013 na v\u00edt\u011bzstv\u00ed ve v\u00e1lce. \u017d\u00e1dn\u00fd Pl\u00e1n B neexistoval. A to sam\u00e9 te\u010f vid\u00edme na vlastn\u00ed o\u010di v EU.<\/strong>\u00a0Evropsk\u00e1 unie od roku 2014 fa\u0161izovala obyvatelstvo zem\u00ed EU nep\u0159etr\u017eitou propagandou rusofobie a te\u010f po 11 letech nejde \u0159\u00edct, \u017ee sorry jako, n\u00e1\u0161 Pl\u00e1n A nevy\u0161el, mus\u00edme se vr\u00e1tit a b\u00fdt znovu za dob\u0159e s Ruskem, proti kter\u00e9mu jsme v\u00e1s od Majdanu v roce 2014 \u0161tvali.\u00a0Fakt sorry jako.<\/p>\n<h3>EU se o\u010dkov\u00e1n\u00edm obyvatel rusofobi\u00ed od roku 2014 odsoudila ke stejn\u00e9mu osudu jako III. \u0158\u00ed\u0161e \u2013 k sebezni\u010duj\u00edc\u00ed v\u00e1lce a\u017e do konce!<\/h3>\n<p>Takov\u00fd obrat o 180 stup\u0148\u016f prost\u011b nejde v EU prov\u00e9st.\u00a0<strong>Pr\u00e1v\u011b proto jsme sv\u011bdky po\u010d\u00e1tku transformace EU do vojensk\u00e9 aliance<\/strong>, kter\u00e1 bude n\u00e1sleduj\u00edc\u00edch 8 a\u017e 15 let pokra\u010dovat v Pl\u00e1nu A, p\u0159i\u010dem\u017e bude hore\u010dn\u011b zbrojit, bude p\u0159esunovat ve\u0159ejn\u00e9 finance na zbrojen\u00ed, a v n\u011bjak\u00e9 chv\u00edli cel\u00e1 EU vyt\u00e1hne se sv\u00fdmi zfa\u0161izovan\u00fdmi (<em>a pozd\u011bji bohu\u017eel i s nezfa\u0161izovan\u00fdmi a mobilizovan\u00fdmi<\/em>) ob\u010dany do v\u00e1lky proti Rusku.<\/p>\n<p>A to p\u0159esto, \u017ee jde o \u0161\u00edlen\u00fd pl\u00e1n, jen\u017ee \u017e\u00e1dn\u00fd jin\u00fd pl\u00e1n EU nem\u00e1 a m\u00edt nebude, jako ho nem\u011bl Hitler. On toti\u017e v\u011bd\u011bl stejn\u011b jako dne\u0161n\u00ed\u00a0<em>svin\u011b<\/em>\u00a0v EU komisi, \u017ee politik sice m\u016f\u017ee klidn\u011b prov\u00e1d\u011bt oto\u010dky, zp\u00e1te\u010dky, piruety a dal\u0161\u00ed politick\u00e9 zm\u011bny postoj\u016f, ale nem\u016f\u017ee tot\u00e9\u017e prov\u00e9st s obyvatelstvem.<\/p>\n<figure id=\"attachment_52180\" class=\"wp-caption aligncenter\" style=\"width: 695px;\"><a href=\"https:\/\/aeronet.news\/wp-content\/uploads\/RussianTankZmasking.jpg\"><img decoding=\"async\" loading=\"lazy\" class=\"wp-image-52180 \" src=\"https:\/\/aeronet.news\/wp-content\/uploads\/RussianTankZmasking-1024x649.jpg\" sizes=\"(max-width: 700px) 100vw, 700px\" srcset=\"https:\/\/aeronet.news\/wp-content\/uploads\/RussianTankZmasking-1024x649.jpg 1024w, https:\/\/aeronet.news\/wp-content\/uploads\/RussianTankZmasking-300x190.jpg 300w, https:\/\/aeronet.news\/wp-content\/uploads\/RussianTankZmasking-768x487.jpg 768w, https:\/\/aeronet.news\/wp-content\/uploads\/RussianTankZmasking-700x444.jpg 700w, https:\/\/aeronet.news\/wp-content\/uploads\/RussianTankZmasking-563x357.jpg 563w, https:\/\/aeronet.news\/wp-content\/uploads\/RussianTankZmasking-762x483.jpg 762w, https:\/\/aeronet.news\/wp-content\/uploads\/RussianTankZmasking.jpg 1280w\" alt=\"\" width=\"695\" height=\"441\" \/><\/a><figcaption class=\"wp-caption-text\">Rusk\u00fd frontov\u00fd bitevn\u00ed tank T-90M Proryv je nejni\u010div\u011bj\u0161\u00edm a nejmodern\u011bj\u0161\u00edm tankem v ukrajinsk\u00e9m konfliktu<\/figcaption><\/figure>\n<p><strong>Kdy\u017e zfa\u0161izujete vlastn\u00ed obyvatelstvo pro Pl\u00e1n A, tak v\u00e1m obyvatelstvo nedovol\u00ed ten pl\u00e1n zradit. A p\u0159esto, \u017ee to neplat\u00ed o v\u0161ech obyvatel\u00edch EU, tak to plat\u00ed o\u00a0vol\u00edc\u00ed v\u011bt\u0161in\u011b.<\/strong>\u00a0Minim\u00e1ln\u011b o t\u00e9, kter\u00e1 zvolila v Evropsk\u00fdch volb\u00e1ch Evropskou lidovou stranu jako v\u00edt\u011bze v \u010dele s nejv\u011bt\u0161\u00ed zfa\u0161izovanou euronacistkou Ursulou von der Leyen.<\/p>\n<p>Volby tuto partaj pos\u00edlily a daly Ursule siln\u00fd mand\u00e1t v pokra\u010dov\u00e1n\u00ed Pl\u00e1nu A. V\u0161echno ostatn\u00ed je pouze d\u016fsledkem t\u011bchto nevratn\u00fdch proces\u016f v EU. \u017d\u00e1dn\u00fd Pl\u00e1n B neexistuje, proto\u017ee jeho p\u0159edlo\u017een\u00ed by znamenalo zradu zfa\u0161izovan\u00fdch voli\u010d\u016f. Pr\u00e1v\u011b proto EU komise te\u010f bere pen\u00edze od chud\u00fdch a p\u0159ev\u00e1d\u00ed je na z\u00e1chranu bohat\u00fdch v EU, aby se mohli transformovat a za\u010d\u00edt zbrojit do v\u00e1lky s Ruskem.<\/p>\n<p><a href=\"https:\/\/aeronet.news\/evropska-unie-oznamila-zahajeni-horecneho-zbrojeni-na-pripravu-valky-s-ruskem-penize-na-zbrojeni-v-objemu-392-miliard-eur-se-vezmou-nejchudsim-zemim-vychodni-evropy-z-eurofondu-regionalniho-rozvoje\/\">-VK-<\/a><\/p>\n","protected":false},"excerpt":{"rendered":"<p>Evropsk\u00e1 unie ozn\u00e1mila zah\u00e1jen\u00ed hore\u010dn\u00e9ho zbrojen\u00ed na p\u0159\u00edpravu v\u00e1lky s Ruskem! Pen\u00edze na zbrojen\u00ed v&#8230;<\/p>\n","protected":false},"author":2,"featured_media":75553,"comment_status":"closed","ping_status":"closed","sticky":false,"template":"","format":"standard","meta":[],"categories":[6],"tags":[41,22,40,338],"_links":{"self":[{"href":"https:\/\/www.infokuryr.cz\/n\/wp-json\/wp\/v2\/posts\/75552"}],"collection":[{"href":"https:\/\/www.infokuryr.cz\/n\/wp-json\/wp\/v2\/posts"}],"about":[{"href":"https:\/\/www.infokuryr.cz\/n\/wp-json\/wp\/v2\/types\/post"}],"author":[{"embeddable":true,"href":"https:\/\/www.infokuryr.cz\/n\/wp-json\/wp\/v2\/users\/2"}],"replies":[{"embeddable":true,"href":"https:\/\/www.infokuryr.cz\/n\/wp-json\/wp\/v2\/comments?post=75552"}],"version-history":[{"count":0,"href":"https:\/\/www.infokuryr.cz\/n\/wp-json\/wp\/v2\/posts\/75552\/revisions"}],"wp:featuredmedia":[{"embeddable":true,"href":"https:\/\/www.infokuryr.cz\/n\/wp-json\/wp\/v2\/media\/75553"}],"wp:attachment":[{"href":"https:\/\/www.infokuryr.cz\/n\/wp-json\/wp\/v2\/media?parent=75552"}],"wp:term":[{"taxonomy":"category","embeddable":true,"href":"https:\/\/www.infokuryr.cz\/n\/wp-json\/wp\/v2\/categories?post=75552"},{"taxonomy":"post_tag","embeddable":true,"href":"https:\/\/www.infokuryr.cz\/n\/wp-json\/wp\/v2\/tags?post=75552"}],"curies":[{"name":"wp","href":"https:\/\/api.w.org\/{rel}","templated":true}]}}