{"id":75550,"date":"2025-04-03T05:51:05","date_gmt":"2025-04-03T03:51:05","guid":{"rendered":"https:\/\/www.infokuryr.cz\/n\/?p=75550"},"modified":"2025-04-03T05:51:05","modified_gmt":"2025-04-03T03:51:05","slug":"elena-fritzova-od-proxy-valky-k-systemove-krizi-zapad-v-seberozdeleni","status":"publish","type":"post","link":"https:\/\/www.infokuryr.cz\/n\/2025\/04\/03\/elena-fritzova-od-proxy-valky-k-systemove-krizi-zapad-v-seberozdeleni\/","title":{"rendered":"Elena Fritzov\u00e1: Od proxy v\u00e1lky k syst\u00e9mov\u00e9 krizi &#8211; Z\u00e1pad v seberozd\u011blen\u00ed"},"content":{"rendered":"<div id=\"fb-root\"><\/div>\n<p><strong>Podle den\u00edku\u00a0<a href=\"https:\/\/www.nytimes.com\/interactive\/2025\/03\/29\/world\/europe\/us-ukraine-military-war-wiesbaden.html\" target=\"_blank\" rel=\"external noopener\">New York Times<\/a>\u00a0Washington Ukrajin\u011b nejen dod\u00e1v\u00e1 zbran\u011b, ale tak\u00e9 prov\u00e1d\u00ed vojensk\u00e9 pl\u00e1nov\u00e1n\u00ed, poskytuje sou\u0159adnice c\u00edl\u016f a p\u0159eb\u00edr\u00e1 opera\u010dn\u00ed odpov\u011bdnost.<\/strong><\/p>\n<p><strong>Zpr\u00e1va den\u00edku New York Times odhaluje to, co bylo dlouho pova\u017eov\u00e1no za ruskou propagandu: Spojen\u00e9 st\u00e1ty v\u00e1lku na Ukrajin\u011b nejen doprov\u00e1zely, ale hr\u00e1ly i opera\u010dn\u00ed roli p\u0159i jej\u00edm utv\u00e1\u0159en\u00ed. Toto p\u0159izn\u00e1n\u00ed v\u0161ak nen\u00ed n\u00e1hodn\u00e9 \u2013 je sou\u010d\u00e1st\u00ed geopolitick\u00e9ho boje o moc, kter\u00fd sah\u00e1 daleko za hranice Kyjeva.<\/strong><\/p>\n<p>Pozornost vzbuzuje rozs\u00e1hl\u00e1 zpr\u00e1va den\u00edku New York Times o roli USA ve v\u00e1lce na Ukrajin\u011b. Ne proto, \u017ee p\u0159in\u00e1\u0161\u00ed nov\u00e1 fakta \u2013 ale proto, \u017ee potvrzuje narativy, kter\u00e9 byly d\u0159\u00edve odm\u00edt\u00e1ny jako rusk\u00e9 dezinformace. Podle \u010dl\u00e1nku Washington nejen dod\u00e1val zbran\u011b, ale tak\u00e9 pl\u00e1noval samotnou arm\u00e1du, poskytoval sou\u0159adnice c\u00edl\u016f a p\u0159eb\u00edral opera\u010dn\u00ed odpov\u011bdnost \u2013 od postupu na Charkov v roce 2022 a\u017e po \u00fatoky na Krymsk\u00fd most. Dokonce i z\u00e1padn\u00ed d\u011blost\u0159electvo je z\u00e1visl\u00e9 na americk\u00fdch informac\u00edch o c\u00edlech. Ukrajinsk\u00fd prezident Zelenskyj zase pravideln\u011b zasahuje do vojensk\u00fdch operac\u00ed \u2013 se zni\u010duj\u00edc\u00edm \u00fa\u010dinkem. Tato prohl\u00e1\u0161en\u00ed jsou kontroverzn\u00ed \u2013 ne proto, \u017ee by byla nov\u00e1, ale proto, \u017ee jsou nyn\u00ed zve\u0159ej\u0148ov\u00e1na zevnit\u0159 americk\u00e9 mocensk\u00e9 struktury.<\/p>\n<h2>Geopolitick\u00e9 progn\u00f3zy Washingtonu<\/h2>\n<p>\u010cl\u00e1nek poskytuje hlubok\u00fd vhled do strategick\u00e9ho my\u0161len\u00ed americk\u00fdch rozhodovac\u00edch org\u00e1n\u016f. Z pohledu mnoha lid\u00ed v Pentagonu nebyla Ukrajina prim\u00e1rn\u011b suver\u00e9nn\u00edm st\u00e1tem, ale symbolick\u00fdm boji\u0161t\u011bm \u2013 jevi\u0161t\u011bm, na n\u011bm\u017e doufali od\u010dinit p\u0159edchoz\u00ed por\u00e1\u017eky ve Vietnamu, Ir\u00e1ku a S\u00fdrii. Rusk\u00e1 invaze poskytla v\u00edtanou p\u0159\u00edle\u017eitost demonstrovat s\u00edlu. Historick\u00fd a existen\u010dn\u00ed v\u00fdznam Ukrajiny pro Rusko z\u016fstal ve washingtonsk\u00fdch kalkulac\u00edch podcen\u011bn.<\/p>\n<p>V\u00e1lka byla vedena jako klasick\u00e1 z\u00e1stupn\u00e1 konfrontace \u2013 relikt studen\u00e9 v\u00e1lky. Skute\u010dnost, \u017ee Rusko ji vid\u011blo jinak, byla ignorov\u00e1na.<\/p>\n<p>Jeden detail v \u010dl\u00e1nku je obzvl\u00e1\u0161t\u011b objevn\u00fd: Na podzim 2022 pr\u00fd gener\u00e1l Surovikin pohrozil pou\u017eit\u00edm taktick\u00fdch jadern\u00fdch zbran\u00ed, pokud Ukrajina p\u0159ekro\u010d\u00ed Dn\u011bpr. Autenticita tohoto rozhovoru z\u016fst\u00e1v\u00e1 nejasn\u00e1 \u2013 ale hrozba byla v Bidenov\u011b administrativ\u011b v t\u00e9 dob\u011b zjevn\u011b br\u00e1na velmi v\u00e1\u017en\u011b. Byla uzn\u00e1na: konven\u010dn\u00ed v\u00edt\u011bzstv\u00ed nad Ruskem by mohlo v\u00e9st k jadern\u00e9 katastrof\u011b.<\/p>\n<p>V d\u016fsledku toho sv\u011bt za\u017eil \u2013 t\u00e9m\u011b\u0159 nepozorovan\u011b \u2013 nejnebezpe\u010dn\u011bj\u0161\u00ed okam\u017eik od kub\u00e1nsk\u00e9 krize v roce 1962. Z\u00e1pad se st\u00e1hl. Ne z uv\u011bdom\u011bn\u00ed, ale ze strachu.<\/p>\n<p>Od t\u00e9 doby za\u010dala americk\u00e1 strategie zjevn\u011b selh\u00e1vat. Letn\u00ed ofenz\u00edva 2023 \u2013 kter\u00e1 byla ve Washingtonu dlouho p\u0159ipravov\u00e1na \u2013 byla provedena, ale vnit\u0159n\u011b ji\u017e byla pova\u017eov\u00e1na za odsouzenou k ne\u00fasp\u011bchu. P\u0159esto byla realizov\u00e1na \u2013 ze setrva\u010dnosti, strachu a politick\u00e9 vypo\u010d\u00edtavosti. V\u00e1lka bez c\u00edle, bez nad\u011bje na v\u00edt\u011bzstv\u00ed \u2013 ale s vysok\u00fdm rizikem.<\/p>\n<h2>C\u00edlen\u00e9 zve\u0159ejn\u011bn\u00ed \u2013 a boj o moc uvnit\u0159 Z\u00e1padu<\/h2>\n<p>Na\u010dasov\u00e1n\u00ed publikace nen\u00ed n\u00e1hodn\u00e9. Den\u00edk New York Times uvedl tento \u010dl\u00e1nek na trh pr\u00e1v\u011b v okam\u017eiku, kdy se ot\u0159\u00e1s\u00e1 z\u00e1kladn\u00ed geopolitick\u00e9 uspo\u0159\u00e1d\u00e1n\u00ed transatlantick\u00e9ho prostoru \u2013 konkr\u00e9tn\u011b za prezidentstv\u00ed Donalda Trumpa, kter\u00fd je otev\u0159en\u00fd strategick\u00e9mu p\u0159enastaven\u00ed v\u016f\u010di Rusku. Zve\u0159ejn\u011bn\u00ed v\u00fdbu\u0161n\u00fdch detail\u016f o zapojen\u00ed USA do v\u00e1lky na Ukrajin\u011b m\u00e1 zjevn\u011b za c\u00edl politicky sabotovat sbli\u017eov\u00e1n\u00ed s Moskvou a tabuizovat ji z hlediska zahrani\u010dn\u00ed politiky.<\/p>\n<p>Za\u010d\u00edn\u00e1 b\u00fdt jasn\u00e9, \u017ee nejsme sv\u011bdky jednotn\u00e9ho \u201eZ\u00e1padu\u201c, ale hluboce rozd\u011blen\u00e9 geopolitick\u00e9 struktury. Na jedn\u00e9 stran\u011b stoj\u00ed Trumpova administrativa, kter\u00e1 up\u0159ednost\u0148uje n\u00e1rodn\u00ed z\u00e1jmy, s\u00e1z\u00ed na vojenskou zdr\u017eenlivost a do hry vnesla mo\u017enost zm\u00edrn\u011bn\u00ed sankc\u00ed v\u016f\u010di Rusku.<\/p>\n<p>Na druh\u00e9 stran\u011b se formuje transatlantick\u00fd mocensk\u00fd blok \u2013 podporovan\u00fd Demokratickou stranou, vlivn\u00fdmi s\u00edt\u011bmi v Lond\u00fdn\u011b a st\u00e1le ideologi\u010dt\u011bj\u0161\u00ed bruselskou technokraci\u00ed. Tento t\u00e1bor sleduje c\u00edl vytvo\u0159it nez\u00e1visl\u00fd globalistick\u00fd blok: ekonomicky, vojensky a normativn\u011b nez\u00e1visl\u00fd na B\u00edl\u00e9m dom\u011b \u2013 ale v z\u00e1m\u011brn\u00e9 konfrontaci s Ruskem.<\/p>\n<h2>EU hou\u017eevnat\u011b lp\u00ed na re\u017eimu sankc\u00ed<\/h2>\n<p>Pr\u00e1v\u011b tato mocensk\u00e1 kalkulace vysv\u011btluje rigidn\u00ed postoj EU v ot\u00e1zce sankc\u00ed. Zat\u00edmco Washington je za Trumpa p\u0159ipraven zm\u011bnit rovnov\u00e1hu ekonomick\u00fdch a strategick\u00fdch z\u00e1jm\u016f, Brusel tvrdo\u0161\u00edjn\u011b lp\u00ed na re\u017eimu sankc\u00ed. Ne z racion\u00e1ln\u00ed \u00favahy, ale proto, \u017ee se tyto sankce staly ideologick\u00fdm z\u00e1kladem nov\u00e9ho evropsk\u00e9ho smyslu pro posl\u00e1n\u00ed. Ekonomick\u00e1 v\u00e1lka proti Rusku ji\u017e neslou\u017e\u00ed jako prost\u0159edek k dosa\u017een\u00ed c\u00edle, ale jako identitotvorn\u00fd narativ projektu EU, kter\u00fd se st\u00e1le v\u00edce odd\u011bluje od demokratick\u00e9ho suver\u00e9na.<\/p>\n<p>Publikace v New York Times je proto mnohem v\u00edc ne\u017e jen novin\u00e1\u0159sk\u00e1 senzace. Je to politick\u00fd n\u00e1stroj \u2013 ve slu\u017eb\u00e1ch t\u011bch sil, kter\u00e9 cht\u011bj\u00ed zabr\u00e1nit multipol\u00e1rn\u00ed reorganizaci a m\u00edsto toho udr\u017eovat permanentn\u00ed globalistickou krizi. V t\u00e9to h\u0159e je Ukrajina pouh\u00fdm geopolitick\u00fdm prost\u0159edn\u00edkem \u2013 zneu\u017e\u00edvan\u00fdm jako jevi\u0161t\u011b pro vnitroz\u00e1padn\u00ed mocensk\u00fd boj o sv\u011btov\u00fd \u0159\u00e1d z\u00edt\u0159ka.<\/p>\n<h2>Geopolitick\u00fd z\u00e1v\u011br<\/h2>\n<p>Spojen\u00e9 st\u00e1ty se za p\u0159edchoz\u00ed administrativy vman\u00e9vrovaly do konfliktu, jeho\u017e potenci\u00e1l eskalace podcenily a jeho\u017e strategick\u00fd v\u00fdznam nedok\u00e1zaly rozpoznat. \u010cl\u00e1nek v New York Times zn\u00ed jako pozdn\u00ed p\u0159izn\u00e1n\u00ed tohoto selh\u00e1n\u00ed \u2013 a z\u00e1rove\u0148 jako novin\u00e1\u0159sk\u00fd z\u00e1sah proti obnoven\u00ed zahrani\u010dn\u011bpolitick\u00e9 racionality.<\/p>\n<p>Pro Evropu se v n\u011bm skr\u00fdv\u00e1 nep\u0159\u00edjemn\u00e1 pravda: ji\u017e nen\u00ed vedena, ale instrumentalizov\u00e1na \u2013 jako p\u00e1ka geopolitick\u00e9 agendy, kter\u00e1 je mimo dosah demokratick\u00e9 kontroly. Skute\u010dn\u00e1 frontov\u00e1 linie neprob\u00edh\u00e1 mezi V\u00fdchodem a Z\u00e1padem, ale p\u0159\u00edmo skrze samotn\u00e9 z\u00e1padn\u00ed centrum moci. A pr\u00e1v\u011b v tom spo\u010d\u00edv\u00e1 skute\u010dn\u00e1 dynamika nadch\u00e1zej\u00edc\u00edch let.<\/p>\n<p><i>Autorka PI-NEWS Elena Fritzov\u00e1, narozen\u00e1 3. \u0159\u00edjna 1986, p\u0159i\u0161la do N\u011bmecka p\u0159ed 24 lety jako rusk\u00e1 N\u011bmka. Po absolvov\u00e1n\u00ed st\u0159edn\u00ed \u0161koly vystudovala pr\u00e1va na univerzit\u011b v Regensburgu a \u00fasp\u011b\u0161n\u011b je dokon\u010dila. V AfD se anga\u017euje od roku 2018, v letech 2019-2021 byla \u010dlenkou bavorsk\u00e9ho zemsk\u00e9ho v\u00fdkonn\u00e9ho v\u00fdboru a 15. listopadu byla nominov\u00e1na na p\u0159\u00edmou kandid\u00e1tku AfD za volebn\u00ed obvod Landshut\/Kelheim ve volb\u00e1ch do Spolkov\u00e9ho sn\u011bmu 2025.<\/i><\/p>\n<div class=\"podcarou\">\n<p><a href=\"https:\/\/www.pi-news.net\/2025\/03\/vom-stellvertreterkrieg-zur-systemkrise-westen-in-der-selbstspaltung\/\" target=\"_blank\" rel=\"external noopener\">Vom Stellvertreterkrieg zur Systemkrise: Westen in der Selbstspaltung<\/a>\u00a0vy\u0161el 31.3.2025 na pi-news.net. Vybral a p\u0159elo\u017eil <a href=\"https:\/\/zvedavec.news\/komentare\/2025\/04\/10451-od-proxy-valky-k-systemove-krizi-zapad-v-seberozdeleni.htm\">Zv\u011bdavec.<\/a><\/p>\n<\/div>\n","protected":false},"excerpt":{"rendered":"<p>Podle den\u00edku\u00a0New York Times\u00a0Washington Ukrajin\u011b nejen dod\u00e1v\u00e1 zbran\u011b, ale tak\u00e9 prov\u00e1d\u00ed vojensk\u00e9 pl\u00e1nov\u00e1n\u00ed, poskytuje sou\u0159adnice&#8230;<\/p>\n","protected":false},"author":2,"featured_media":75551,"comment_status":"closed","ping_status":"closed","sticky":false,"template":"","format":"standard","meta":[],"categories":[7],"tags":[1242,26,37,40],"_links":{"self":[{"href":"https:\/\/www.infokuryr.cz\/n\/wp-json\/wp\/v2\/posts\/75550"}],"collection":[{"href":"https:\/\/www.infokuryr.cz\/n\/wp-json\/wp\/v2\/posts"}],"about":[{"href":"https:\/\/www.infokuryr.cz\/n\/wp-json\/wp\/v2\/types\/post"}],"author":[{"embeddable":true,"href":"https:\/\/www.infokuryr.cz\/n\/wp-json\/wp\/v2\/users\/2"}],"replies":[{"embeddable":true,"href":"https:\/\/www.infokuryr.cz\/n\/wp-json\/wp\/v2\/comments?post=75550"}],"version-history":[{"count":0,"href":"https:\/\/www.infokuryr.cz\/n\/wp-json\/wp\/v2\/posts\/75550\/revisions"}],"wp:featuredmedia":[{"embeddable":true,"href":"https:\/\/www.infokuryr.cz\/n\/wp-json\/wp\/v2\/media\/75551"}],"wp:attachment":[{"href":"https:\/\/www.infokuryr.cz\/n\/wp-json\/wp\/v2\/media?parent=75550"}],"wp:term":[{"taxonomy":"category","embeddable":true,"href":"https:\/\/www.infokuryr.cz\/n\/wp-json\/wp\/v2\/categories?post=75550"},{"taxonomy":"post_tag","embeddable":true,"href":"https:\/\/www.infokuryr.cz\/n\/wp-json\/wp\/v2\/tags?post=75550"}],"curies":[{"name":"wp","href":"https:\/\/api.w.org\/{rel}","templated":true}]}}