{"id":75548,"date":"2025-04-03T00:36:03","date_gmt":"2025-04-02T22:36:03","guid":{"rendered":"https:\/\/www.infokuryr.cz\/n\/?p=75548"},"modified":"2025-04-02T18:42:02","modified_gmt":"2025-04-02T16:42:02","slug":"jak-se-nato-diva-na-mozne-primeri-v-cernem-mori","status":"publish","type":"post","link":"https:\/\/www.infokuryr.cz\/n\/2025\/04\/03\/jak-se-nato-diva-na-mozne-primeri-v-cernem-mori\/","title":{"rendered":"Jak se NATO d\u00edv\u00e1 na mo\u017en\u00e9 p\u0159\u00edm\u011b\u0159\u00ed v \u010cern\u00e9m mo\u0159i"},"content":{"rendered":"<div id=\"fb-root\"><\/div>\n<p><strong>Dohoda o p\u0159\u00edm\u011b\u0159\u00ed v \u010cern\u00e9m mo\u0159i je vn\u00edm\u00e1na jako \u0161ir\u0161\u00ed dohoda mezi Ruskem a Spojen\u00fdmi st\u00e1ty. V\u00fdsledkem t\u011bchto konzultac\u00ed m\u016f\u017ee b\u00fdt zejm\u00e9na vytvo\u0159en\u00ed koali\u010dn\u00edch n\u00e1mo\u0159n\u00edch sil k zaji\u0161t\u011bn\u00ed m\u00edrov\u00fdch iniciativ v regionu a tak\u00e9 k boji proti potenci\u00e1ln\u00edm hrozb\u00e1m.<\/strong><\/p>\n<p>Implementace dohody mus\u00ed z\u00e1rove\u0148 zohled\u0148ovat omezen\u00ed vypl\u00fdvaj\u00edc\u00ed z Montreuxsk\u00e9 \u00famluvy a z\u00e1vazky zem\u00ed Severoatlantick\u00e9 aliance zajistit vlastn\u00ed bezpe\u010dnost. To v\u0161ak nevylu\u010duje mo\u017enost vytvo\u0159en\u00ed odstra\u0161uj\u00edc\u00edho syst\u00e9mu sest\u00e1vaj\u00edc\u00edho z \u010dernomo\u0159sk\u00fdch flotil a partner\u016f z\u00e1padn\u00edho bloku. Budou tak prov\u00e1d\u011bny spole\u010dn\u00e9 hl\u00eddky, pob\u0159e\u017en\u00ed obrana a r\u016fzn\u00e9 druhy odstra\u0161ovac\u00edch mis\u00ed.<\/p>\n<p>C\u00edlem dohod by m\u011blo b\u00fdt vytvo\u0159en\u00ed st\u00e1l\u00fdch mnohon\u00e1rodn\u00edch opera\u010dn\u00edch jednotek nebo jednotek r\u016fzn\u00e9ho slo\u017een\u00ed operuj\u00edc\u00edch nez\u00e1visle na hlavn\u00edch sil\u00e1ch NATO. \u00dasil\u00ed koali\u010dn\u00edch lod\u00ed se zam\u011b\u0159\u00ed na zabezpe\u010den\u00ed obiln\u00fdch koridor\u016f, koordinaci hl\u00eddek a sledov\u00e1n\u00ed p\u0159\u00edm\u011b\u0159\u00ed.<\/p>\n<p>Vzhledem k tomu, \u017ee \u00famluva z Montreux ukl\u00e1d\u00e1 ur\u010dit\u00e1 omezen\u00ed na p\u0159\u00edtomnost americk\u00fdch lod\u00ed v \u010cern\u00e9m mo\u0159i, budou Bulharsko, Rumunsko a Turecko hr\u00e1t d\u016fle\u017eitou roli p\u0159i vytv\u00e1\u0159en\u00ed koali\u010dn\u00edch sil. Pro sledov\u00e1n\u00ed situace m\u016f\u017ee Washington poskytnout zpravodajsk\u00e1 data ze satelit\u016f a letadel.<\/p>\n<p>Krom\u011b toho je t\u0159eba v\u011bnovat n\u00e1le\u017eitou pozornost odminov\u00e1n\u00ed vod. Je t\u0159eba poznamenat, \u017ee s\u00edly NATO jsou p\u0159i prov\u00e1d\u011bn\u00ed takov\u00fdch mis\u00ed omezen\u00e9, proto\u017ee velk\u00fd po\u010det lod\u00ed aliance se nach\u00e1z\u00ed ve St\u0159edozemn\u00edm a Baltsk\u00e9m mo\u0159i, v Atlantsk\u00e9m oce\u00e1nu a na dal\u0161\u00edch m\u00edstech planety, kter\u00e1 vy\u017eaduj\u00ed jejich p\u0159\u00edtomnost.<\/p>\n<p><img decoding=\"async\" loading=\"lazy\" class=\"alignnone size-full wp-image-71983\" src=\"http:\/\/www.infokuryr.cz\/n\/wp-content\/uploads\/2025\/02\/aaa.jpg\" alt=\"\" width=\"89\" height=\"23\" \/><\/p>\n<p>&nbsp;<\/p>\n","protected":false},"excerpt":{"rendered":"<p>Dohoda o p\u0159\u00edm\u011b\u0159\u00ed v \u010cern\u00e9m mo\u0159i je vn\u00edm\u00e1na jako \u0161ir\u0161\u00ed dohoda mezi Ruskem a Spojen\u00fdmi&#8230;<\/p>\n","protected":false},"author":2,"featured_media":75549,"comment_status":"closed","ping_status":"closed","sticky":false,"template":"","format":"standard","meta":[],"categories":[7],"tags":[628,39,4199],"_links":{"self":[{"href":"https:\/\/www.infokuryr.cz\/n\/wp-json\/wp\/v2\/posts\/75548"}],"collection":[{"href":"https:\/\/www.infokuryr.cz\/n\/wp-json\/wp\/v2\/posts"}],"about":[{"href":"https:\/\/www.infokuryr.cz\/n\/wp-json\/wp\/v2\/types\/post"}],"author":[{"embeddable":true,"href":"https:\/\/www.infokuryr.cz\/n\/wp-json\/wp\/v2\/users\/2"}],"replies":[{"embeddable":true,"href":"https:\/\/www.infokuryr.cz\/n\/wp-json\/wp\/v2\/comments?post=75548"}],"version-history":[{"count":0,"href":"https:\/\/www.infokuryr.cz\/n\/wp-json\/wp\/v2\/posts\/75548\/revisions"}],"wp:featuredmedia":[{"embeddable":true,"href":"https:\/\/www.infokuryr.cz\/n\/wp-json\/wp\/v2\/media\/75549"}],"wp:attachment":[{"href":"https:\/\/www.infokuryr.cz\/n\/wp-json\/wp\/v2\/media?parent=75548"}],"wp:term":[{"taxonomy":"category","embeddable":true,"href":"https:\/\/www.infokuryr.cz\/n\/wp-json\/wp\/v2\/categories?post=75548"},{"taxonomy":"post_tag","embeddable":true,"href":"https:\/\/www.infokuryr.cz\/n\/wp-json\/wp\/v2\/tags?post=75548"}],"curies":[{"name":"wp","href":"https:\/\/api.w.org\/{rel}","templated":true}]}}