{"id":75546,"date":"2025-04-03T00:34:34","date_gmt":"2025-04-02T22:34:34","guid":{"rendered":"https:\/\/www.infokuryr.cz\/n\/?p=75546"},"modified":"2025-04-02T18:23:29","modified_gmt":"2025-04-02T16:23:29","slug":"zdenek-jemelik-spravne-nacasovane-capi-hnizdo","status":"publish","type":"post","link":"https:\/\/www.infokuryr.cz\/n\/2025\/04\/03\/zdenek-jemelik-spravne-nacasovane-capi-hnizdo\/","title":{"rendered":"Zden\u011bk Jemel\u00edk: Spr\u00e1vn\u011b na\u010dasovan\u00e9 \u010cap\u00ed hn\u00edzdo"},"content":{"rendered":"<div id=\"fb-root\"><\/div>\n<p><strong>Podle lidov\u00e9 tradice je den 1.dubna dnem nev\u00e1zan\u00e9ho \u017eertov\u00e1n\u00ed, \u201evyv\u00e1d\u011bn\u00ed apr\u00edlem\u201c. Dne\u0161ek jsem m\u011bl skute\u010dn\u011b bohat\u00fd na z\u00e1\u017eitky, je\u017e bych r\u00e1d vzal jako \u201eapr\u00edl\u201c, kdyby nebyly smutn\u00e9. Do datov\u00e9 schr\u00e1nky dorazilo vyrozum\u011bn\u00ed Kancel\u00e1\u0159e prezidenta republiky o nevyhov\u011bn\u00ed \u017e\u00e1dosti o milost, Nejvy\u0161\u0161\u00ed st\u00e1tn\u00ed zastupitelstv\u00ed m\u011b obda\u0159ilo nesouhlasem s mou argumentac\u00ed v podn\u011btu ke st\u00ed\u017enosti pro poru\u0161en\u00ed z\u00e1kona a nakonec jsem se dov\u011bd\u011bl, \u017ee Evropsk\u00fd parlament odhlasoval vyd\u00e1n\u00ed europoslankyn\u011b Jany Nagyov\u00e9 k trestn\u00edmu st\u00edh\u00e1n\u00ed v kauze \u010cap\u00ed hn\u00edzdo.<\/strong><\/p>\n<p style=\"font-weight: 400;\">Zm\u00edn\u011bn\u00fd p\u0159\u00edpad jsem za\u010dal sledovat v\u00a0dob\u011b p\u0159\u00edpravn\u00e9ho \u0159\u00edzen\u00ed a z\u00fa\u010dastnil jsem se cel\u00e9ho prvn\u00edho\u00a0 kola hlavn\u00edho l\u00ed\u010den\u00ed. Ji\u017e tehdy jsem si v\u0161iml, \u017ee jednotliv\u00e9 \u00fakony trestn\u00edho \u0159\u00edzen\u00ed se \u010dasov\u011b n\u00e1padn\u011b prol\u00ednaj\u00ed s\u00a0politick\u00fdmi akcemi ob\u017ealovan\u00fdch Jany Nagyov\u00e9 a Andreje Babi\u0161e (<a href=\"https:\/\/www.jemelikzdenek.cz\/2023\/01\/capi-hnizdo-pred-rozsudkem.html\">ZDE<\/a>). Dokreslovalo to hlavn\u00ed \u00fa\u010del procesu, j\u00edm\u017e je nepochybn\u011b vystrnad\u011bn\u00ed Andreje Babi\u0161e z\u00a0politick\u00e9ho kolbi\u0161t\u011b.<\/p>\n<p style=\"font-weight: 400;\">Domn\u00edv\u00e1m se, \u017ee Vrchn\u00ed soud v\u00a0Praze by se nemusel styd\u011bt za nevyhov\u011bn\u00ed odvol\u00e1n\u00ed \u017ealobce Jaroslava \u0160arocha a \u0159\u00edzen\u00ed ji\u017e mohlo d\u00e1vno upadnout v\u00a0zapomn\u011bn\u00ed. M\u00edsto toho po\u017e\u00e1dal Evropsk\u00fd parlament o vyd\u00e1n\u00ed Jany Nagyov\u00e9 ke st\u00edh\u00e1n\u00ed, \u010d\u00edm\u017e nep\u0159\u00edmo nazna\u010dil \u00famysl vyj\u00edt vst\u0159\u00edc \u017ealobci. A p\u0159i tro\u0161e snahy ze strany soud\u016f se m\u016f\u017eeme t\u011b\u0161it, \u017ee projedn\u00e1v\u00e1n\u00ed kauzy o\u017eiv\u00ed z\u00e1v\u011br p\u0159edvolebn\u00ed kampan\u011b.<\/p>\n<p style=\"font-weight: 400;\">Obecn\u011b jsem odp\u016frcem zneu\u017e\u00edv\u00e1n\u00ed n\u00e1stroj\u016f trestn\u00edho pr\u00e1va k\u00a0politick\u00fdm \u00fa\u010del\u016fm. Z\u00a0term\u00ednu zah\u00e1jen\u00ed trestn\u00edho \u0159\u00edzen\u00ed je z\u0159ejm\u00e9, \u017ee p\u016fvodci kratochv\u00edle \u0161li p\u016fvodn\u011b po krku Andreji Babi\u0161ovi. Vy\u0161lo jim to jen \u010d\u00e1ste\u010dn\u011b, proto\u017ee za hlavn\u00ed h\u0159\u00ed\u0161nici \u017ealobce uznal Janu Nagyovou a Andreje Babi\u0161e \u201edegradoval\u201c na pouh\u00e9ho pomocn\u00edka.<\/p>\n<p style=\"font-weight: 400;\">Ov\u0161em ani to nelze p\u0159ijmout bez v\u00fdhrad, proto\u017ee Jana Nagyov\u00e1 sice podala \u017e\u00e1dost o dotaci, ale vypracovala ji do v\u0161ech podrobnost\u00ed spr\u00e1vn\u011b, ani\u017e by cokoli p\u0159ed Region\u00e1ln\u00ed radou soudr\u017enosti skryla. St\u00e1tn\u00edmu \u00fa\u0159adu, spravuj\u00edc\u00edmu prost\u0159edky na vypl\u00e1cen\u00ed dotac\u00ed, nic nebr\u00e1nilo \u017e\u00e1dosti nevyhov\u011bt. Ale vyhov\u011bl. A to je v\u011bc, kter\u00e1 mi vad\u00ed nejv\u00edce: kde z\u016fstala odpov\u011bdnost st\u00e1tn\u00edch \u00fa\u0159edn\u00edk\u016f, spravuj\u00edc\u00edch st\u00e1tn\u00ed a unijn\u00ed pen\u00edze? Pro\u010d nesed\u00ed na lavici ob\u017ealovan\u00fdch tak\u00e9?<\/p>\n<p style=\"font-weight: 400;\">Praxe uk\u00e1zala, \u017ee justi\u010dn\u00ed\u00a0\u00a0hr\u00e1tky nikterak neovlivnily p\u0159ita\u017elivost Andreje Babi\u0161e pro voli\u010de, \u010dili trestn\u00ed \u0159\u00edzen\u00ed nedos\u00e1hlo po\u017eadovan\u00e9ho c\u00edle. Dotace se na n\u00e1kladech na vybudov\u00e1n\u00ed \u010cap\u00edho hn\u00edzda pod\u00edlela jen nepatrn\u011b a nakonec ji spole\u010dnost Imoba vr\u00e1tila. Vzniklo spole\u010densky prosp\u011b\u0161n\u00e9 v\u00edce\u00fa\u010delov\u00e9 za\u0159\u00edzen\u00ed. Skutkov\u011b je to velmi star\u00e1 z\u00e1le\u017eitost a d\u00e9lka \u0159\u00edzen\u00ed je nep\u0159ijateln\u011b dlouh\u00e1. Je na \u010dase tuto ostudnou z\u00e1le\u017eitost dov\u00e9st ke konci. Protivn\u00edci Andreje Babi\u0161e nech\u0165\u00a0\u00a0se sm\u00ed\u0159\u00ed s\u00a0t\u00edm, \u017ee tudy cesta k\u00a0jeho vytla\u010den\u00ed z\u00a0politiky prost\u011b nevede.<\/p>\n<p><em><strong>Zden\u011bk Jemel\u00edk<\/strong><\/em><\/p>\n<p><img decoding=\"async\" loading=\"lazy\" class=\"alignnone size-medium wp-image-357\" src=\"http:\/\/www.infokuryr.cz\/n\/wp-content\/uploads\/2021\/04\/Jemelik-u-soudu-300x145.jpeg\" alt=\"\" width=\"300\" height=\"145\" srcset=\"https:\/\/www.infokuryr.cz\/n\/wp-content\/uploads\/2021\/04\/Jemelik-u-soudu-300x145.jpeg 300w, https:\/\/www.infokuryr.cz\/n\/wp-content\/uploads\/2021\/04\/Jemelik-u-soudu.jpeg 320w\" sizes=\"(max-width: 300px) 100vw, 300px\" \/><\/p>\n<p>&nbsp;<\/p>\n","protected":false},"excerpt":{"rendered":"<p>Podle lidov\u00e9 tradice je den 1.dubna dnem nev\u00e1zan\u00e9ho \u017eertov\u00e1n\u00ed, \u201evyv\u00e1d\u011bn\u00ed apr\u00edlem\u201c. Dne\u0161ek jsem m\u011bl skute\u010dn\u011b&#8230;<\/p>\n","protected":false},"author":2,"featured_media":15131,"comment_status":"closed","ping_status":"closed","sticky":false,"template":"","format":"standard","meta":[],"categories":[6],"tags":[3322,33,324],"_links":{"self":[{"href":"https:\/\/www.infokuryr.cz\/n\/wp-json\/wp\/v2\/posts\/75546"}],"collection":[{"href":"https:\/\/www.infokuryr.cz\/n\/wp-json\/wp\/v2\/posts"}],"about":[{"href":"https:\/\/www.infokuryr.cz\/n\/wp-json\/wp\/v2\/types\/post"}],"author":[{"embeddable":true,"href":"https:\/\/www.infokuryr.cz\/n\/wp-json\/wp\/v2\/users\/2"}],"replies":[{"embeddable":true,"href":"https:\/\/www.infokuryr.cz\/n\/wp-json\/wp\/v2\/comments?post=75546"}],"version-history":[{"count":0,"href":"https:\/\/www.infokuryr.cz\/n\/wp-json\/wp\/v2\/posts\/75546\/revisions"}],"wp:featuredmedia":[{"embeddable":true,"href":"https:\/\/www.infokuryr.cz\/n\/wp-json\/wp\/v2\/media\/15131"}],"wp:attachment":[{"href":"https:\/\/www.infokuryr.cz\/n\/wp-json\/wp\/v2\/media?parent=75546"}],"wp:term":[{"taxonomy":"category","embeddable":true,"href":"https:\/\/www.infokuryr.cz\/n\/wp-json\/wp\/v2\/categories?post=75546"},{"taxonomy":"post_tag","embeddable":true,"href":"https:\/\/www.infokuryr.cz\/n\/wp-json\/wp\/v2\/tags?post=75546"}],"curies":[{"name":"wp","href":"https:\/\/api.w.org\/{rel}","templated":true}]}}