{"id":75540,"date":"2025-04-03T00:30:26","date_gmt":"2025-04-02T22:30:26","guid":{"rendered":"https:\/\/www.infokuryr.cz\/n\/?p=75540"},"modified":"2025-04-02T16:52:34","modified_gmt":"2025-04-02T14:52:34","slug":"fiala-priznal-penize-v-kampelicce-a-z-barmske-neziskovky-rakusan-se-hlasi-k-dozimetru","status":"publish","type":"post","link":"https:\/\/www.infokuryr.cz\/n\/2025\/04\/03\/fiala-priznal-penize-v-kampelicce-a-z-barmske-neziskovky-rakusan-se-hlasi-k-dozimetru\/","title":{"rendered":"Fiala p\u0159iznal pen\u00edze v kampeli\u010dce a z barmsk\u00e9 neziskovky. Raku\u0161an se hl\u00e1s\u00ed k Dozimetru&#8230;"},"content":{"rendered":"<div id=\"fb-root\"><\/div>\n<h5 class=\"entry-title\"><span style=\"font-size: 14pt;\"><strong>Fiala p\u0159iznal pen\u00edze v kampeli\u010dce a z barmsk\u00e9 neziskovky. Raku\u0161an se hl\u00e1s\u00ed k Dozimetru, pr\u00fd ale nic nebral a ta \u010d\u00e1stka tak\u00e9 nesouhlas\u00ed. Volebn\u00ed debakl na obzoru? Jak reagoval Babi\u0161?<\/strong><\/span><\/h5>\n<p>Prudk\u00fd pokles volebn\u00edch preferenc\u00ed i u sp\u0159\u00e1telen\u00fdch agentur vyd\u011bsil vl\u00e1dnouc\u00ed koalici. V\u00fdsledkem je nov\u00e1 volebn\u00ed strategie \u201es pravdou a l\u00e1skou ven\u201c.<\/p>\n<p>Petr Fiala, p\u0159ed\u00e1k ODS,\u00a0<strong>se ve\u0159ejn\u011b v moravsk\u00e9m Bruselu Brn\u011b p\u0159iznal p\u0159ed studenty k ulit\u00fdm pen\u011bz\u016fm v kampeli\u010dce, rovn\u011b\u017e pr\u00fd bral des\u00edtky milion\u016f z barmsk\u00e9 neziskovky. Student\u016fm vysv\u011btlil, \u017ee jednal jako spr\u00e1vn\u00fd liber\u00e1l a podle A. Smithse utilit\u00e1rn\u00ed podporou vlastn\u00edho dobra vlastn\u011b pracoval pro dobro spole\u010dnosti. \u201eKdy\u017e politik p\u0159ijme dar, nebo pen\u00edze a prosazuje tak vlastn\u00ed z\u00e1jmy, prosp\u00edv\u00e1 tak cel\u00e9 spole\u010dnosti\u201c, vysv\u011btlil Fiala nad\u0161en\u00fdm student\u016fm humanitn\u00edch v\u011bd Masa\u0159\u00edkovy Univerzity. Podobn\u011b to pr\u00fd je s t\u011bmi barmsk\u00fdmi \u017eenami. Tam Fiala vysv\u011btlil, \u017ee kdy\u017e si politik d\u00edky neziskovce, kter\u00e1 m\u00e1 db\u00e1t o jejich dobro, z pen\u011bz neziskovky postav\u00ed t\u0159eba d\u016fm, pak jim tak\u00e9 p\u0159ece pomohl i chud\u00fdm \u017een\u00e1m v exotick\u00e9 Barm\u011b.\u00a0<\/strong>Fiala nav\u00edc prohl\u00e1sil, \u017ee pen\u00edze nikdy nem\u011bl pro sebe, ale pl\u00e1noval je d\u00e1t hnut\u00ed Chabad, kter\u00e9 kon\u00e1 celosv\u011btov\u00e9 dobro. Pr\u00fd se mu ve snu zjevila jeho babi\u010dka, kter\u00e1 ho k tomu vyzvala. Zbytek pr\u00fd d\u00e1 nadaci ukrajinsk\u00fdch \u017een, kde de p\u016fsob\u00ed jeho \u010destn\u00fd p\u0159edseda, pokladn\u00edk a jedin\u00fd \u010dlen.<\/p>\n<p>\u010celem se k\u00a0<strong>minulosti vlastn\u00ed strany stav\u00ed i V. Raku\u0161an. Na p\u0159edvolebn\u00edm shrom\u00e1\u017ed\u011bn\u00ed na Ol\u0161ansk\u00fdch h\u0159bitovech sd\u011blil koresponden\u010dn\u00edm voli\u010d\u016fm, \u017ee o Dozimetru v\u011bd\u011bl, ale nic nebral a ta \u010d\u00e1stka tak\u00e9 nesouhlas\u00ed.\u00a0<\/strong>Sice dozimetr byl , je a bude, ale on v tom nevid\u00ed probl\u00e9m. Voli\u010di v\u010detn\u011b padl\u00fdch Rudoarm\u011bjc\u016f mu zatleskali a sl\u00edbili volit kandid\u00e1ty hnut\u00ed STAN v\u0161em 88 hlasy na osobu.<\/p>\n<p>Liber\u00e1ln\u011b demokratick\u00e9 strany se tak up\u0159\u00edmnost\u00ed hodnou V. Havla a jeho pravdy a l\u00e1sky sna\u017e\u00ed odvr\u00e1tit volebn\u00ed debakl.\u00a0<strong>Po n\u00e1stupu D. Trumpa u\u017e nen\u00ed jasn\u00e9, kdo vlastn\u011b ovl\u00e1d\u00e1 po\u010d\u00edt\u00e1n\u00ed hlas\u016f a p\u0159ed\u00e1ci liber\u00e1ln\u00ed demokracie maj\u00ed obavy o volebn\u00ed v\u00fdsledek, sv\u00e1 koryta a tedy liber\u00e1ln\u00ed demokracii.<\/strong><\/p>\n<p>Na to zareagoval Babi\u0161 a ozn\u00e1mil, \u017ee\u00a0<strong>daruje Agrofert a \u010cap\u00e1k neziskov\u00e9 organizaci \u010clov\u011bk v pl\u00edsni a Romea. \u201eBudu tak bojovat za t\u016f demograciju\u201c<\/strong>, zd\u016fraznil politik. Nav\u00edc si od toho slibuje navr\u00e1cen\u00ed \u017eelezn\u00e9ho plotu od jeho domu v Pr\u016fhonic\u00edch, kter\u00fd mu odnesli nezn\u00e1m\u00ed pachatel\u00e9 do sb\u011brn\u00fdch surovin. Podle n\u011bj kr\u00e1de\u017e kovov\u00e9ho plotu z jeho zahrady \u201ebola \u00fa\u010delovka\u201c.<\/p>\n<p><em><a href=\"https:\/\/ceskavec.com\/2025\/04\/fiala-priznal-penize-v-kampelicce-a-z-barmske-neziskovky-rakusan-se-hlasi-k-dozimetru-pry-ale-nic-nebral-a-ta-castka-take-nesouhlasi-volebni-debakl-na-obzoru\">\u0160muel Comedian<\/a>, autor sci-fi<\/em><\/p>\n<p>&nbsp;<\/p>\n","protected":false},"excerpt":{"rendered":"<p>Fiala p\u0159iznal pen\u00edze v kampeli\u010dce a z barmsk\u00e9 neziskovky. Raku\u0161an se hl\u00e1s\u00ed k Dozimetru, pr\u00fd&#8230;<\/p>\n","protected":false},"author":2,"featured_media":75541,"comment_status":"closed","ping_status":"closed","sticky":false,"template":"","format":"standard","meta":[],"categories":[6],"tags":[1497,1503,122,1032,3584,27],"_links":{"self":[{"href":"https:\/\/www.infokuryr.cz\/n\/wp-json\/wp\/v2\/posts\/75540"}],"collection":[{"href":"https:\/\/www.infokuryr.cz\/n\/wp-json\/wp\/v2\/posts"}],"about":[{"href":"https:\/\/www.infokuryr.cz\/n\/wp-json\/wp\/v2\/types\/post"}],"author":[{"embeddable":true,"href":"https:\/\/www.infokuryr.cz\/n\/wp-json\/wp\/v2\/users\/2"}],"replies":[{"embeddable":true,"href":"https:\/\/www.infokuryr.cz\/n\/wp-json\/wp\/v2\/comments?post=75540"}],"version-history":[{"count":1,"href":"https:\/\/www.infokuryr.cz\/n\/wp-json\/wp\/v2\/posts\/75540\/revisions"}],"predecessor-version":[{"id":75542,"href":"https:\/\/www.infokuryr.cz\/n\/wp-json\/wp\/v2\/posts\/75540\/revisions\/75542"}],"wp:featuredmedia":[{"embeddable":true,"href":"https:\/\/www.infokuryr.cz\/n\/wp-json\/wp\/v2\/media\/75541"}],"wp:attachment":[{"href":"https:\/\/www.infokuryr.cz\/n\/wp-json\/wp\/v2\/media?parent=75540"}],"wp:term":[{"taxonomy":"category","embeddable":true,"href":"https:\/\/www.infokuryr.cz\/n\/wp-json\/wp\/v2\/categories?post=75540"},{"taxonomy":"post_tag","embeddable":true,"href":"https:\/\/www.infokuryr.cz\/n\/wp-json\/wp\/v2\/tags?post=75540"}],"curies":[{"name":"wp","href":"https:\/\/api.w.org\/{rel}","templated":true}]}}