{"id":75493,"date":"2025-04-03T00:11:29","date_gmt":"2025-04-02T22:11:29","guid":{"rendered":"https:\/\/www.infokuryr.cz\/n\/?p=75493"},"modified":"2025-04-02T15:04:25","modified_gmt":"2025-04-02T13:04:25","slug":"thomas-roper-proc-musi-ukrajinsti-vojaci-vyplnovat-formulare-kanadskych-darcu-organu","status":"publish","type":"post","link":"https:\/\/www.infokuryr.cz\/n\/2025\/04\/03\/thomas-roper-proc-musi-ukrajinsti-vojaci-vyplnovat-formulare-kanadskych-darcu-organu\/","title":{"rendered":"Thomas R\u00f6per: Pro\u010d mus\u00ed ukrajin\u0161t\u00ed voj\u00e1ci vypl\u0148ovat formul\u00e1\u0159e kanadsk\u00fdch d\u00e1rc\u016f org\u00e1n\u016f?"},"content":{"rendered":"<div id=\"fb-root\"><\/div>\n<p><strong><span>V \u00fater\u00fd jsem mluvil s ukrajinsk\u00fdmi v\u00e1le\u010dn\u00fdmi zajatci, z nich\u017e jeden mi \u0159ekl, \u017ee ukrajin\u0161t\u00ed voj\u00e1ci vycvi\u010den\u00ed ve Francii uzav\u0159eli \u201ezdravotn\u00ed poji\u0161t\u011bn\u00ed\u201c, co\u017e byl ve skute\u010dnosti souhlas s odeb\u00edr\u00e1n\u00edm org\u00e1n\u016f.<\/span><\/strong><\/p>\n<p><span>Moment\u00e1ln\u011b se nach\u00e1z\u00edm v Kursk\u00e9 oblasti, proto\u017ee mi zde byla nab\u00eddnuta mo\u017enost mluvit s ukrajinsk\u00fdmi v\u00e1le\u010dn\u00fdmi zajatci. Je to vz\u00e1cn\u00e1 p\u0159\u00edle\u017eitost, kterou jsem samoz\u0159ejm\u011b vyu\u017eil. Tak jsem spont\u00e1nn\u011b odjel do Kurska a v \u00fater\u00fd jsem byl v zajateck\u00e9m t\u00e1bo\u0159e. Brzy o tom budu informovat na Anti-Spiegel-TV a uk\u00e1\u017eu tak\u00e9 n\u011bjak\u00e9 rozhovory s v\u00e1le\u010dn\u00fdmi zajatci, proto\u017ee byly nesm\u00edrn\u011b zaj\u00edmav\u00e9.<\/span><\/p>\n<p><span>T\u00e1bor obsahuje ukrajinsk\u00e9 v\u00e1le\u010dn\u00e9 zajatce, kte\u0159\u00ed byli n\u00e1siln\u011b mobilizov\u00e1ni a jsou vd\u011b\u010dn\u00ed, \u017ee jsou na\u017eivu. V\u011bci se tam p\u0159ekvapiv\u011b uvol\u0148uj\u00ed a voj\u00e1ci maj\u00ed dokonce p\u0159\u00edstup k internetu a mohou pravideln\u011b volat sv\u00fdm p\u0159\u00edbuzn\u00fdm na Ukrajin\u011b. Samoz\u0159ejm\u011b to tak nen\u00ed v ka\u017ed\u00e9m rusk\u00e9m zajateck\u00e9m t\u00e1bo\u0159e; Pro\u010d tomu tak je, vysv\u011btl\u00edm pozd\u011bji.<\/span><\/p>\n<p><span>Obecn\u011b plat\u00ed, \u017ee rusk\u00e1 arm\u00e1da umo\u017e\u0148uje v\u0161em ukrajinsk\u00fdm v\u00e1le\u010dn\u00fdm zajatc\u016fm, aby po dopaden\u00ed zavolali sv\u00fdm p\u0159\u00edbuzn\u00fdm na Ukrajin\u011b prost\u0159ednictv\u00edm videohovoru a informovali je, \u017ee jsou na\u017eivu a v bezpe\u010d\u00ed, i kdy\u017e nejsou na svobod\u011b.<\/span><\/p>\n<p><span>Mezi rozhovory, kter\u00e9 jsem vedl s v\u00e1le\u010dn\u00fdmi zajatci, jsme vedli mnoho nez\u00e1vazn\u00fdch rozhovor\u016f u cigarety nebo k\u00e1vy. A jeden Ukrajinec, kter\u00fd byl vycvi\u010den v N\u011bmecku a pot\u00e9 vstoupil do jednotky s voj\u00e1ky vycvi\u010den\u00fdmi ve Francii, mi \u0159ekl n\u011bco, co zde chci nahl\u00e1sit.<\/span><\/p>\n<h3 class=\"wp-block-heading\"><span>&#8222;Pojistn\u00e9 smlouvy&#8220;<\/span><\/h3>\n<p><span>Ve Francii byla s velkou PR fanf\u00e1rou vycvi\u010dena ukrajinsk\u00e1 brig\u00e1da \u201eAnna z Kyjeva\u201c, o kter\u00e9 jsem\u00a0<\/span><a href=\"https:\/\/anti-spiegel.ru\/2025\/wie-der-spiegel-ueber-den-desolaten-zustand-der-ukrainischen-armee-berichtet\/\"><span>ji\u017e informoval<\/span><\/a><span>\u00a0. Brig\u00e1da se uk\u00e1zala jako zcela nevhodn\u00e1 pro bojov\u00e9 operace a ukrajin\u0161t\u00ed voj\u00e1ci zmizeli p\u0159i v\u00fdcviku ve Francii.\u00a0<\/span><a href=\"https:\/\/www.spiegel.de\/ausland\/ukraine-militaerexperten-kritisieren-armeefuehrung-fahnenflucht-und-ausruestungsmangel-a-6debaf13-531c-49dd-b5b5-e4c9ab32c395\"><span>Der Spiegel nap\u0159\u00edklad informoval o 50<\/span><\/a><span>\u00a0ukrajinsk\u00fdch voj\u00e1c\u00edch dezertuj\u00edc\u00edch ve Francii. V\u0161eobecn\u011b se p\u0159edpokl\u00e1dalo, \u017ee tito ukrajin\u0161t\u00ed voj\u00e1ci dezertovali a ukr\u00fdvali se v Evrop\u011b, ale zd\u00e1 se, \u017ee existuje i jin\u00e9 vysv\u011btlen\u00ed.<\/span><\/p>\n<p><span>Ukrajinsk\u00fdm voj\u00e1k\u016fm, kte\u0159\u00ed byli vycvi\u010deni ve Francii, byla p\u0159edlo\u017eena k podpisu \u00fadajn\u00e1 pojistka. \u00dadajn\u011b podepsali a uzav\u0159eli francouzsk\u00e9 zdravotn\u00ed poji\u0161t\u011bn\u00ed. V\u011b\u0159ili tomu, proto\u017ee nerozum\u011bli francouzsky a neum\u011bli p\u0159e\u010d\u00edst, co podepisovali.<\/span><\/p>\n<p><span>Ve skute\u010dnosti, jak se pozd\u011bji uk\u00e1zalo, souhlas s darov\u00e1n\u00edm org\u00e1n\u016f podepsali. Jeliko\u017e byla l\u00e9ka\u0159sky vy\u0161et\u0159ena i ve Francii, p\u0159edpokl\u00e1d\u00e1 se, \u017ee byla registrov\u00e1na jako d\u00e1rce org\u00e1n\u016f. Voj\u00e1ci si u\u017e zmizen\u00ed n\u011bkter\u00fdch voj\u00e1k\u016f ve Francii nevysv\u011btluj\u00ed dezerc\u00ed, proto\u017ee u\u017e p\u0159em\u00fd\u0161leli, kam mohli jejich poh\u0159e\u0161ovan\u00ed spolubojovn\u00edci dezertovat bez pen\u011bz, pap\u00edr\u016f a jazykov\u00fdch znalost\u00ed.<\/span><\/p>\n<p><span>Maj\u00ed podez\u0159en\u00ed, \u017ee n\u011bkte\u0159\u00ed ukrajin\u0161t\u00ed voj\u00e1ci se stali nedobrovoln\u00fdmi d\u00e1rci org\u00e1n\u016f p\u0159\u00edmo ve Francii, co\u017e by vysv\u011btlovalo jejich zmizen\u00ed. Jsou to samoz\u0159ejm\u011b spekulace, o kter\u00fdch jsem ve skute\u010dnosti referovat necht\u011bl a kter\u00e9 jsem bohu\u017eel nenahr\u00e1l na video, ale v p\u0159\u00edpad\u011b pot\u0159eby to mohu ud\u011blat pozd\u011bji.<\/span><\/p>\n<p><span>Kdy\u017e jsem se ve\u010der vr\u00e1til do hotelu a prohl\u00ed\u017eel si zpr\u00e1vy, narazil jsem na\u00a0<\/span><a href=\"https:\/\/t.me\/mod_russia_en\/20412\"><span>zpr\u00e1vu rusk\u00e9ho ministerstva obrany,<\/span><\/a><span>\u00a0ve kter\u00e9 ukrajinsk\u00fd v\u00e1le\u010dn\u00fd zajatec vypr\u00e1v\u011bl velmi podobn\u00fd p\u0159\u00edb\u011bh.<\/span><\/p>\n<p><span>Ukrajinsk\u00fd voj\u00e1k, kter\u00fd byl n\u00e1siln\u011b odveden do vojensk\u00e9 slu\u017eby, na videu uvedl, \u017ee t\u011bsn\u011b p\u0159edt\u00edm, ne\u017e se jeho jednotka p\u0159esunula na ur\u010den\u00e9 pozice u Sud\u017ee v rusk\u00e9 Kursk\u00e9 oblasti, dali ukrajin\u0161t\u00ed d\u016fstojn\u00edci v\u0161em voj\u00e1k\u016fm k vypln\u011bn\u00ed formul\u00e1\u0159e. Bylo jim \u0159e\u010deno, \u017ee jde o francouzsk\u00e9 zdravotn\u00ed poji\u0161t\u011bn\u00ed a \u017ee pokud budou zran\u011bni, budou p\u0159evezeni do nejlep\u0161\u00edch francouzsk\u00fdch nemocnic. Voj\u00e1ci m\u011bli ve vozidlech p\u0159i cest\u011b na pozice vyplnit a vr\u00e1tit \u00fadajnou pojistku.<\/span><\/p>\n<p><span>Proto\u017ee se vozidlo, ve kter\u00e9m tento voj\u00e1k cestoval, dostalo pod minometnou palbu, nebyl schopen podepsat a vr\u00e1tit sv\u016fj formul\u00e1\u0159. Z\u016fstal tedy v jeho kapse a dostal se do rukou rusk\u00e9 arm\u00e1dy, kdy\u017e byl zajat. Ve skute\u010dnosti tento formul\u00e1\u0159 nebyl francouzskou zdravotn\u00ed poji\u0161\u0165ovnou, ale kanadsk\u00fdm formul\u00e1\u0159em souhlasu s darov\u00e1n\u00edm org\u00e1n\u016f, jak se rychle uk\u00e1zalo.<\/span><\/p>\n<p><span>To p\u0159ekvapiv\u011b dob\u0159e zapad\u00e1 do p\u0159\u00edb\u011bhu, kter\u00fd mi tent\u00fd\u017e den vypr\u00e1v\u011bl druh\u00fd voj\u00e1k v zajateck\u00e9m t\u00e1bo\u0159e v oblasti Kursk, a proto mi ten p\u0159\u00edb\u011bh p\u0159ipadal natolik zaj\u00edmav\u00fd, abych ho nyn\u00ed mohl vypr\u00e1v\u011bt.<\/span><\/p>\n<p><span>Proto\u017ee p\u0159\u00edb\u011bh zn\u00ed dost neuv\u011b\u0159iteln\u011b, r\u00e1d bych je\u0161t\u011b jednou p\u0159ipomn\u011bl, \u017ee ji\u017e dlouho existuje velmi opodstatn\u011bn\u00e9 podez\u0159en\u00ed, \u017ee ukrajin\u0161t\u00ed ran\u011bn\u00ed jsou \u201ekanibalizov\u00e1ni\u201c, proto\u017ee d\u00e1rci org\u00e1n\u016f a jejich org\u00e1ny jsou prod\u00e1v\u00e1ny na Z\u00e1pad.<\/span><\/p>\n<h3 class=\"wp-block-heading\"><span>\u201eObchodov\u00e1n\u00ed s lidmi za \u00fa\u010delem odebr\u00e1n\u00ed org\u00e1n\u016f\u201c<\/span><\/h3>\n<p><span>Pokud byste se na tyto z\u00e1kladn\u00ed informace rad\u011bji d\u00edvali, ne\u017e je \u010detli, m\u016f\u017eete se pod\u00edvat na\u00a0<\/span><a href=\"https:\/\/anti-spiegel.ru\/2023\/anti-spiegel-tv-20-ist-nun-auch-hier-online\/\"><span>tento d\u00edl Anti-Spiegel-TV<\/span><\/a><span>\u00a0, kde jsme se t\u00e9matu v\u011bnovali podrobn\u011bji, ne\u017e budu ps\u00e1t zde.<\/span><\/p>\n<p><span>Z\u00e1padn\u00ed m\u00e9dia o tom t\u00e9m\u011b\u0159 neinformuj\u00ed, ale t\u00e9ma \u201eobchodov\u00e1n\u00ed s lidmi za \u00fa\u010delem odebr\u00e1n\u00ed org\u00e1n\u016f\u201c nen\u00ed konspira\u010dn\u00ed teori\u00ed, proto\u017ee se j\u00edm opakovan\u011b zab\u00fdvaj\u00ed mezin\u00e1rodn\u00ed organizace, jako nap\u0159\u00edklad na konferenci OBSE v roce 2020 nazvan\u00e9\u00a0\u00a0<\/span><a href=\"https:\/\/www.osce.org\/files\/f\/documents\/d\/6\/510896.pdf\" target=\"_blank\" rel=\"noreferrer noopener\"><span>\u201eSetk\u00e1n\u00ed odborn\u00edk\u016f o boji proti obchodov\u00e1n\u00ed s lidmi za \u00fa\u010delem odebr\u00e1n\u00ed org\u00e1n\u016f<\/span><\/a><span>\u00a0\u201c, jej\u00ed\u017e \u00favod za\u010dal takto:<\/span><\/p>\n<p><em>&#8222;A\u010dkoli je obchodov\u00e1n\u00ed za \u00fa\u010delem odebr\u00e1n\u00ed org\u00e1n\u016f (THB\/OR) v\u00fdslovn\u011b zm\u00edn\u011bno v mezin\u00e1rodn\u011b uzn\u00e1van\u00e9 definici obchodov\u00e1n\u00ed s lidmi (THB), je to celosv\u011btov\u011b nejm\u00e9n\u011b uzn\u00e1van\u00e1 a nejm\u00e9n\u011b \u0159e\u0161en\u00e1 forma obchodov\u00e1n\u00ed.&#8220;<\/em><\/p>\n<p><span>\u00davod pokra\u010doval:<\/span><\/p>\n<p><em>&#8222;Glob\u00e1ln\u00ed zpr\u00e1va \u00da\u0159adu OSN pro drogy a kriminalitu (UNODC) z roku 2018 o obchodov\u00e1n\u00ed s lidmi zd\u016fraz\u0148uje, \u017ee obchodov\u00e1n\u00ed za \u00fa\u010delem odebr\u00e1n\u00ed org\u00e1n\u016f je detekov\u00e1no p\u0159edev\u0161\u00edm v severn\u00ed Africe, st\u0159edn\u00ed a jihov\u00fdchodn\u00ed Evrop\u011b a v\u00fdchodn\u00ed Evrop\u011b, co\u017e nazna\u010duje, \u017ee region OBSE nen\u00ed v\u016f\u010di t\u00e9to form\u011b obchodov\u00e1n\u00ed imunn\u00ed. Zat\u00edmco po\u010det identifikovan\u00fdch ob\u011bt\u00ed obchodov\u00e1n\u00ed za \u00fa\u010delem odebr\u00e1n\u00ed org\u00e1n\u016f je st\u00e1le omezen\u00fd, po\u010det ob\u011bt\u00ed je na po\u010dtu ob\u011bt\u00ed organizovan\u00fdch trestn\u00fdch \u010din\u016f p\u0159ekro\u010den Krom\u011b toho je obchodov\u00e1n\u00ed za \u00fa\u010delem odebr\u00e1n\u00ed org\u00e1n\u016f \u00fadajn\u011b vysoce lukrativn\u00ed formou obchodov\u00e1n\u00ed.\u201c<\/em><\/p>\n<p><span>OBSE z\u00e1m\u011brn\u011b jmenuje v\u00fdchodn\u00ed Evropu jako jednu z posti\u017een\u00fdch oblast\u00ed a Ukrajina je opakovan\u011b zmi\u0148ov\u00e1na v mezin\u00e1rodn\u00edch zpr\u00e1v\u00e1ch. Dokonce i Der Spiegel publikoval v roce 2009 \u010dl\u00e1nek s titulkem \u201e\u00a0<\/span><a href=\"https:\/\/www.spiegel.de\/wirtschaft\/lukratives-geschaeft-deutsche-firma-handelt-mit-ukrainischen-leichenteilen-a-644416.html\" target=\"_blank\" rel=\"noreferrer noopener\"><span>Lukrativn\u00ed byznys \u2013 n\u011bmeck\u00e1 spole\u010dnost obchoduje s ukrajinsk\u00fdmi \u010d\u00e1stmi t\u011bl<\/span><\/a><span>\u00a0\u201c, kter\u00fd nebyl o obchodu s org\u00e1ny, ale o tom, \u017ee na Ukrajin\u011b byla t\u011bla pitv\u00e1na bez v\u011bdom\u00ed p\u0159\u00edbuzn\u00fdch \u201eza \u00fa\u010delem v\u00fdroby l\u00e9\u010div\u00fdch p\u0159\u00edpravk\u016f\u201c.<\/span><\/p>\n<h3 class=\"wp-block-heading\"><span>Obchodov\u00e1n\u00ed s org\u00e1ny na Ukrajin\u011b se vymklo kontrole<\/span><\/h3>\n<p><span>Rusko opakovan\u011b upozor\u0148uje (viz nap\u0159.\u00a0\u00a0<\/span><a href=\"https:\/\/anti-spiegel.com\/2023\/der-organhandel-wurde-in-der-ukraine-faktisch-legalisiert\/\" target=\"_blank\" rel=\"noreferrer noopener\"><span>zde<\/span><\/a><span>\u00a0), \u017ee na Ukrajin\u011b v prosinci 2021, t\u011bsn\u011b p\u0159ed zah\u00e1jen\u00edm rusk\u00e9 vojensk\u00e9 operace, vznikl pr\u00e1vn\u00ed z\u00e1klad pro odeb\u00edr\u00e1n\u00ed org\u00e1n\u016f zesnul\u00fdm lidem i bez svolen\u00ed d\u00e1rce nebo jeho poz\u016fstal\u00fdch p\u0159\u00edbuzn\u00fdch. Ve vysoce zkorumpovan\u00e9 zemi, jako je Ukrajina, je to prakticky v\u00fdzva k odebr\u00e1n\u00ed org\u00e1n\u016f zesnul\u00fdm lidem bez jejich souhlasu a jejich n\u00e1sledn\u00e9mu prodeji za velk\u00e9 pen\u00edze.<\/span><\/p>\n<p><span>A jako by to nesta\u010dilo, Ukrajina dokonce v dubnu 2022, bezprost\u0159edn\u011b po zah\u00e1jen\u00ed rusk\u00e9 vojensk\u00e9 operace, zru\u0161ila DPH na transplantace org\u00e1n\u016f. Je z\u0159ejm\u00e9, \u017ee jde ve skute\u010dnosti o legalizaci obchodov\u00e1n\u00ed s org\u00e1ny, proto\u017ee k jak\u00e9mu jin\u00e9mu \u00fa\u010delu by takov\u00e1 zm\u011bna z\u00e1kona slou\u017eila? Pro\u010d by se zem\u011b, kter\u00e1 sv\u011btu \u0159\u00edk\u00e1, \u017ee ve v\u00e1lce bojuje o p\u0159e\u017eit\u00ed, zab\u00fdvala takov\u00fdmi z\u00e1kony, kdy\u017e ne obchodem s org\u00e1ny padl\u00fdch voj\u00e1k\u016f?<\/span><\/p>\n<p><span>Z Ukrajiny existuje mnoho d\u016fkaz\u016f o obchodu s org\u00e1ny padl\u00fdch ukrajinsk\u00fdch voj\u00e1k\u016f; dokonce se objevuj\u00ed zpr\u00e1vy, \u017ee v\u00e1\u017en\u011b zran\u011bn\u00ed voj\u00e1ci jsou \u00famysln\u011b zab\u00edjeni, kdy\u017e na jejich org\u00e1ny \u010dek\u00e1 vhodn\u00fd d\u00e1rce. To lze ve v\u00e1lce snadno utajit, proto\u017ee podle dostupn\u00fdch informac\u00ed jsou t\u011bla pot\u00e9 zlikvidov\u00e1na a ob\u011bti jsou hl\u00e1\u0161eny jako nezv\u011bstn\u00e9, nikoli zabit\u00e9.<\/span><\/p>\n<p><span>Ani zde nen\u00ed cel\u00fd \u0159et\u011bzec ud\u00e1lost\u00ed, tedy kdo kryje obchod s org\u00e1ny a profituje z n\u011bj, je\u0161t\u011b zcela objasn\u011bn a prok\u00e1z\u00e1n, ale i zde dosavadn\u00ed stopy vedou do EU.<\/span><\/p>\n<p><span>Ji\u017e del\u0161\u00ed dobu tak\u00e9 existuj\u00ed n\u00e1znaky, \u017ee tyto machinace jsou v EU \u201eshora\u201c zakr\u00fdv\u00e1ny. Je t\u0159eba pouze p\u0159ipomenout, \u017ee tehdej\u0161\u00ed vrchn\u00ed \u017ealobkyn\u011b Mezin\u00e1rodn\u00edho trestn\u00edho tribun\u00e1lu pro b\u00fdvalou Jugosl\u00e1vii Carla Del Ponteov\u00e1 cht\u011bla tuto z\u00e1le\u017eitost tak\u00e9 vy\u0161et\u0159it, proto\u017ee k takov\u00fdm p\u0159\u00edpad\u016fm ji\u017e za v\u00e1lky do\u0161lo. Ve sv\u00fdch pam\u011btech napsala, \u017ee cht\u011bla vy\u0161et\u0159it neleg\u00e1ln\u00ed obchod s org\u00e1ny, ale narazila na odpor Z\u00e1padu, kter\u00fd vy\u0161et\u0159ov\u00e1n\u00ed zabr\u00e1nil.<\/span><\/p>\n<p><span>Podez\u0159en\u00ed, \u017ee org\u00e1ny ukrajinsk\u00fdch voj\u00e1k\u016f jsou prod\u00e1v\u00e1ny na Z\u00e1pad, tedy nen\u00ed absurdn\u00ed a \u017e\u00e1dost, aby podepsali francouzsk\u00fd a\/nebo kanadsk\u00fd souhlas s d\u00e1rcovstv\u00edm org\u00e1n\u016f, m\u016f\u017ee nazna\u010dovat, \u017ee c\u00edlem je legalizace d\u00e1rcovstv\u00ed org\u00e1n\u016f v t\u011bchto zem\u00edch \u2013 v souladu s heslem ji\u017e souhlasil.<\/span><\/p>\n<p><strong><span>Dodatek:<\/span><\/strong><span>\u00a0Proto\u017ee koment\u00e1\u0159e pod t\u00edmto \u010dl\u00e1nkem op\u011bt uvedly, \u017ee org\u00e1ny mohou b\u00fdt odebr\u00e1ny pouze \u017eiv\u00fdm lidem, mus\u00edm to opravit: p\u0159\u00edbuzn\u00ed jsou po\u017e\u00e1d\u00e1ni o povolen\u00ed darovat org\u00e1ny ihned po smrti \u010dlov\u011bka, proto\u017ee existuje \u010dasov\u00e9 okno, ve kter\u00e9m mohou b\u00fdt org\u00e1ny a tk\u00e1\u0148 po smrti odebr\u00e1ny.<\/span><\/p>\n<p><span>Pro org\u00e1ny to znamen\u00e1, \u017ee kardiovaskul\u00e1rn\u00ed syst\u00e9m mus\u00ed b\u00fdt udr\u017eov\u00e1n um\u011ble v chodu, dokud nejsou org\u00e1ny odstran\u011bny, i kdy\u017e je pacient ji\u017e mrtv\u00fd. U tk\u00e1n\u011b to v\u0161ak nen\u00ed nutn\u00e9. Nap\u0159\u00edklad\u00a0web\u00a0<\/span><a href=\"https:\/\/www.organspende-info.de\/gewebespende\/ablauf\/voraussetzungen\/#:~:text=ist%20zweifelsfrei%20festgestellt.-,Abh%C3%A4ngig%20von%20der%20Art%20des%20Gewebes%20ist%20eine%20Spende%20bis,wird%20bei%20Spenderorganen%20Isch%C3%A4miezeit%20genannt.\"><span>Spolkov\u00e9ho \u00fastavu pro ve\u0159ejn\u00e9 zdrav\u00ed<\/span><\/a><span>\u00a0uv\u00e1d\u00ed:<\/span><\/p>\n<p><em>&#8222;V z\u00e1vislosti na typu tk\u00e1n\u011b je darov\u00e1n\u00ed mo\u017en\u00e9 a\u017e 72 hodin po za\u010d\u00e1tku srde\u010dn\u00ed z\u00e1stavy.&#8220;<\/em><\/p>\n<p><span>V p\u0159\u00edpad\u011b ukrajinsk\u00fdch voj\u00e1k\u016f to znamen\u00e1, \u017ee org\u00e1ny mohou b\u00fdt odebr\u00e1ny pouze v p\u0159\u00edpad\u011b, \u017ee je zran\u011bn\u00fd voj\u00e1k zachr\u00e1n\u011bn a kardiovaskul\u00e1rn\u00ed syst\u00e9m pak m\u016f\u017ee b\u00fdt udr\u017eov\u00e1n um\u011ble v chodu ve zdravotnick\u00e9m za\u0159\u00edzen\u00ed, dokud org\u00e1ny nebudou odebr\u00e1ny. Tk\u00e1\u0148 v\u0161ak lze odeb\u00edrat i mrtv\u00fdm voj\u00e1k\u016fm a prod\u00e1vat je.<\/span><\/p>\n<p><a href=\"https:\/\/anti-spiegel.ru\/2025\/warum-muessen-ukrainische-soldaten-kanadische-organspenderboegen-ausfuellen\/\">Thomas R\u00f6per<\/a><\/p>\n<p><img decoding=\"async\" loading=\"lazy\" class=\"alignnone  wp-image-22016\" src=\"http:\/\/www.infokuryr.cz\/n\/wp-content\/uploads\/2023\/01\/Thomas-Roper-298x300.jpg\" alt=\"\" width=\"165\" height=\"166\" srcset=\"https:\/\/www.infokuryr.cz\/n\/wp-content\/uploads\/2023\/01\/Thomas-Roper-298x300.jpg 298w, https:\/\/www.infokuryr.cz\/n\/wp-content\/uploads\/2023\/01\/Thomas-Roper-150x150.jpg 150w, https:\/\/www.infokuryr.cz\/n\/wp-content\/uploads\/2023\/01\/Thomas-Roper.jpg 596w\" sizes=\"(max-width: 165px) 100vw, 165px\" \/><\/p>\n<p>&nbsp;<\/p>\n","protected":false},"excerpt":{"rendered":"<p>V \u00fater\u00fd jsem mluvil s ukrajinsk\u00fdmi v\u00e1le\u010dn\u00fdmi zajatci, z nich\u017e jeden mi \u0159ekl, \u017ee ukrajin\u0161t\u00ed&#8230;<\/p>\n","protected":false},"author":2,"featured_media":75494,"comment_status":"closed","ping_status":"closed","sticky":false,"template":"","format":"standard","meta":[],"categories":[7],"tags":[5047,350,1635,321],"_links":{"self":[{"href":"https:\/\/www.infokuryr.cz\/n\/wp-json\/wp\/v2\/posts\/75493"}],"collection":[{"href":"https:\/\/www.infokuryr.cz\/n\/wp-json\/wp\/v2\/posts"}],"about":[{"href":"https:\/\/www.infokuryr.cz\/n\/wp-json\/wp\/v2\/types\/post"}],"author":[{"embeddable":true,"href":"https:\/\/www.infokuryr.cz\/n\/wp-json\/wp\/v2\/users\/2"}],"replies":[{"embeddable":true,"href":"https:\/\/www.infokuryr.cz\/n\/wp-json\/wp\/v2\/comments?post=75493"}],"version-history":[{"count":0,"href":"https:\/\/www.infokuryr.cz\/n\/wp-json\/wp\/v2\/posts\/75493\/revisions"}],"wp:featuredmedia":[{"embeddable":true,"href":"https:\/\/www.infokuryr.cz\/n\/wp-json\/wp\/v2\/media\/75494"}],"wp:attachment":[{"href":"https:\/\/www.infokuryr.cz\/n\/wp-json\/wp\/v2\/media?parent=75493"}],"wp:term":[{"taxonomy":"category","embeddable":true,"href":"https:\/\/www.infokuryr.cz\/n\/wp-json\/wp\/v2\/categories?post=75493"},{"taxonomy":"post_tag","embeddable":true,"href":"https:\/\/www.infokuryr.cz\/n\/wp-json\/wp\/v2\/tags?post=75493"}],"curies":[{"name":"wp","href":"https:\/\/api.w.org\/{rel}","templated":true}]}}