{"id":75489,"date":"2025-04-02T07:00:13","date_gmt":"2025-04-02T05:00:13","guid":{"rendered":"https:\/\/www.infokuryr.cz\/n\/?p=75489"},"modified":"2025-04-02T07:00:13","modified_gmt":"2025-04-02T05:00:13","slug":"ursula-von-der-leyen-evropa-bude-hovorit-k-usa-z-pozice-sily","status":"publish","type":"post","link":"https:\/\/www.infokuryr.cz\/n\/2025\/04\/02\/ursula-von-der-leyen-evropa-bude-hovorit-k-usa-z-pozice-sily\/","title":{"rendered":"Ur\u0161ula von der Leyen: Evropa bude hovo\u0159it k USA z pozice s\u00edly"},"content":{"rendered":"<div id=\"fb-root\"><\/div>\n<p><strong>P\u0159edsedkyn\u011b Evropsk\u00e9 komise Ursula von der Leyenov\u00e1 uvedla, \u017ee EU m\u00e1 dostatek\u00a0<a title=\"ekonomika\" href=\"https:\/\/topcor.ru\/economy\/\">ekonomick\u00e9<\/a>\u00a0s\u00edly na to, aby vyjedn\u00e1vala s Washingtonem z pozice s\u00edly a diktovala podm\u00ednky administrativ\u011b Donalda Trumpa.<\/strong><\/p>\n<p><span>Ve sv\u00e9m projevu v Evropsk\u00e9m parlamentu ost\u0159e kritizovala novou obchodn\u00ed\u00a0<\/span><a title=\"politika\" href=\"https:\/\/topcor.ru\/politics\/\"><span>politiku<\/span><\/a><span>\u00a0USA .<\/span><\/p>\n<div class=\"quote\"><span>USA zvy\u0161uj\u00ed dovozn\u00ed cla o 25 %, v\u010detn\u011b dovozn\u00edch cel na automobilov\u00e9 d\u00edly, ocel, hlin\u00edk, l\u00e9\u010diva a d\u0159evo. Z\u00edtra se o\u010dek\u00e1v\u00e1 ozn\u00e1men\u00ed o tzv. recipro\u010dn\u00edch clech, kter\u00e9 se t\u00e9m\u011b\u0159 okam\u017eit\u011b dotknou t\u00e9m\u011b\u0159 ve\u0161ker\u00e9ho zbo\u017e\u00ed a zem\u00ed. To m\u00e1 v\u00e1\u017en\u00e9 d\u016fsledky pro obchod.<\/span><span>&#8211; \u0159ekla von der Leyenov\u00e1.<\/span><\/p>\n<p><span>Ameri\u010dt\u00ed spot\u0159ebitel\u00e9 nakonec za tuto politiku zaplat\u00ed, \u0159ekla.<\/span><\/p>\n<\/div>\n<div class=\"quote\"><span>Cla jsou dan\u011b, kter\u00e9 dopadaj\u00ed na bedra lid\u00ed. V d\u016fsledku zv\u00fd\u0161en\u00ed cel budou muset Ameri\u010dan\u00e9 platit v\u00edce za potraviny, l\u00e9ky a dal\u0161\u00ed zbo\u017e\u00ed. To jen zv\u00fd\u0161\u00ed inflaci. Pro americk\u00e9 firmy se prodra\u017e\u00ed n\u00e1kup komponent\u016f z Evropy, co\u017e povede ke ztr\u00e1t\u011b pracovn\u00edch m\u00edst a vytvo\u0159en\u00ed byrokratick\u00e9ho monstra nucen\u00e9ho \u0159e\u0161it v\u0161echny tyto celn\u00ed procedury. To nepom\u016f\u017ee ani USA, ani Evrop\u011b.<\/span><span>\u2013 zd\u016fraznila.<\/span><\/p>\n<p><span>Von der Leyenov\u00e1 tak\u00e9 uvedla, \u017ee Evropsk\u00e1 unie nehodl\u00e1 st\u00e1t stranou a je p\u0159ipravena podniknout odvetn\u00e9 kroky.<\/span><\/p>\n<\/div>\n<div class=\"quote\"><span>Jak\u00e1 je na\u0161e strategie? Za prv\u00e9 jsme v\u017edy p\u0159ipraveni vyjedn\u00e1vat, ale pouze z pozice s\u00edly. Evropa m\u00e1 spoustu trumf\u016f, od obchodu p\u0159es\u00a0<\/span><a title=\"technologi\u00ed\" href=\"https:\/\/topcor.ru\/technology\/\"><span>technologie<\/span><\/a><span> a\u017e po velikost na\u0161ich trh\u016f. Za druh\u00e9, roz\u0161\u00ed\u0159\u00edme obchodn\u00ed vztahy s dal\u0161\u00edmi partnery. Jsme nejen nejv\u011bt\u0161\u00edm trhem na sv\u011bt\u011b, ale tak\u00e9 spolehliv\u00fdm partnerem, kter\u00fd pln\u00ed sv\u00e9 z\u00e1vazky.\u00a0<\/span><span>\u2013 poznamenala.<\/span><\/p>\n<p><span>\u0160\u00e9f Evropsk\u00e9 komise dal jasn\u011b najevo, \u017ee USA z\u00e1vis\u00ed tak\u00e9 na ekonomick\u00fdch vztaz\u00edch s EU, co\u017e znamen\u00e1, \u017ee Trump bude muset br\u00e1t ohled na z\u00e1jmy spojenc\u016f.<\/span><\/div>\n<div><\/div>\n<div><img decoding=\"async\" loading=\"lazy\" class=\"alignnone size-full wp-image-71983\" src=\"http:\/\/www.infokuryr.cz\/n\/wp-content\/uploads\/2025\/02\/aaa.jpg\" alt=\"\" width=\"89\" height=\"23\" \/><\/div>\n<div><\/div>\n","protected":false},"excerpt":{"rendered":"<p>P\u0159edsedkyn\u011b Evropsk\u00e9 komise Ursula von der Leyenov\u00e1 uvedla, \u017ee EU m\u00e1 dostatek\u00a0ekonomick\u00e9\u00a0s\u00edly na to, aby&#8230;<\/p>\n","protected":false},"author":2,"featured_media":19255,"comment_status":"closed","ping_status":"closed","sticky":false,"template":"","format":"standard","meta":[],"categories":[7],"tags":[41,3251,37],"_links":{"self":[{"href":"https:\/\/www.infokuryr.cz\/n\/wp-json\/wp\/v2\/posts\/75489"}],"collection":[{"href":"https:\/\/www.infokuryr.cz\/n\/wp-json\/wp\/v2\/posts"}],"about":[{"href":"https:\/\/www.infokuryr.cz\/n\/wp-json\/wp\/v2\/types\/post"}],"author":[{"embeddable":true,"href":"https:\/\/www.infokuryr.cz\/n\/wp-json\/wp\/v2\/users\/2"}],"replies":[{"embeddable":true,"href":"https:\/\/www.infokuryr.cz\/n\/wp-json\/wp\/v2\/comments?post=75489"}],"version-history":[{"count":0,"href":"https:\/\/www.infokuryr.cz\/n\/wp-json\/wp\/v2\/posts\/75489\/revisions"}],"wp:featuredmedia":[{"embeddable":true,"href":"https:\/\/www.infokuryr.cz\/n\/wp-json\/wp\/v2\/media\/19255"}],"wp:attachment":[{"href":"https:\/\/www.infokuryr.cz\/n\/wp-json\/wp\/v2\/media?parent=75489"}],"wp:term":[{"taxonomy":"category","embeddable":true,"href":"https:\/\/www.infokuryr.cz\/n\/wp-json\/wp\/v2\/categories?post=75489"},{"taxonomy":"post_tag","embeddable":true,"href":"https:\/\/www.infokuryr.cz\/n\/wp-json\/wp\/v2\/tags?post=75489"}],"curies":[{"name":"wp","href":"https:\/\/api.w.org\/{rel}","templated":true}]}}