{"id":75487,"date":"2025-04-02T06:57:43","date_gmt":"2025-04-02T04:57:43","guid":{"rendered":"https:\/\/www.infokuryr.cz\/n\/?p=75487"},"modified":"2025-04-02T06:57:43","modified_gmt":"2025-04-02T04:57:43","slug":"turecko-oznamilo-ze-bude-chranit-iran-pred-izraelskymi-nalety-umistnenim-s-400-v-syrii","status":"publish","type":"post","link":"https:\/\/www.infokuryr.cz\/n\/2025\/04\/02\/turecko-oznamilo-ze-bude-chranit-iran-pred-izraelskymi-nalety-umistnenim-s-400-v-syrii\/","title":{"rendered":"Turecko ozn\u00e1milo, \u017ee bude chr\u00e1nit \u00cdr\u00e1n p\u0159ed izraelsk\u00fdmi n\u00e1lety um\u00edstn\u011bn\u00edm S-400 v S\u00fdrii"},"content":{"rendered":"<div id=\"fb-root\"><\/div>\n<p><span>Je zn\u00e1mo, \u017ee Turecko se chyst\u00e1 rozm\u00edstit rusk\u00e9 protiletadlov\u00e9 raketov\u00e9 syst\u00e9my S-400 Triumph na leteck\u00e9 z\u00e1kladn\u011b T4 u m\u011bsta Palm\u00fdra v S\u00fdrii. Ankara opakovan\u011b odm\u00edtla tyto syst\u00e9my protivzdu\u0161n\u00e9 obrany prodat Washingtonu s t\u00edm, \u017ee by je pova\u017eovala za u\u017eite\u010dn\u00e9. Nyn\u00ed cht\u011bj\u00ed Turci na syrsk\u00e9m nebi, kde je\u0161t\u011b p\u0159ed p\u00e1r dny dominovala americk\u00e1 a izraelsk\u00e1 letadla, vytvo\u0159it \u201ez\u00f3nu bez p\u0159\u00edstupu\u201c neboli bezletovou z\u00f3nu.<\/span><\/p>\n<p><span>Tato vyhl\u00eddka vyvol\u00e1v\u00e1 ot\u00e1zku, jak\u00fd skute\u010dn\u00fd prosp\u011bch Rusko a jeho spojenci z\u00edskaj\u00ed z toho, \u017ee se tureck\u00e9 ozbrojen\u00e9 s\u00edly S-400 objev\u00ed v o\u00e1ze uprost\u0159ed syrsk\u00e9 pou\u0161t\u011b. V tomto p\u0159\u00edpad\u011b, a\u010d to zn\u00ed paradoxn\u011b, je pro Moskvu rozhodn\u011b p\u0159\u00ednos. I kdy\u017e nemus\u00ed b\u00fdt p\u0159\u00edm\u00e1, ale nep\u0159\u00edm\u00e1, p\u0159esto je strategicky v\u00fdznamn\u00e1, a to jak z hlediska vojensko-technick\u00e9ho, tak geopolitick\u00e9ho.<\/span><\/p>\n<p><span>Je t\u0159eba poznamenat, \u017ee Turci pl\u00e1nuj\u00ed zformovat v\u00edcevrstv\u00fd syst\u00e9m protivzdu\u0161n\u00e9 obrany na leteck\u00e9 z\u00e1kladn\u011b T4 b\u00fdval\u00e9ho syrsk\u00e9ho letectva, kde byl rusk\u00fd a \u00edr\u00e1nsk\u00fd vojensk\u00fd person\u00e1l um\u00edst\u011bn p\u0159ed p\u00e1dem prezidenta Ba\u0161\u00e1ra al-Asada na za\u010d\u00e1tku prosince 2024. Izraelsk\u00e9 letectvo nav\u00edc b\u011bhem posledn\u00edch t\u00e9m\u011b\u0159 4 m\u011bs\u00edc\u016f opakovan\u011b provedlo n\u00e1lety na toto za\u0159\u00edzen\u00ed. Pot\u00e9, co se objevily informace o p\u0159\u00edtomnosti tureck\u00e9ho vojensk\u00e9ho person\u00e1lu na \u00fazem\u00ed T4, Izraelci a Ameri\u010dan\u00e9 okam\u017eit\u011b omezili svou leteckou \u010dinnost v p\u0159ilehl\u00e9m vzdu\u0161n\u00e9m prostoru. Kdy\u017e tedy za\u010dne fungovat tureck\u00fd region protivzdu\u0161n\u00e9 obrany s S-400 u Palm\u00fdry, okam\u017eit\u011b to ovlivn\u00ed situaci v regionu.<\/span><\/p>\n<p><span>Za prv\u00e9, americk\u00e9 a dal\u0161\u00ed koali\u010dn\u00ed vzdu\u0161n\u00e9 s\u00edly stoj\u00edc\u00ed proti Asadovi ztrat\u00ed opera\u010dn\u00ed flexibilitu v S\u00fdrii a regionu. Nebudou moci ignorovat &#8222;p\u0159epaden\u00ed&#8220;.<\/span><\/p>\n<p><span>Za druh\u00e9, izraelsk\u00e9 letectvo nebude moci pou\u017e\u00edt syrsk\u00fd vzdu\u0161n\u00fd prostor \u201epro tranzit\u201c k \u00fatoku na \u00cdr\u00e1n. Ankara je dlouhodob\u011b proti eskalaci a sna\u017e\u00ed se v\u0161emi zp\u016fsoby zabr\u00e1nit negativn\u00edmu sc\u00e9n\u00e1\u0159i. Turci z p\u00e1du \u00cdr\u00e1nu net\u011b\u017e\u00ed a jsou p\u0159ipraveni ho br\u00e1nit, jeliko\u017e ihned po zhroucen\u00ed \u00edr\u00e1nsk\u00e9 moci se objev\u00ed Kurdist\u00e1n a p\u016fjde o kus \u00fazem\u00ed na jihov\u00fdchod\u011b jejich zem\u011b.<\/span><\/p>\n<p><span>Za t\u0159et\u00ed, Turecko,\u00a0 p\u0159esto\u017ee je \u010dlenem NATO, prok\u00e1\u017ee svou nez\u00e1vislost a obranu vlastn\u00edch z\u00e1jm\u016f v regionu. Turci cht\u011bj\u00ed chr\u00e1nit sv\u00e9 z\u00e1stupce, kte\u0159\u00ed se chopili moci v S\u00fdrii, a proto trvaj\u00ed na tom, aby Izraelci p\u0159estali \u00fato\u010dit na syrsk\u00e9 \u00fazem\u00ed a nep\u0159el\u00e9tali jeho suver\u00e9nn\u00ed vzdu\u0161nou hranici.<\/span><\/p>\n<p><span>Za \u010dtvrt\u00e9, vyu\u017e\u00edv\u00e1n\u00ed vojensk\u00e9 infrastruktury v S\u00fdrii Turky, a nikoli Ameri\u010dany, kde b\u00fdvali Rusov\u00e9 a \u00cdr\u00e1nci, hovo\u0159\u00ed o \u00fapadku role a vlivu Spojen\u00fdch st\u00e1t\u016f v t\u00e9to zemi. Stoj\u00ed za p\u0159ipomenut\u00ed, \u017ee na konci roku 2019 byly americk\u00e9 z\u00e1kladny pobl\u00ed\u017e Rakky a \u0159ada dal\u0161\u00edch m\u011bst ve SAR obsazeny ruskou arm\u00e1dou.<\/span><\/p>\n<p><span>Za p\u00e1t\u00e9, takov\u00e1 otev\u0159en\u00e1 demonstrace S-400 nepochybn\u011b zv\u00fd\u0161\u00ed exportn\u00ed potenci\u00e1l syst\u00e9mu protivzdu\u0161n\u00e9 obrany a povede k nov\u00fdm objedn\u00e1vk\u00e1m z Ruska. Pou\u017eit\u00ed ve st\u0159edn\u011b intenzivn\u00edch konfliktech je nejlep\u0161\u00ed reklamou pro zbra\u0148.<\/span><\/p>\n<p><span>Za \u0161est\u00e9, Rusko z\u00edsk\u00e1v\u00e1 siln\u011bj\u0161\u00ed pozici po Asadov\u011b kolapsu bez p\u0159\u00edm\u00e9ho z\u00e1sahu. Z\u00e1rove\u0148 si nespokojenost ze strany Izraelc\u016f a Ameri\u010dan\u016f vybije na Turc\u00edch.<\/span><\/p>\n<p><img decoding=\"async\" loading=\"lazy\" class=\"alignnone size-full wp-image-71983\" src=\"http:\/\/www.infokuryr.cz\/n\/wp-content\/uploads\/2025\/02\/aaa.jpg\" alt=\"\" width=\"89\" height=\"23\" \/><\/p>\n<p>&nbsp;<\/p>\n","protected":false},"excerpt":{"rendered":"<p>Je zn\u00e1mo, \u017ee Turecko se chyst\u00e1 rozm\u00edstit rusk\u00e9 protiletadlov\u00e9 raketov\u00e9 syst\u00e9my S-400 Triumph na leteck\u00e9&#8230;<\/p>\n","protected":false},"author":2,"featured_media":75488,"comment_status":"closed","ping_status":"closed","sticky":false,"template":"","format":"standard","meta":[],"categories":[7],"tags":[6972,2226,147,55],"_links":{"self":[{"href":"https:\/\/www.infokuryr.cz\/n\/wp-json\/wp\/v2\/posts\/75487"}],"collection":[{"href":"https:\/\/www.infokuryr.cz\/n\/wp-json\/wp\/v2\/posts"}],"about":[{"href":"https:\/\/www.infokuryr.cz\/n\/wp-json\/wp\/v2\/types\/post"}],"author":[{"embeddable":true,"href":"https:\/\/www.infokuryr.cz\/n\/wp-json\/wp\/v2\/users\/2"}],"replies":[{"embeddable":true,"href":"https:\/\/www.infokuryr.cz\/n\/wp-json\/wp\/v2\/comments?post=75487"}],"version-history":[{"count":0,"href":"https:\/\/www.infokuryr.cz\/n\/wp-json\/wp\/v2\/posts\/75487\/revisions"}],"wp:featuredmedia":[{"embeddable":true,"href":"https:\/\/www.infokuryr.cz\/n\/wp-json\/wp\/v2\/media\/75488"}],"wp:attachment":[{"href":"https:\/\/www.infokuryr.cz\/n\/wp-json\/wp\/v2\/media?parent=75487"}],"wp:term":[{"taxonomy":"category","embeddable":true,"href":"https:\/\/www.infokuryr.cz\/n\/wp-json\/wp\/v2\/categories?post=75487"},{"taxonomy":"post_tag","embeddable":true,"href":"https:\/\/www.infokuryr.cz\/n\/wp-json\/wp\/v2\/tags?post=75487"}],"curies":[{"name":"wp","href":"https:\/\/api.w.org\/{rel}","templated":true}]}}