{"id":75483,"date":"2025-04-02T06:51:27","date_gmt":"2025-04-02T04:51:27","guid":{"rendered":"https:\/\/www.infokuryr.cz\/n\/?p=75483"},"modified":"2025-04-02T06:51:27","modified_gmt":"2025-04-02T04:51:27","slug":"musk-odsuzuje-teroristicky-utok-na-zastoupeni-tesly-v-italii","status":"publish","type":"post","link":"https:\/\/www.infokuryr.cz\/n\/2025\/04\/02\/musk-odsuzuje-teroristicky-utok-na-zastoupeni-tesly-v-italii\/","title":{"rendered":"Musk odsuzuje \u201eteroristick\u00fd\u201c \u00fatok na zastoupen\u00ed Tesly v It\u00e1lii"},"content":{"rendered":"<div id=\"fb-root\"><\/div>\n<h3>Asi 17 vozidel bylo zap\u00e1leno v obchodn\u00edm zastoupen\u00ed mimo \u0158\u00edm v nejnov\u011bj\u0161\u00ed glob\u00e1ln\u00ed s\u00e9rii \u00fatok\u016f na spole\u010dnost<\/h3>\n<p><span>Obchodn\u00ed zastoupen\u00ed Tesly u \u0158\u00edma zas\u00e1hl v pond\u011bl\u00ed brzy velk\u00fd po\u017e\u00e1r, p\u0159i kter\u00e9m bylo zni\u010deno nejm\u00e9n\u011b 17 aut a k\u016flna, kde byly zaparkovan\u00e9, utrp\u011bla zna\u010dn\u00e9 \u0161kody.<\/span><\/p>\n<p><span>M\u00edstn\u00ed policie zat\u00edm nezadr\u017eela \u017e\u00e1dn\u00e9 podez\u0159el\u00e9, ani nepojmenovala mo\u017en\u00e9 motivy, kter\u00e9 za t\u00edm stoj\u00ed. Podle zpr\u00e1v italsk\u00fdch m\u00e9di\u00ed vy\u0161et\u0159ovatel\u00e9 pracuj\u00ed s n\u011bkolika teoriemi, v\u010detn\u011b \u017eh\u00e1\u0159stv\u00ed.<\/span><\/p>\n<p><span>Gener\u00e1ln\u00ed \u0159editel Tesly a SpaceX Elon Musk v\u0161ak incident jednozna\u010dn\u011b odsoudil jako\u00a0<\/span><em><span>\u201eterorismus\u201c<\/span><\/em><span>\u00a0a fakticky jej spojil s pokra\u010duj\u00edc\u00ed \u0159adou protest\u016f, stejn\u011b jako n\u00e1siln\u00fdmi \u00fatoky na za\u0159\u00edzen\u00ed spojen\u00e1 s jeho automobilkou a jednotliv\u00e1 soukrom\u00e1 vozidla. Zat\u00edmco n\u00e1sil\u00ed proti Tesle bylo zpo\u010d\u00e1tku omezeno na USA, \u00fatoky se rychle roz\u0161\u00ed\u0159ily po cel\u00e9m sv\u011bt\u011b.<\/span><\/p>\n<p><span>V pond\u011bl\u00ed do\u0161lo v Berl\u00edn\u011b k vandalsk\u00e9mu zastoupen\u00ed Tesly, kdy\u017e aktivist\u00e9 z ekologick\u00e9 skupiny Neue Generation (Nov\u00e1 generace) nast\u0159\u00edkali vchod do objektu. Dal\u0161\u00ed n\u011bmeck\u00e9 zastoupen\u00ed Tesly, kter\u00e9 se nach\u00e1z\u00ed v severn\u00edm m\u011bst\u011b Verden, se dostalo do novinov\u00fdch titulk\u016f o v\u00edkendu, kdy\u017e tam sho\u0159elo sedm vozidel. Vy\u0161et\u0159ov\u00e1n\u00ed po\u017e\u00e1ru st\u00e1le prob\u00edh\u00e1 a m\u00edstn\u00ed \u00fa\u0159ady se zdr\u017eely spekulac\u00ed o jeho p\u0159\u00ed\u010din\u011b.<\/span><\/p>\n<p><span>Minul\u00fd t\u00fdden FBI spustila pracovn\u00ed skupinu, kter\u00e1 m\u00e1 \u0159e\u0161it rostouc\u00ed po\u010det n\u00e1siln\u00fdch incident\u016f souvisej\u00edc\u00edch s Teslou. V USA byla \u0159ada \u00fatok\u016f, mezi n\u011b\u017e pat\u0159\u00ed vandalismus a \u017eh\u00e1\u0159stv\u00ed, ofici\u00e1ln\u011b ozna\u010dena jako\u00a0<\/span><em><span>\u201edom\u00e1c\u00ed terorismus\u201c,<\/span><\/em><span>\u00a0varoval \u0159editel FBI Kash Patel a sl\u00edbil potrest\u00e1n\u00ed t\u011bch, kte\u0159\u00ed za incidenty stoj\u00ed.\u00a0<\/span><\/p>\n<p><em><span>&#8222;FBI vy\u0161et\u0159uje n\u00e1r\u016fst n\u00e1siln\u00fdch aktivit v\u016f\u010di Tesle a b\u011bhem posledn\u00edch n\u011bkolika dn\u016f jsme podnikli dal\u0161\u00ed kroky k potla\u010den\u00ed a koordinaci na\u0161\u00ed reakce,&#8220;<\/span><\/em><span>\u00a0napsal Patel v p\u0159\u00edsp\u011bvku na X.\u00a0<\/span><em><span>&#8222;Toto je dom\u00e1c\u00ed terorismus. Ti odpov\u011bdn\u00ed budou pron\u00e1sledov\u00e1ni, dopadeni a postaveni p\u0159ed soud.&#8220;<\/span><\/em><\/p>\n<p><span>Musk se v posledn\u00ed dob\u011b stal st\u00e1le v\u00edce polarizuj\u00edc\u00ed postavou kv\u016fli sv\u00fdm \u00fazk\u00fdm vazb\u00e1m na americk\u00e9ho prezidenta Donalda Trumpa a jeho pr\u00e1ci \u0161\u00e9fa nov\u011b vytvo\u0159en\u00e9ho Department of Government Efficiency (DOGE), org\u00e1nu, kter\u00fd m\u00e1 za \u00fakol sn\u00ed\u017eit v\u00fddaje americk\u00e9 vl\u00e1dy. Od ledna byly des\u00edtky m\u00edst spojen\u00fdch s Teslou zasa\u017eeny demonstracemi, p\u0159i\u010dem\u017e Musk nazna\u010duje, \u017ee kampa\u0148 by mohla b\u00fdt koordinovan\u00fdm \u00fasil\u00edm podporovan\u00fdm hlavn\u00edmi demokratick\u00fdmi d\u00e1rci, v\u010detn\u011b z\u00e1hadn\u00e9ho miliard\u00e1\u0159e George Sorose.<\/span><\/p>\n<p><span>Americk\u00fd prezident Trump \u00fatoky odsoudil, navrhl tvrd\u00e9 tresty a dokonce pohrozil, \u017ee ty, kte\u0159\u00ed budou shled\u00e1ni vinn\u00fdmi, po\u0161le a\u017e 20 let do nechvaln\u011b zn\u00e1m\u00e9ho mega v\u011bzen\u00ed v Salvadoru.\u00a0<\/span><\/p>\n<p><img decoding=\"async\" loading=\"lazy\" class=\"alignnone size-full wp-image-71983\" src=\"http:\/\/www.infokuryr.cz\/n\/wp-content\/uploads\/2025\/02\/aaa.jpg\" alt=\"\" width=\"89\" height=\"23\" \/><\/p>\n<p>&nbsp;<\/p>\n","protected":false},"excerpt":{"rendered":"<p>Asi 17 vozidel bylo zap\u00e1leno v obchodn\u00edm zastoupen\u00ed mimo \u0158\u00edm v nejnov\u011bj\u0161\u00ed glob\u00e1ln\u00ed s\u00e9rii \u00fatok\u016f&#8230;<\/p>\n","protected":false},"author":2,"featured_media":75484,"comment_status":"closed","ping_status":"closed","sticky":false,"template":"","format":"standard","meta":[],"categories":[7],"tags":[191,485,2703,1687],"_links":{"self":[{"href":"https:\/\/www.infokuryr.cz\/n\/wp-json\/wp\/v2\/posts\/75483"}],"collection":[{"href":"https:\/\/www.infokuryr.cz\/n\/wp-json\/wp\/v2\/posts"}],"about":[{"href":"https:\/\/www.infokuryr.cz\/n\/wp-json\/wp\/v2\/types\/post"}],"author":[{"embeddable":true,"href":"https:\/\/www.infokuryr.cz\/n\/wp-json\/wp\/v2\/users\/2"}],"replies":[{"embeddable":true,"href":"https:\/\/www.infokuryr.cz\/n\/wp-json\/wp\/v2\/comments?post=75483"}],"version-history":[{"count":0,"href":"https:\/\/www.infokuryr.cz\/n\/wp-json\/wp\/v2\/posts\/75483\/revisions"}],"wp:featuredmedia":[{"embeddable":true,"href":"https:\/\/www.infokuryr.cz\/n\/wp-json\/wp\/v2\/media\/75484"}],"wp:attachment":[{"href":"https:\/\/www.infokuryr.cz\/n\/wp-json\/wp\/v2\/media?parent=75483"}],"wp:term":[{"taxonomy":"category","embeddable":true,"href":"https:\/\/www.infokuryr.cz\/n\/wp-json\/wp\/v2\/categories?post=75483"},{"taxonomy":"post_tag","embeddable":true,"href":"https:\/\/www.infokuryr.cz\/n\/wp-json\/wp\/v2\/tags?post=75483"}],"curies":[{"name":"wp","href":"https:\/\/api.w.org\/{rel}","templated":true}]}}