{"id":75470,"date":"2025-04-02T00:22:05","date_gmt":"2025-04-01T22:22:05","guid":{"rendered":"https:\/\/www.infokuryr.cz\/n\/?p=75470"},"modified":"2025-04-01T15:36:35","modified_gmt":"2025-04-01T13:36:35","slug":"jiri-vyvadil-kreml-elegantne-odkazal-trumpa-do-patricnych-mezi","status":"publish","type":"post","link":"https:\/\/www.infokuryr.cz\/n\/2025\/04\/02\/jiri-vyvadil-kreml-elegantne-odkazal-trumpa-do-patricnych-mezi\/","title":{"rendered":"Ji\u0159\u00ed Vyvadil: Kreml elegantn\u011b odk\u00e1zal Trumpa do pat\u0159i\u010dn\u00fdch mez\u00ed\u2026"},"content":{"rendered":"<div id=\"fb-root\"><\/div>\n<p><strong>Zat\u00edmco Donald Trump po vzoru j\u00e1j\u00ednka, z\u00e1sadn\u011b s\u00e1m a co nejbombasti\u010dn\u011bji komentuje ud\u00e1losti, Kreml si v\u017edy nech\u00e1v\u00e1 pokerov\u00fd odstup.<\/strong><\/p>\n<p style=\"font-weight: 400;\">Docela jsem se t\u011b\u0161il, jak Kreml zareaguje na hysterick\u00fd\u00a0\u00a0v\u00fdlev Donalda Trumpa, \u017ee ho Putin \u201enastral\u201c (p\u0159eklady byly r\u016fzn\u00e9), kdy\u017e navrhuje vytvo\u0159it nad Ukrajinou zvl\u00e1\u0161tn\u00ed spr\u00e1vu, proto\u017ee Zelenskyj podle n\u011bho nem\u00e1 opr\u00e1vn\u011bn\u00ed jednat jm\u00e9nem Ukrajiny\u2026A podle sv\u00e9ho zvyku pohrozil mohutn\u00fdmi sankcemi na v\u00fdvoz ropy.<\/p>\n<p style=\"font-weight: 400;\">Z\u00e1padn\u00ed politici i m\u00e9dia se tetelili radost\u00ed: Kone\u010dn\u011b na toho rusk\u00e9ho zlo\u010dince dojde.<\/p>\n<p style=\"font-weight: 400;\">No, samoz\u0159ejm\u011b nedo\u0161lo.<\/p>\n<p style=\"font-weight: 400;\">Putin nechal uplynout n\u011bkolik dn\u00ed a pot\u00e9, ani\u017e by on s\u00e1m na Trumpa zareagoval nechal promluvit sv\u00e9ho dvorn\u00edho mluv\u010d\u00edho Peskova, kter\u00fd pronesl:<\/p>\n<p style=\"font-weight: 400;\">Rusko i nad\u00e1le udr\u017euje pracovn\u00ed vztahy se Spojen\u00fdmi st\u00e1ty.<\/p>\n<p style=\"font-weight: 400;\">\u00a0<strong>Rusko a USA d\u00e1l pracuj\u00ed na n\u00e1padech, jak ukon\u010dit v\u00e1lku na Ukrajin\u011b.<\/strong><\/p>\n<p style=\"font-weight: 400;\">A te\u010dka.<\/p>\n<p style=\"font-weight: 400;\">No, nedivte se, \u017ee Putina ba\u0161t\u00edm\u2026<\/p>\n<p><a href=\"https:\/\/vasevec.info\/komentare\/kreml-elegantne-odkazal-trumpa-do-patricnych-mezi\">Ji\u0159\u00ed Vyvadil<\/a><\/p>\n<p><img decoding=\"async\" loading=\"lazy\" class=\"alignnone size-medium wp-image-16474\" src=\"http:\/\/www.infokuryr.cz\/n\/wp-content\/uploads\/2022\/10\/jiri-vyvadil-300x200.jpg\" alt=\"\" width=\"300\" height=\"200\" srcset=\"https:\/\/www.infokuryr.cz\/n\/wp-content\/uploads\/2022\/10\/jiri-vyvadil-300x200.jpg 300w, https:\/\/www.infokuryr.cz\/n\/wp-content\/uploads\/2022\/10\/jiri-vyvadil-768x512.jpg 768w, https:\/\/www.infokuryr.cz\/n\/wp-content\/uploads\/2022\/10\/jiri-vyvadil.jpg 800w\" sizes=\"(max-width: 300px) 100vw, 300px\" \/><\/p>\n<p>&nbsp;<\/p>\n","protected":false},"excerpt":{"rendered":"<p>Zat\u00edmco Donald Trump po vzoru j\u00e1j\u00ednka, z\u00e1sadn\u011b s\u00e1m a co nejbombasti\u010dn\u011bji komentuje ud\u00e1losti, Kreml si&#8230;<\/p>\n","protected":false},"author":2,"featured_media":64709,"comment_status":"closed","ping_status":"closed","sticky":false,"template":"","format":"standard","meta":[],"categories":[6],"tags":[1503,1065,452,26],"_links":{"self":[{"href":"https:\/\/www.infokuryr.cz\/n\/wp-json\/wp\/v2\/posts\/75470"}],"collection":[{"href":"https:\/\/www.infokuryr.cz\/n\/wp-json\/wp\/v2\/posts"}],"about":[{"href":"https:\/\/www.infokuryr.cz\/n\/wp-json\/wp\/v2\/types\/post"}],"author":[{"embeddable":true,"href":"https:\/\/www.infokuryr.cz\/n\/wp-json\/wp\/v2\/users\/2"}],"replies":[{"embeddable":true,"href":"https:\/\/www.infokuryr.cz\/n\/wp-json\/wp\/v2\/comments?post=75470"}],"version-history":[{"count":0,"href":"https:\/\/www.infokuryr.cz\/n\/wp-json\/wp\/v2\/posts\/75470\/revisions"}],"wp:featuredmedia":[{"embeddable":true,"href":"https:\/\/www.infokuryr.cz\/n\/wp-json\/wp\/v2\/media\/64709"}],"wp:attachment":[{"href":"https:\/\/www.infokuryr.cz\/n\/wp-json\/wp\/v2\/media?parent=75470"}],"wp:term":[{"taxonomy":"category","embeddable":true,"href":"https:\/\/www.infokuryr.cz\/n\/wp-json\/wp\/v2\/categories?post=75470"},{"taxonomy":"post_tag","embeddable":true,"href":"https:\/\/www.infokuryr.cz\/n\/wp-json\/wp\/v2\/tags?post=75470"}],"curies":[{"name":"wp","href":"https:\/\/api.w.org\/{rel}","templated":true}]}}