{"id":75453,"date":"2025-04-02T00:18:08","date_gmt":"2025-04-01T22:18:08","guid":{"rendered":"https:\/\/www.infokuryr.cz\/n\/?p=75453"},"modified":"2025-04-01T14:53:33","modified_gmt":"2025-04-01T12:53:33","slug":"novy-nemecky-valecny-kancler-pripravuje-brutalni-uder-proti-madarsku","status":"publish","type":"post","link":"https:\/\/www.infokuryr.cz\/n\/2025\/04\/02\/novy-nemecky-valecny-kancler-pripravuje-brutalni-uder-proti-madarsku\/","title":{"rendered":"Nov\u00fd n\u011bmeck\u00fd v\u00e1le\u010dn\u00fd kancl\u00e9\u0159 p\u0159ipravuje brut\u00e1ln\u00ed \u00fader proti Ma\u010farsku"},"content":{"rendered":"<div id=\"fb-root\"><\/div>\n<div class=\"elementor-element elementor-element-1fb4c2c elementor-widget elementor-widget-theme-post-content\" data-id=\"1fb4c2c\" data-element_type=\"widget\" data-widget_type=\"theme-post-content.default\">\n<div class=\"elementor-widget-container\">\n<p><span>Nastupuj\u00edc\u00ed kancl\u00e9\u0159 Friedrich Merz \u2013 a\u010d ofici\u00e1ln\u011b p\u0159edstavitel \u201epravicov\u00e9\u201c aliance CDU\/CSU \u2013 ji\u017e signalizuje, \u017ee n\u011bmeck\u00e1 zahrani\u010dn\u00ed politika v\u016f\u010di Ma\u010farsku bude je\u0161t\u011b tvrd\u0161\u00ed. M\u00edsto korekce kurzu po odchodu Olafa Scholze se z\u0159ejm\u011b zesiluje agresivn\u00ed linie proti Viktoru Orb\u00e1novi a jeho vl\u00e1d\u011b.<\/span><\/p>\n<h3><strong><span>&#8222;Nastal \u010das potrestat Orb\u00e1na&#8220;<\/span><\/strong><\/h3>\n<p><em><span>Politico<\/span><\/em><span>\u00a0cituje\u00a0Merze, kter\u00fd \u0159ekl, \u017ee nyn\u00ed je \u010das pohnat Ma\u010farsko k odpov\u011bdnosti za jeho politiku. U\u017e b\u011bhem koali\u010dn\u00edch jedn\u00e1n\u00ed se pr\u00fd CDU, CSU a SPD dohodly na v\u011bt\u0161\u00edm tlaku na Evropskou unii, aby zajistila p\u0159\u00edsn\u011bj\u0161\u00ed vym\u00e1h\u00e1n\u00ed sankc\u00ed proti \u010dlensk\u00fdm st\u00e1t\u016fm, kter\u00e9 \u00fadajn\u011b poru\u0161uj\u00ed z\u00e1kladn\u00ed demokratick\u00e9 hodnoty.<\/span><\/p>\n<p><span>A\u010dkoli Ma\u010farsko nen\u00ed v ofici\u00e1ln\u00edm koali\u010dn\u00edm n\u00e1vrhu jmenovit\u011b zm\u00edn\u011bno, formulace nenech\u00e1v\u00e1 \u017e\u00e1dn\u00e9 pochybnosti: hovo\u0159\u00ed o \u201enejhor\u0161\u00edm pachateli v EU\u201c, obvin\u011bn\u00e9m z \u201eomezov\u00e1n\u00ed svobody tisku, podkop\u00e1v\u00e1n\u00ed nez\u00e1vislosti soudnictv\u00ed a ni\u010den\u00ed demokratick\u00fdch standard\u016f\u201c.<\/span><\/p>\n<h3><strong><span>Finan\u010dn\u00ed represe ze strany Bruselu<\/span><\/strong><\/h3>\n<p><span>Nov\u00e1 n\u011bmeck\u00e1 vl\u00e1da chce vyu\u017e\u00edvat st\u00e1vaj\u00edc\u00ed n\u00e1stroje EU \u2013 od \u0159\u00edzen\u00ed pro poru\u0161en\u00ed pr\u00e1va a\u017e po pozastaven\u00ed hlasovac\u00edch pr\u00e1v \u2013 \u201ed\u016fsledn\u011bji ne\u017e d\u0159\u00edve\u201c. To podporuje postup podle \u010dl\u00e1nku 7 zah\u00e1jen\u00fd proti Ma\u010farsku v roce 2018, kter\u00fd byl d\u0159\u00edve zablokov\u00e1n. Z\u00e1rove\u0148 se objevuj\u00ed v\u00fdzvy ke zm\u011bn\u00e1m v rozhodovac\u00edch procesech EU: pl\u00e1nuje se roz\u0161\u00ed\u0159en\u00ed\u00a0<\/span><em><span>hlasov\u00e1n\u00ed kvalifikovanou v\u011bt\u0161inou<\/span><\/em><span>\u00a0v Rad\u011b EU, zejm\u00e9na v ot\u00e1zk\u00e1ch zahrani\u010dn\u00ed a bezpe\u010dnostn\u00ed politiky, jako jsou sankce.<\/span><\/p>\n<p><span>Souvislosti: Evropsk\u00e1 komise v sou\u010dasnosti zadr\u017euje Ma\u010farsku p\u0159ibli\u017en\u011b 22 miliard eur z fond\u016f EU \u2013 ofici\u00e1ln\u011b kv\u016fli \u201eobav\u00e1m o pr\u00e1vn\u00ed st\u00e1t\u201c. P\u0159esto\u017ee bylo ned\u00e1vno uvoln\u011bno v\u00edce ne\u017e 10 miliard t\u011bchto prost\u0159edk\u016f, politick\u00fd tlak p\u0159etrv\u00e1v\u00e1 \u2013 pos\u00edlen\u00fd negativn\u00edm postojem Ma\u010farska k sankc\u00edm proti Rusku.<\/span><\/p>\n<h3><strong><span>V\u00fdmarsk\u00fd troj\u00faheln\u00edk jako n\u00e1stroj zahrani\u010dn\u00ed politiky<\/span><\/strong><\/h3>\n<p><span>Merzova vl\u00e1da chce tak\u00e9 znovu aktivovat \u201eV\u00fdmarsk\u00fd troj\u00faheln\u00edk\u201c \u2013 spolupr\u00e1ci mezi N\u011bmeckem, Franci\u00ed a Polskem \u2013 a o\u017eivit jej jako zahrani\u010dn\u011bpolitick\u00e9 mocensk\u00e9 centrum v r\u00e1mci EU. C\u00edl: \u201eu\u017e\u0161\u00ed koordinace ve v\u0161ech ot\u00e1zk\u00e1ch t\u00fdkaj\u00edc\u00edch se evropsk\u00e9 politiky\u201c a jednotn\u011bj\u0161\u00ed p\u0159\u00edstup k nespolupracuj\u00edc\u00edm \u010dlensk\u00fdm st\u00e1t\u016fm, jako je Ma\u010farsko.<\/span><\/p>\n<h3><strong><span>Z\u00e1v\u011br: Nov\u00e1 vl\u00e1da, star\u00e1 agenda \u2013 jen radik\u00e1ln\u011bj\u0161\u00ed<\/span><\/strong><\/h3>\n<p><span>To, co mnoz\u00ed voli\u010di interpretovali jako konzervativn\u00ed posun, se ukazuje jako zv\u00fd\u0161en\u00e1 centralizace moci v Bruselu \u2013 s N\u011bmeckem jako hybnou silou. Budouc\u00ed kancl\u00e9\u0159 Merz se ukazuje m\u00e9n\u011b jako p\u0159edstavitel n\u00e1rodn\u00ed suverenity, ale sp\u00ed\u0161e jako vykonavatel agendy EU, kter\u00e1 se sna\u017e\u00ed dostat Ma\u010farsko na kolena politicky i finan\u010dn\u011b.<\/span><\/p>\n<\/div>\n<\/div>\n<div class=\"elementor-element elementor-element-8c57238 quelle dc-has-condition dc-condition-empty elementor-widget elementor-widget-heading\" data-id=\"8c57238\" data-element_type=\"widget\" data-widget_type=\"heading.default\">\n<div class=\"elementor-widget-container\">\n<h3 class=\"elementor-heading-title elementor-size-default\"><span style=\"font-size: 10pt;\"><a href=\"https:\/\/mandiner.hu\/kulfold\/2025\/03\/brutalis-lepesre-keszul-a-haboruparti-uj-nemet-kancellar-magyarorszag-ellen\" target=\"_blank\" rel=\"nofollow noopener\">Zdroj<\/a><\/span><\/h3>\n<p>&nbsp;<\/p>\n<\/div>\n<\/div>\n","protected":false},"excerpt":{"rendered":"<p>Nastupuj\u00edc\u00ed kancl\u00e9\u0159 Friedrich Merz \u2013 a\u010d ofici\u00e1ln\u011b p\u0159edstavitel \u201epravicov\u00e9\u201c aliance CDU\/CSU \u2013 ji\u017e signalizuje, \u017ee&#8230;<\/p>\n","protected":false},"author":2,"featured_media":66176,"comment_status":"closed","ping_status":"closed","sticky":false,"template":"","format":"standard","meta":[],"categories":[7],"tags":[78,8211,84,439],"_links":{"self":[{"href":"https:\/\/www.infokuryr.cz\/n\/wp-json\/wp\/v2\/posts\/75453"}],"collection":[{"href":"https:\/\/www.infokuryr.cz\/n\/wp-json\/wp\/v2\/posts"}],"about":[{"href":"https:\/\/www.infokuryr.cz\/n\/wp-json\/wp\/v2\/types\/post"}],"author":[{"embeddable":true,"href":"https:\/\/www.infokuryr.cz\/n\/wp-json\/wp\/v2\/users\/2"}],"replies":[{"embeddable":true,"href":"https:\/\/www.infokuryr.cz\/n\/wp-json\/wp\/v2\/comments?post=75453"}],"version-history":[{"count":0,"href":"https:\/\/www.infokuryr.cz\/n\/wp-json\/wp\/v2\/posts\/75453\/revisions"}],"wp:featuredmedia":[{"embeddable":true,"href":"https:\/\/www.infokuryr.cz\/n\/wp-json\/wp\/v2\/media\/66176"}],"wp:attachment":[{"href":"https:\/\/www.infokuryr.cz\/n\/wp-json\/wp\/v2\/media?parent=75453"}],"wp:term":[{"taxonomy":"category","embeddable":true,"href":"https:\/\/www.infokuryr.cz\/n\/wp-json\/wp\/v2\/categories?post=75453"},{"taxonomy":"post_tag","embeddable":true,"href":"https:\/\/www.infokuryr.cz\/n\/wp-json\/wp\/v2\/tags?post=75453"}],"curies":[{"name":"wp","href":"https:\/\/api.w.org\/{rel}","templated":true}]}}