{"id":75423,"date":"2025-04-01T00:22:36","date_gmt":"2025-03-31T22:22:36","guid":{"rendered":"https:\/\/www.infokuryr.cz\/n\/?p=75423"},"modified":"2025-03-31T16:36:41","modified_gmt":"2025-03-31T14:36:41","slug":"jiri-paroubek-stacilo-bude-stacit-personalni-druha-liga","status":"publish","type":"post","link":"https:\/\/www.infokuryr.cz\/n\/2025\/04\/01\/jiri-paroubek-stacilo-bude-stacit-personalni-druha-liga\/","title":{"rendered":"Ji\u0159\u00ed Paroubek: Sta\u010dilo! Bude sta\u010dit person\u00e1ln\u00ed druh\u00e1 liga?"},"content":{"rendered":"<div id=\"fb-root\"><\/div>\n<p><strong>Kdy\u017e jsem v p\u016fli ledna spolu se sv\u00fdmi spolupracovn\u00edky vyjedn\u00e1val s K. Kone\u010dnou a jej\u00edmi lidmi o mo\u017en\u00e9 \u00fa\u010dasti \u010cSSD pod m\u00fdm veden\u00edm, v r\u00e1mci koalice Sta\u010dilo!, zeptal jsem se K. Kone\u010dn\u00e9, jak\u00e9 \u017ee to person\u00e1ln\u00ed posily p\u0159ipravuje do \u010dela kandid\u00e1tek Sta\u010dilo!?<\/strong><\/p>\n<p>K. Kone\u010dn\u00e1 mi odpov\u011bd\u011bla, \u017ee cel\u00e1 v\u011bc je zat\u00edm tajn\u00e1 a v\u00a0jedn\u00e1n\u00ed a \u017ee v\u00edc ne\u0159ekne. V\u011bd\u011bl jsem ji\u017e p\u0159ed zm\u00edn\u011bn\u00fdm jedn\u00e1n\u00edm, \u017ee K. Kone\u010dn\u00e1 s\u00a0\u010cSSD ve sv\u00e9 p\u0159edvolebn\u00ed koalici v\u016fbec nepo\u010d\u00edt\u00e1. A d\u00e1le jsem v\u011bd\u011bl, na z\u00e1klad\u011b d\u016fv\u011brn\u00fdch informac\u00ed, \u017ee Jana Bobo\u0161\u00edkov\u00e1 je jak\u00fdmsi spiritus agens cel\u00e9ho projektu Sta\u010dilo!.\u00a0 \u017de je mentorem K. Kone\u010dn\u00e9 a jakousi jej\u00ed d\u016fv\u011brnic\u00ed. A \u017ee je to ona, kdo vlastn\u011b v\u00fdznamn\u00fdm zp\u016fsobem ovliv\u0148uje strategii Sta\u010dilo!. P\u0159izn\u00e1m se, \u017ee J. Bobo\u0161\u00edkovou uzn\u00e1v\u00e1m jako v\u00fdte\u010dnou novin\u00e1\u0159ku a televizn\u00ed moder\u00e1torku. Jej\u00ed televize ur\u010dit\u011b pat\u0159\u00ed k\u00a0t\u011bm lep\u0161\u00edm nemainstreamov\u00fdm televizn\u00edm projekt\u016fm. T\u011b\u017e\u00ed z\u00a0pe\u010dliv\u00e9 p\u0159\u00edpravy a schopnosti zajistit velmi detailn\u00ed a d\u016fv\u011brn\u00e9 informace\u00a0 H. Lipovskou. Ona je vlastn\u011b intelektu\u00e1ln\u00edm z\u00e1zem\u00edm J. Bobo\u0161\u00edkov\u00e9.<\/p>\n<p><img decoding=\"async\" loading=\"lazy\" class=\"wp-image-75426 alignleft\" src=\"http:\/\/www.infokuryr.cz\/n\/wp-content\/uploads\/2025\/04\/smejdi-248x300.jpg\" alt=\"\" width=\"475\" height=\"575\" srcset=\"https:\/\/www.infokuryr.cz\/n\/wp-content\/uploads\/2025\/04\/smejdi-248x300.jpg 248w, https:\/\/www.infokuryr.cz\/n\/wp-content\/uploads\/2025\/04\/smejdi.jpg 484w\" sizes=\"(max-width: 475px) 100vw, 475px\" \/><\/p>\n<p>Pokud ale jde o politickou strategii a taktiku, nemysl\u00edm si, \u017ee J. Bobo\u0161\u00edkov\u00e1 je osobou, kter\u00e1 &#8222;to&#8220; um\u00ed. Prost\u011b v\u00fdte\u010dn\u00fd novin\u00e1\u0159 nemus\u00ed b\u00fdt dobr\u00fd politik. Cel\u00fd projekt Sta\u010dilo! postavila Bobo\u0161\u00edkov\u00e1 s\u00a0Kone\u010dnou na premise dvou medi\u00e1ln\u00edch tahoun\u016f: tedy skute\u010dn\u00e9ho tahouna, K. Kone\u010dn\u00e9 a domn\u011bl\u00e9ho, tedy J. Bobo\u0161\u00edkov\u00e9. V p\u0159\u00edloze tohoto \u010dl\u00e1nku p\u0159ikl\u00e1d\u00e1m tabulku, kter\u00e1 ukazuje\u00a0 atraktivitu osob, kter\u00e9 si do sv\u00e9ho televizn\u00edho po\u0159adu J. Bobo\u0161\u00edkov\u00e1 v posledn\u00ed dob\u011b sp\u00ed\u0161e z levicov\u00fdch kruh\u016f p\u0159izvala (tabulku jsem p\u0159i jedn\u00e1n\u00ed v lednu p\u0159edal K. Kone\u010dn\u00e9).<\/p>\n<p>Kdy\u017e se d\u00edv\u00e1m na v\u0161eobecnou b\u00eddu politick\u00e9 diskuse u n\u00e1s tak, jak prob\u00edh\u00e1 v\u00a0mainstreamov\u00fdch m\u00e9di\u00edch, mus\u00edm \u0159\u00edci, \u017ee K. Kone\u010dn\u00e1 p\u0159edstavuje velmi slu\u0161n\u00fd nadpr\u016fm\u011br. K\u00a0televizn\u00edm debat\u00e1m se dok\u00e1\u017ee dob\u0159e p\u0159ipravit, je radik\u00e1ln\u00ed, ostr\u00e1 a p\u0159itom v\u00a0debat\u00e1ch i v\u011bcn\u00e1. Jedin\u00e9,\u00a0 co j\u00ed chyb\u00ed, jsou praktick\u00e9 zku\u0161enosti.\u00a0 Kdy\u017e by se z\u00a0bo\u017e\u00edho dopu\u0161t\u011bn\u00ed stalo a Sta\u010dilo! z\u00edskalo ve volb\u00e1ch do sn\u011bmovny 5 % + 1 hlas, a stalo by se tak potenci\u00e1ln\u00edm vl\u00e1dn\u00edm partnerem hnut\u00ed ANO, prakticky nikdo z\u00a0l\u00eddr\u016f t\u00e9to p\u0159edvolebn\u00ed koalice nen\u00ed pou\u017eiteln\u00fd pro vl\u00e1dn\u00ed funkce. Nemaj\u00ed pro to ani kvalifikaci, ani zku\u0161enosti. Prost\u011b je to levicov\u00e1 obdoba zcela prakticky neschopn\u00fdch l\u00eddr\u016f koalice Spolu\u00a0 a STAN ve vl\u00e1d\u011b.<\/p>\n<p>J. Bobo\u0161\u00edkov\u00e1 v\u0161echno, co ve sv\u00e9m politick\u00e9m \u017eivot\u011b d\u011blala,\u00a0 zakon\u010dila debaklem. Tedy, s\u00a0v\u00fdjimkou voleb do EP v politick\u00e9m d\u00e1vnov\u011bku, kde j\u00ed v\u00a0podstat\u011b vyt\u00e1hl na kandid\u00e1tce z 2. m\u00edsta do EP b\u00fdval\u00fd \u0159editel TV Nova \u017delezn\u00fd.<\/p>\n<p>Jinak nic, kde nic tu nic, \u017e\u00e1dn\u00e9 politick\u00e9 \u00fasp\u011bchy.<\/p>\n<p>Krom\u011b K. Kone\u010dn\u00e9, kter\u00e1 podle tabulky o n\u00e1v\u0161t\u011bvnosti TV J. Bobo\u0161\u00edkov\u00e9 m\u00e1 atraktivitu pro div\u00e1ky (voli\u010de) nadpr\u016fm\u011brnou, jsou v\u00a0\u010dele anebo na \u010deln\u00fdch m\u00edstech kandid\u00e1tek Sta\u010dilo! lid\u00e9, jako je J. Turo\u0148ov\u00e1, M. Klus\u00e1\u010dek, Vidl\u00e1k \u010di A. Dernerov\u00e1 (ti posledn\u00ed t\u0159i jmenovan\u00ed s\u00a0velmi n\u00edzk\u00fdm z\u00e1jmem ve\u0159ejnosti). K. Kone\u010dn\u00e1 a J. Bobo\u0161\u00edkov\u00e1 postavily cel\u00fd koncept Sta\u010dilo! na p\u0159e\u017eil\u00e9m konceptu N\u00e1rodn\u00ed fronty, tak jak fungovala v\u010d. slabou\u010dk\u00fdch nekomunistick\u00fdch politick\u00fdch stran za b\u00fdval\u00e9ho re\u017eimu.\u00a0 Klus\u00e1\u010dkova strana i strana Dernerov\u00e9 jsou po\u010detn\u011b a programov\u011b tak slab\u011b, \u017ee jsou vlastn\u011b zcela bezv\u00fdznamn\u00e9. Agentury STEM a Median nicm\u00e9n\u011b dlouhodob\u011b mas\u00edruj\u00ed ve\u0159ejn\u00e9 m\u00edn\u011bn\u00ed t\u00edm, \u017ee Sta\u010dilo! m\u00e1 \u0161anci se probojovat v\u00a0p\u0159\u00ed\u0161t\u00edch volb\u00e1ch do sn\u011bmovny. Naopak, jin\u00e9 pr\u016fzkumy obecn\u011b precizn\u011bj\u0161\u00edch agentur to vylu\u010duj\u00ed. Prost\u011b Sta\u010dilo! v\u00a0tuto chv\u00edli nic jist\u00e9ho nem\u00e1.<\/p>\n<p>A pokud se d\u00edv\u00e1m na jeho program, mus\u00ed \u0159\u00edci, \u017ee si v\u00a0t\u00e9to koalici jej\u00ed l\u00edd\u0159i v\u016fbec nev\u0161imli, k\u00a0jak\u00fdm geopolitick\u00fdm zm\u011bn\u00e1m, vlastn\u011b k jak\u00e9 revoluci v\u00a0mezin\u00e1rodn\u00edch vztaz\u00edch nyn\u00ed doch\u00e1z\u00ed. A jak\u00e9 d\u016fsledky to asi bude m\u00edt pro \u010ceskou republiku a jej\u00ed n\u00e1rodn\u00ed hospod\u00e1\u0159stv\u00ed. M\u011bla by existovat re\u00e1ln\u00e1 levicov\u00e1 koncepce toho, jak se d\u00edvat na \u201erevoluci shora\u201c, kterou v geopolitick\u00e9m m\u011b\u0159\u00edtku uskute\u010d\u0148uj\u00ed americk\u00fd prezident Trump a jeho lid\u00e9. P\u0159itom v\u011bt\u0161ina evropsk\u00fdch vl\u00e1d, v\u010d. t\u00e9 \u010desk\u00e9, je prakticky paralyzovan\u00e1, proto\u017ee nerozum\u00ed tomu, jakou cestou a pro\u010d a kam se Ameri\u010dan\u00e9 pod veden\u00edm D. Trumpa vydali.<\/p>\n<p>Je \u0161koda, m\u00e1m-li celou v\u011bc kolem kandid\u00e1tek i programu koalice Sta\u010dilo! shrnout, \u017ee se na jej\u00edch kandid\u00e1tk\u00e1ch neobjevuj\u00ed lid\u00e9, jako jsou nap\u0159. M. Stropnick\u00fd, I. \u0160vihl\u00edkov\u00e1 anebo P. Drul\u00e1k. Tito lid\u00e9 by zcela nepochybn\u011b byli schopni p\u0159it\u00e1hnout svou originalitou z\u00e1jem t\u00e9 levicov\u00e9 \u010d\u00e1sti ve\u0159ejnosti. A krom\u011b toho bych od nich tak\u00e9 o\u010dek\u00e1val to, \u010deho ten sou\u010dasn\u00fd t\u00fdm \u0161pi\u010dek Sta\u010dilo! schopen viditeln\u011b nen\u00ed. Tedy p\u0159in\u00e9st opravdu inovativn\u00ed program, kter\u00fd by odpov\u00eddal na obrovsk\u00e9 v\u00fdzvy, se kter\u00fdmi (a\u0165 se n\u00e1m to l\u00edb\u00ed anebo nel\u00edb\u00ed) p\u0159ich\u00e1z\u00ed nov\u00e1 americk\u00e1 administrativa&#8230;<\/p>\n<p><a href=\"https:\/\/vasevec.info\/komentare\/stacilo-bude-stacit-personalni-druha-liga\">Ji\u0159\u00ed Paroubek<\/a><\/p>\n<p><img decoding=\"async\" loading=\"lazy\" class=\"alignnone size-medium wp-image-2342\" src=\"http:\/\/www.infokuryr.cz\/n\/wp-content\/uploads\/2021\/06\/paroubek-300x208.jpg\" alt=\"\" width=\"300\" height=\"208\" srcset=\"https:\/\/www.infokuryr.cz\/n\/wp-content\/uploads\/2021\/06\/paroubek-300x208.jpg 300w, https:\/\/www.infokuryr.cz\/n\/wp-content\/uploads\/2021\/06\/paroubek.jpg 318w\" sizes=\"(max-width: 300px) 100vw, 300px\" \/><\/p>\n","protected":false},"excerpt":{"rendered":"<p>Kdy\u017e jsem v p\u016fli ledna spolu se sv\u00fdmi spolupracovn\u00edky vyjedn\u00e1val s K. Kone\u010dnou a jej\u00edmi&#8230;<\/p>\n","protected":false},"author":2,"featured_media":75424,"comment_status":"closed","ping_status":"closed","sticky":false,"template":"","format":"standard","meta":[],"categories":[6],"tags":[6720,1503,122,8084],"_links":{"self":[{"href":"https:\/\/www.infokuryr.cz\/n\/wp-json\/wp\/v2\/posts\/75423"}],"collection":[{"href":"https:\/\/www.infokuryr.cz\/n\/wp-json\/wp\/v2\/posts"}],"about":[{"href":"https:\/\/www.infokuryr.cz\/n\/wp-json\/wp\/v2\/types\/post"}],"author":[{"embeddable":true,"href":"https:\/\/www.infokuryr.cz\/n\/wp-json\/wp\/v2\/users\/2"}],"replies":[{"embeddable":true,"href":"https:\/\/www.infokuryr.cz\/n\/wp-json\/wp\/v2\/comments?post=75423"}],"version-history":[{"count":1,"href":"https:\/\/www.infokuryr.cz\/n\/wp-json\/wp\/v2\/posts\/75423\/revisions"}],"predecessor-version":[{"id":75425,"href":"https:\/\/www.infokuryr.cz\/n\/wp-json\/wp\/v2\/posts\/75423\/revisions\/75425"}],"wp:featuredmedia":[{"embeddable":true,"href":"https:\/\/www.infokuryr.cz\/n\/wp-json\/wp\/v2\/media\/75424"}],"wp:attachment":[{"href":"https:\/\/www.infokuryr.cz\/n\/wp-json\/wp\/v2\/media?parent=75423"}],"wp:term":[{"taxonomy":"category","embeddable":true,"href":"https:\/\/www.infokuryr.cz\/n\/wp-json\/wp\/v2\/categories?post=75423"},{"taxonomy":"post_tag","embeddable":true,"href":"https:\/\/www.infokuryr.cz\/n\/wp-json\/wp\/v2\/tags?post=75423"}],"curies":[{"name":"wp","href":"https:\/\/api.w.org\/{rel}","templated":true}]}}