{"id":75419,"date":"2025-04-01T00:16:27","date_gmt":"2025-03-31T22:16:27","guid":{"rendered":"https:\/\/www.infokuryr.cz\/n\/?p=75419"},"modified":"2025-03-31T16:23:02","modified_gmt":"2025-03-31T14:23:02","slug":"otevreny-dopis-statnim-zastupcum-organum-policie-a-politicke-reprezentaci","status":"publish","type":"post","link":"https:\/\/www.infokuryr.cz\/n\/2025\/04\/01\/otevreny-dopis-statnim-zastupcum-organum-policie-a-politicke-reprezentaci\/","title":{"rendered":"Otev\u0159en\u00fd dopis st\u00e1tn\u00edm z\u00e1stupc\u016fm, org\u00e1n\u016fm policie a politick\u00e9 reprezentaci"},"content":{"rendered":"<div id=\"fb-root\"><\/div>\n<div class=\"introtext\">\n<h3><strong>Jak dlouho budeme tolerovat agresi a naru\u0161ov\u00e1n\u00ed ve\u0159ejn\u00e9ho po\u0159\u00e1dku?<\/strong><\/h3>\n<\/div>\n<div class=\"fulltext\">\n<div class=\"x11i5rnm xat24cr x1mh8g0r x1vvkbs xtlvy1s x126k92a\">\n<p dir=\"auto\">V\u00e1\u017een\u00e9 st\u00e1tn\u00ed zastupitelstv\u00ed,<\/p>\n<p dir=\"auto\">v\u00e1\u017een\u00ed p\u0159edstavitel\u00e9 policie,<\/p>\n<p dir=\"auto\">v\u00e1\u017een\u00ed politi\u010dt\u00ed \u010dinitel\u00e9,<\/p>\n<\/div>\n<p dir=\"auto\">je na\u010dase polo\u017eit si z\u00e1sadn\u00ed ot\u00e1zku: Jak dlouho budete bez postihu tolerovat agresivn\u00ed v\u00fdstupy provokat\u00e9r\u016f na ve\u0159ejn\u00fdch shrom\u00e1\u017ed\u011bn\u00edch, kter\u00e1 jsou \u0159\u00e1dn\u011b schv\u00e1lena? Jak dlouho budeme p\u0159ihl\u00ed\u017eet tomu, \u017ee lid\u00e9, kte\u0159\u00ed cht\u011bj\u00ed vyj\u00e1d\u0159it sv\u016fj n\u00e1zor v r\u00e1mci z\u00e1kona, jsou systematicky zastra\u0161ov\u00e1ni, napad\u00e1ni a poni\u017eov\u00e1ni t\u011bmi, kte\u0159\u00ed si n\u00e1rokuj\u00ed pr\u00e1vo na \u201espr\u00e1vn\u00fd\u201c n\u00e1zor a nev\u00e1haj\u00ed jej prosazovat silou?<\/p>\n<p dir=\"auto\">Denn\u011b sledujeme opakovan\u00e9 naru\u0161ov\u00e1n\u00ed pokojn\u00fdch shrom\u00e1\u017ed\u011bn\u00ed \u2013 skupiny agresor\u016f p\u0159ij\u00ed\u017ed\u011bj\u00ed p\u0159es celou republiku jen proto, aby ur\u00e1\u017eely, vyhro\u017eovaly, napadaly \u00fa\u010dastn\u00edky, ni\u010dily majetek po\u0159adatel\u016f a vandalizovaly v\u00fdstavn\u00ed materi\u00e1ly. Pou\u017e\u00edvaj\u00ed vulgarismy, teleskopick\u00e9 obu\u0161ky, pep\u0159ov\u00fd sprej a p\u0159esto se jejich \u010diny m\u00edj\u00ed se z\u00e1konn\u00fdm postihem. V\u0161ichni v\u00edme, \u017ee se jedn\u00e1 o st\u00e1le stejn\u00e9 osoby, kter\u00e9 naru\u0161uj\u00ed ve\u0159ejn\u00fd po\u0159\u00e1dek, ale nam\u00edsto z\u00e1sahu org\u00e1n\u016f \u010dinn\u00fdch v trestn\u00edm \u0159\u00edzen\u00ed se do\u010dk\u00e1vaj\u00ed tich\u00e9ho p\u0159ehl\u00ed\u017een\u00ed.<\/p>\n<h3 dir=\"auto\"><strong>Pro\u010d se toto chov\u00e1n\u00ed toleruje?<\/strong><\/h3>\n<p><img decoding=\"async\" loading=\"lazy\" class=\"aligncenter\" src=\"https:\/\/www.skrytapravda.cz\/images\/blogy\/2951\/2025\/3brezen\/poli%C5%A1_b573e.webp\" alt=\"poli\u0161 b573e\" width=\"981\" height=\"520\" \/><\/p>\n<p dir=\"auto\">Jsou snad tito provokat\u00e9\u0159i n\u011bk\u00fdm chr\u00e1n\u011bni? M\u00e1me v na\u0161\u00ed zemi dvoj\u00ed metr, kdy jedni mohou ve\u0159ejn\u011b vystupovat beze strachu a druz\u00ed \u010del\u00ed agresi, proto\u017ee maj\u00ed jin\u00fd n\u00e1zor? Policie m\u00e1 jasn\u011b stanoven\u00e9 pravomoci a n\u00e1stroje, jak proti tomuto jedn\u00e1n\u00ed zakro\u010dit. Kde jsou ale \u010diny?<\/p>\n<p dir=\"auto\">Z\u00e1kony plat\u00ed pro v\u0161echny stejn\u011b, alespo\u0148 by tomu tak m\u011blo b\u00fdt. Pokud n\u011bkdo soustavn\u011b naru\u0161uje \u0159\u00e1dn\u011b schv\u00e1len\u00e1 shrom\u00e1\u017ed\u011bn\u00ed, je t\u0159eba postupovat podle platn\u00e9 legislativy. P\u0159estupkov\u00e9 \u0159\u00edzen\u00ed? Obvin\u011bn\u00ed z v\u00fdtr\u017enictv\u00ed? Ve\u0159ejn\u00e9 ohro\u017een\u00ed? Jsou tu pr\u00e1vn\u00ed n\u00e1stroje, ale chyb\u00ed v\u016fle je vyu\u017e\u00edt.<\/p>\n<h3 dir=\"auto\"><strong>Jak dlouho je\u0161t\u011b?<\/strong><\/h3>\n<p dir=\"auto\">Jak dlouho je\u0161t\u011b budeme toto organizovan\u00e9 obt\u011b\u017eov\u00e1n\u00ed a zastra\u0161ov\u00e1n\u00ed tolerovat? Jak dlouho bude policie pouze \u201emonitorovat situaci\u201c m\u00edsto toho, aby agresory p\u0159\u00edmo odvedla k odpov\u011bdnosti? Jak dlouho budeme sv\u011bdky ni\u010den\u00ed majetku a fyzick\u00fdch \u00fatok\u016f na po\u0159adatele, kte\u0159\u00ed se provinili pouze t\u00edm, \u017ee uspo\u0159\u00e1dali ve\u0159ejnou akci?<\/p>\n<p dir=\"auto\">Toto nen\u00ed ot\u00e1zka politiky. Toto je ot\u00e1zka z\u00e1konnosti, spravedlnosti a ochrany ob\u010dansk\u00fdch pr\u00e1v. Pokud dovol\u00edme, aby se agresivita a n\u00e1sil\u00ed staly normou, nebude to jen probl\u00e9m \u201et\u011bch druh\u00fdch\u201c. Brzy to m\u016f\u017ee b\u00fdt probl\u00e9m ka\u017ed\u00e9ho z n\u00e1s.<\/p>\n<div class=\"x11i5rnm xat24cr x1mh8g0r x1vvkbs xtlvy1s x126k92a\">\n<p dir=\"auto\">Vyz\u00fdv\u00e1me v\u00e1s, aby byly kone\u010dn\u011b vyvozeny d\u016fsledky. Po\u017eadujeme stejn\u00e9 zach\u00e1zen\u00ed se v\u0161emi ob\u010dany bez ohledu na jejich n\u00e1zor. Pr\u00e1vo nesm\u00ed b\u00fdt selektivn\u00ed. Bez spravedlnosti nen\u00ed demokracie. Za v\u0161echny, kter\u00fdm nen\u00ed lhostejno tohle d\u011bn\u00ed\u2026<\/p>\n<div dir=\"auto\"><em><strong>Matou\u0161 Svoboda<\/strong><\/em><\/div>\n<\/div>\n<\/div>\n<div dir=\"auto\"><\/div>\n<div dir=\"auto\"><\/div>\n","protected":false},"excerpt":{"rendered":"<p>Jak dlouho budeme tolerovat agresi a naru\u0161ov\u00e1n\u00ed ve\u0159ejn\u00e9ho po\u0159\u00e1dku? V\u00e1\u017een\u00e9 st\u00e1tn\u00ed zastupitelstv\u00ed, v\u00e1\u017een\u00ed p\u0159edstavitel\u00e9 policie,&#8230;<\/p>\n","protected":false},"author":2,"featured_media":75420,"comment_status":"closed","ping_status":"closed","sticky":false,"template":"","format":"standard","meta":[],"categories":[6],"tags":[239,1412,86,7008],"_links":{"self":[{"href":"https:\/\/www.infokuryr.cz\/n\/wp-json\/wp\/v2\/posts\/75419"}],"collection":[{"href":"https:\/\/www.infokuryr.cz\/n\/wp-json\/wp\/v2\/posts"}],"about":[{"href":"https:\/\/www.infokuryr.cz\/n\/wp-json\/wp\/v2\/types\/post"}],"author":[{"embeddable":true,"href":"https:\/\/www.infokuryr.cz\/n\/wp-json\/wp\/v2\/users\/2"}],"replies":[{"embeddable":true,"href":"https:\/\/www.infokuryr.cz\/n\/wp-json\/wp\/v2\/comments?post=75419"}],"version-history":[{"count":1,"href":"https:\/\/www.infokuryr.cz\/n\/wp-json\/wp\/v2\/posts\/75419\/revisions"}],"predecessor-version":[{"id":75421,"href":"https:\/\/www.infokuryr.cz\/n\/wp-json\/wp\/v2\/posts\/75419\/revisions\/75421"}],"wp:featuredmedia":[{"embeddable":true,"href":"https:\/\/www.infokuryr.cz\/n\/wp-json\/wp\/v2\/media\/75420"}],"wp:attachment":[{"href":"https:\/\/www.infokuryr.cz\/n\/wp-json\/wp\/v2\/media?parent=75419"}],"wp:term":[{"taxonomy":"category","embeddable":true,"href":"https:\/\/www.infokuryr.cz\/n\/wp-json\/wp\/v2\/categories?post=75419"},{"taxonomy":"post_tag","embeddable":true,"href":"https:\/\/www.infokuryr.cz\/n\/wp-json\/wp\/v2\/tags?post=75419"}],"curies":[{"name":"wp","href":"https:\/\/api.w.org\/{rel}","templated":true}]}}