{"id":75418,"date":"2025-04-01T00:19:31","date_gmt":"2025-03-31T22:19:31","guid":{"rendered":"https:\/\/www.infokuryr.cz\/n\/?p=75418"},"modified":"2025-03-31T16:31:11","modified_gmt":"2025-03-31T14:31:11","slug":"erik-best-nejvyssi-selektivni-zastupkyne","status":"publish","type":"post","link":"https:\/\/www.infokuryr.cz\/n\/2025\/04\/01\/erik-best-nejvyssi-selektivni-zastupkyne\/","title":{"rendered":"Erik Best: Nejvy\u0161\u0161\u00ed selektivn\u00ed z\u00e1stupkyn\u011b"},"content":{"rendered":"<div id=\"fb-root\"><\/div>\n<p>Lenka Brad\u00e1\u010dov\u00e1, kter\u00e1 z\u00edtra nastupuje do funkce nejvy\u0161\u0161\u00ed st\u00e1tn\u00ed z\u00e1stupkyn\u011b, je produktem stejn\u00fdch americk\u00fdch struktur jako\u00a0<a href=\"https:\/\/www.fsfinalword.cz\/?page=archive&amp;show=1&amp;day=2025-3-25\" target=\"_blank\" rel=\"noopener\">prezident Petr Pavel a\u00a0n\u00e1\u010deln\u00edk Gener\u00e1ln\u00edho \u0161t\u00e1bu A\u010cR Karel \u0158ehka<\/a>.<\/p>\n<p>Brad\u00e1\u010dov\u00e1 se na vrchol dostala tvrdou prac\u00ed a\u00a0sv\u00fdmi schopnostmi, ale tak\u00e9 t\u00edm, \u017ee v\u017edy v\u011bd\u011bla, komu se zavd\u011b\u010dit a\u00a0komu j\u00edt po krku. V\u00a0z\u00e1\u0159\u00ed 2019 Petr Fiala nazna\u010dil, \u017ee vl\u00e1da Andreje Babi\u0161e\u00a0<a href=\"https:\/\/www.fsfinalword.cz\/?page=archive&amp;show=1&amp;day=2025-1-9\" target=\"_blank\" rel=\"noopener\">zmanipulovala kauzu \u010cap\u00ed hn\u00edzdo<\/a>\u00a0v\u00a0Babi\u0161\u016fv prosp\u011bch, zat\u00edmco ji Brad\u00e1\u010dov\u00e1 jako pra\u017esk\u00e1 vrchn\u00ed st\u00e1tn\u00ed z\u00e1stupkyn\u011b dozorovala. Nyn\u00ed, kdy\u017e je Fiala u\u00a0moci, vyvst\u00e1vaj\u00ed ot\u00e1zky, pro\u010d Brad\u00e1\u010dov\u00e1 nakonec sejme po 25 letech \u00fadajn\u00fdch kr\u00e1de\u017e\u00ed politicky odstaven\u00e9ho \u0159editele nemocnice, ale k\u00a0lidem napojen\u00fdch na<strong>\u00a0<\/strong>vl\u00e1dn\u00ed koalici je shov\u00edvav\u00e1. Mezi n\u011b pat\u0159\u00ed skute\u010dn\u00ed str\u016fjci kauz\u00a0<a href=\"https:\/\/www.fsfinalword.cz\/?page=archive&amp;show=1&amp;day=2025-1-22\" target=\"_blank\" rel=\"noopener\">Podnikatelsk\u00e1 dru\u017estevn\u00ed z\u00e1lo\u017ena<\/a>,\u00a0<a href=\"https:\/\/www.fsfinalword.cz\/?page=archive&amp;show=1&amp;day=2024-9-25\" target=\"_blank\" rel=\"noopener\">Dozimetr<\/a>,\u00a0<a href=\"https:\/\/www.fsfinalword.cz\/?page=archive&amp;show=1&amp;day=2024-4-2\" target=\"_blank\" rel=\"noopener\">IKEM<\/a>\u00a0a\u00a0Brno-st\u0159ed.<\/p>\n<p>Brad\u00e1\u010dov\u00e1 se na vrchol dostala, jak se zd\u00e1, selektivn\u00ed spravedlnost\u00ed z\u00a0osobn\u00edch a\u00a0geopolitick\u00fdch d\u016fvod\u016f. Te\u010f, kdy\u017e u\u017e je tam a\u00a0priority Spojen\u00fdch st\u00e1t\u016f se posunuly, by \u010desk\u00e1 justice mo\u017en\u00e1 mohla pro zm\u011bnu oslepnout.<\/p>\n<p><a href=\"https:\/\/www.fsfinalword.cz\/?page=archive&amp;day=2025-03-31&amp;utm_source=utm_source%3Dnewsletter&amp;utm_medium=utm_medium%3De-mail&amp;utm_campaign=utm_campaign%3Dfinal_word_31.3.2025\">Erik Best<\/a><\/p>\n<p><img decoding=\"async\" loading=\"lazy\" class=\"alignnone wp-image-1179\" src=\"http:\/\/www.infokuryr.cz\/n\/wp-content\/uploads\/2021\/04\/erik-best.jpg\" alt=\"\" width=\"142\" height=\"160\" \/><\/p>\n<p>&nbsp;<\/p>\n","protected":false},"excerpt":{"rendered":"<p>Lenka Brad\u00e1\u010dov\u00e1, kter\u00e1 z\u00edtra nastupuje do funkce nejvy\u0161\u0161\u00ed st\u00e1tn\u00ed z\u00e1stupkyn\u011b, je produktem stejn\u00fdch americk\u00fdch struktur&#8230;<\/p>\n","protected":false},"author":2,"featured_media":69914,"comment_status":"closed","ping_status":"closed","sticky":false,"template":"","format":"standard","meta":[],"categories":[6],"tags":[8808,1503,8806,8807],"_links":{"self":[{"href":"https:\/\/www.infokuryr.cz\/n\/wp-json\/wp\/v2\/posts\/75418"}],"collection":[{"href":"https:\/\/www.infokuryr.cz\/n\/wp-json\/wp\/v2\/posts"}],"about":[{"href":"https:\/\/www.infokuryr.cz\/n\/wp-json\/wp\/v2\/types\/post"}],"author":[{"embeddable":true,"href":"https:\/\/www.infokuryr.cz\/n\/wp-json\/wp\/v2\/users\/2"}],"replies":[{"embeddable":true,"href":"https:\/\/www.infokuryr.cz\/n\/wp-json\/wp\/v2\/comments?post=75418"}],"version-history":[{"count":0,"href":"https:\/\/www.infokuryr.cz\/n\/wp-json\/wp\/v2\/posts\/75418\/revisions"}],"wp:featuredmedia":[{"embeddable":true,"href":"https:\/\/www.infokuryr.cz\/n\/wp-json\/wp\/v2\/media\/69914"}],"wp:attachment":[{"href":"https:\/\/www.infokuryr.cz\/n\/wp-json\/wp\/v2\/media?parent=75418"}],"wp:term":[{"taxonomy":"category","embeddable":true,"href":"https:\/\/www.infokuryr.cz\/n\/wp-json\/wp\/v2\/categories?post=75418"},{"taxonomy":"post_tag","embeddable":true,"href":"https:\/\/www.infokuryr.cz\/n\/wp-json\/wp\/v2\/tags?post=75418"}],"curies":[{"name":"wp","href":"https:\/\/api.w.org\/{rel}","templated":true}]}}