{"id":75371,"date":"2025-03-31T06:38:28","date_gmt":"2025-03-31T04:38:28","guid":{"rendered":"https:\/\/www.infokuryr.cz\/n\/?p=75371"},"modified":"2025-03-31T06:38:28","modified_gmt":"2025-03-31T04:38:28","slug":"trump-zelenskemu-vyhrozuje-velkymi-problemy","status":"publish","type":"post","link":"https:\/\/www.infokuryr.cz\/n\/2025\/03\/31\/trump-zelenskemu-vyhrozuje-velkymi-problemy\/","title":{"rendered":"Trump Zelensk\u00e9mu vyhro\u017euje \u201evelk\u00fdmi probl\u00e9my\u201c"},"content":{"rendered":"<div id=\"fb-root\"><\/div>\n<h3>Americk\u00fd prezident varoval Kyjev, aby \u201eneodstupoval\u201c od dohody o vz\u00e1cn\u00fdch zemin\u00e1ch s Washingtonem<\/h3>\n<p data-start=\"245\" data-end=\"402\"><span>Americk\u00fd prezident Donald Trump varoval Vladimira Zelensk\u00e9ho, aby si dvakr\u00e1t rozmyslel, ne\u017e odm\u00edtne posledn\u00ed verzi Washingtonem navrhovan\u00e9 dohody o nerostn\u00fdch surovin\u00e1ch \u2013 ji\u017e mnohem tvrd\u0161\u00ed ne\u017e d\u0159\u00edv\u011bj\u0161\u00ed n\u00e1vrh, kter\u00fd vykolejil v\u00fdbuch ukrajinsk\u00e9ho v\u016fdce v B\u00edl\u00e9m dom\u011b.<\/span><\/p>\n<p data-start=\"656\" data-end=\"1018\"><span>Trump opakovan\u011b po\u017eadoval, aby Kyjev uhradil podle n\u011bj stovky miliard dolar\u016f americk\u00e9 pomoci prost\u0159ednictv\u00edm ukrajinsk\u00e9ho nerostn\u00e9ho bohatstv\u00ed, p\u016fvodn\u011b zam\u011b\u0159en\u00e9ho na\u00a0<\/span><em><span>\u201evz\u00e1cn\u00e9 zeminy\u201c.<\/span><\/em><span>\u00a0P\u0159edchoz\u00ed verze dohody m\u011bla b\u00fdt podeps\u00e1na za\u010d\u00e1tkem b\u0159ezna, ale byla n\u00e1hle sta\u017eena pot\u00e9, co se Zelenskij ve\u0159ejn\u011b st\u0159etl s Trumpem a viceprezidentem JD Vancem b\u011bhem setk\u00e1n\u00ed v Ov\u00e1ln\u00e9 pracovn\u011b.<\/span><\/p>\n<p data-start=\"1020\" data-end=\"1198\"><span>Pot\u00e9, co Trump do\u010dasn\u011b zmrazil ve\u0161kerou vojenskou pomoc a sd\u00edlen\u00ed zpravodajsk\u00fdch informac\u00ed s Kyjevem, Zelenskij nazna\u010dil ochotu vr\u00e1tit se k jedn\u00e1n\u00ed, p\u0159i\u010dem\u017e st\u00e1le trv\u00e1 na tom, \u017ee Kyjev\u00a0Washingtonu nic\u00a0<\/span><em><span>\u201enedlu\u017e\u00ed\u201c .<\/span><\/em><\/p>\n<p data-start=\"1020\" data-end=\"1198\"><span>Zelenskij v p\u00e1tek potvrdil, \u017ee Ukrajina obdr\u017eela nov\u00fd n\u00e1vrh, ale tvrdil, \u017ee\u00a0\u00a0<\/span><em><span>&#8222;je spousta v\u011bc\u00ed, o kter\u00fdch se p\u0159edt\u00edm nediskutovalo. A tak\u00e9 n\u011bkter\u00e9 v\u011bci, kter\u00e9 strany p\u0159edt\u00edm odm\u00edtly\u00a0<\/span><\/em><em><span>.&#8220;<\/span><\/em><\/p>\n<div class=\"rtcode\">\n<div class=\"twitter-tweet twitter-tweet-rendered\"><iframe id=\"twitter-widget-0\" class=\"\" title=\"X Post\" src=\"https:\/\/platform.twitter.com\/embed\/Tweet.html?creatorScreenName=RT_com&amp;dnt=false&amp;embedId=twitter-widget-0&amp;features=eyJ0ZndfdGltZWxpbmVfbGlzdCI6eyJidWNrZXQiOltdLCJ2ZXJzaW9uIjpudWxsfSwidGZ3X2ZvbGxvd2VyX2NvdW50X3N1bnNldCI6eyJidWNrZXQiOnRydWUsInZlcnNpb24iOm51bGx9LCJ0ZndfdHdlZXRfZWRpdF9iYWNrZW5kIjp7ImJ1Y2tldCI6Im9uIiwidmVyc2lvbiI6bnVsbH0sInRmd19yZWZzcmNfc2Vzc2lvbiI6eyJidWNrZXQiOiJvbiIsInZlcnNpb24iOm51bGx9LCJ0ZndfZm9zbnJfc29mdF9pbnRlcnZlbnRpb25zX2VuYWJsZWQiOnsiYnVja2V0Ijoib24iLCJ2ZXJzaW9uIjpudWxsfSwidGZ3X21peGVkX21lZGlhXzE1ODk3Ijp7ImJ1Y2tldCI6InRyZWF0bWVudCIsInZlcnNpb24iOm51bGx9LCJ0ZndfZXhwZXJpbWVudHNfY29va2llX2V4cGlyYXRpb24iOnsiYnVja2V0IjoxMjA5NjAwLCJ2ZXJzaW9uIjpudWxsfSwidGZ3X3Nob3dfYmlyZHdhdGNoX3Bpdm90c19lbmFibGVkIjp7ImJ1Y2tldCI6Im9uIiwidmVyc2lvbiI6bnVsbH0sInRmd19kdXBsaWNhdGVfc2NyaWJlc190b19zZXR0aW5ncyI6eyJidWNrZXQiOiJvbiIsInZlcnNpb24iOm51bGx9LCJ0ZndfdXNlX3Byb2ZpbGVfaW1hZ2Vfc2hhcGVfZW5hYmxlZCI6eyJidWNrZXQiOiJvbiIsInZlcnNpb24iOm51bGx9LCJ0ZndfdmlkZW9faGxzX2R5bmFtaWNfbWFuaWZlc3RzXzE1MDgyIjp7ImJ1Y2tldCI6InRydWVfYml0cmF0ZSIsInZlcnNpb24iOm51bGx9LCJ0ZndfbGVnYWN5X3RpbWVsaW5lX3N1bnNldCI6eyJidWNrZXQiOnRydWUsInZlcnNpb24iOm51bGx9LCJ0ZndfdHdlZXRfZWRpdF9mcm9udGVuZCI6eyJidWNrZXQiOiJvbiIsInZlcnNpb24iOm51bGx9fQ%3D%3D&amp;frame=false&amp;hideCard=false&amp;hideThread=false&amp;id=1906513840780526080&amp;lang=cs&amp;origin=https%3A%2F%2Fwww.rt.com%2Fnews%2F614991-trmp-zelensky-big-problems%2F&amp;sessionId=559b8ed8efa5003361fdcb976e1f26d5d31d57e4&amp;siteScreenName=RT_com&amp;theme=light&amp;widgetsVersion=2615f7e52b7e0%3A1702314776716&amp;width=550px\" frameborder=\"0\" scrolling=\"no\" allowfullscreen=\"allowfullscreen\" data-tweet-id=\"1906513840780526080\" data-mce-fragment=\"1\"><\/iframe><\/div>\n<\/div>\n<p data-start=\"1020\" data-end=\"1198\"><span>Trump v reakci na to obvinil Zelensk\u00e9ho, \u017ee se ve sv\u00fdch ned\u011bln\u00edch pozn\u00e1mk\u00e1ch k report\u00e9r\u016fm na palub\u011b Air Force One sna\u017e\u00ed odstoupit od navrhovan\u00e9 dohody, jak uvedla agentura Reuters.<\/span><\/p>\n<p><strong><em><span>Zelenskyj, mimochodem&#8230; Vid\u00edm, \u017ee se sna\u017e\u00ed vycouvat z dohody o vz\u00e1cn\u00fdch zemin\u00e1ch, a pokud to ud\u011bl\u00e1, m\u00e1 n\u011bjak\u00e9 probl\u00e9my \u2013 velk\u00e9, velk\u00e9 probl\u00e9my.<\/span><\/em>\u00a0<\/strong><\/p>\n<p data-start=\"1514\" data-end=\"1700\"><em><span>&#8222;Uzav\u0159eli jsme dohodu o vz\u00e1cn\u00fdch zemin\u00e1ch. A te\u010f \u0159\u00edk\u00e1: &#8218;No, v\u00ed\u0161, chci znovu vyjednat&#8217;&#8230; Pokud chce dohodu vyjednat, m\u00e1 velk\u00e9 probl\u00e9my,&#8220;<\/span><\/em><span>\u00a0dodal americk\u00fd prezident.<\/span><\/p>\n<p data-start=\"1967\" data-end=\"2104\"><span>Trump tak\u00e9 zopakoval, \u017ee Ukrajina by se m\u011bla vzd\u00e1t sv\u00fdch aspirac\u00ed na vstup do NATO.\u00a0\u00a0<\/span><em><span>&#8222;Chce b\u00fdt \u010dlenem NATO, ale nikdy nebude \u010dlenem NATO,&#8220;<\/span><\/em><span>\u00a0\u0159ekl Trump a dodal, \u017ee i Zelenskij\u00a0<\/span><em><span>&#8222;to ch\u00e1pe.&#8220;<\/span><\/em><\/p>\n<p data-start=\"2106\" data-end=\"2478\"><span>Podle agentury Reuters je nejnov\u011bj\u0161\u00ed verze dohody o miner\u00e1lech v\u00fdrazn\u011b tvrd\u0161\u00ed ne\u017e d\u0159\u00edv\u011bj\u0161\u00ed iterace. Podle navrhovan\u00fdch podm\u00ednek by USA z\u00edskaly zp\u011bt ve\u0161kerou pomoc poskytnutou Ukrajin\u011b od eskalace jej\u00edho konfliktu s Ruskem v roce 2022 a uvalily by na celkovou \u010d\u00e1stku 4% ro\u010dn\u00ed \u00farokovou sazbu, ne\u017e by Kyjev mohl z\u00edskat p\u0159\u00edstup k jak\u00e9mukoli zisku ze spole\u010dn\u00e9ho t\u011b\u017eebn\u00edho fondu.<\/span><\/p>\n<p data-start=\"2480\" data-end=\"2710\"><span>Podle \u00fadaj\u016f n\u011bmeck\u00e9ho Kielsk\u00e9ho institutu USA od roku 2022 p\u0159id\u011blily Ukrajin\u011b v\u00edce ne\u017e 123 miliard dolar\u016f na vojenskou a finan\u010dn\u00ed pomoc. Trump v\u0161ak tvrd\u00ed, \u017ee skute\u010dn\u00e9 n\u00e1klady pro Washington p\u0159es\u00e1hly 300 miliard dolar\u016f.<\/span><\/p>\n<p data-start=\"2480\" data-end=\"2710\"><img decoding=\"async\" loading=\"lazy\" class=\"alignnone size-full wp-image-71983\" src=\"http:\/\/www.infokuryr.cz\/n\/wp-content\/uploads\/2025\/02\/aaa.jpg\" alt=\"\" width=\"89\" height=\"23\" \/><\/p>\n<p data-start=\"2480\" data-end=\"2710\">\n","protected":false},"excerpt":{"rendered":"<p>Americk\u00fd prezident varoval Kyjev, aby \u201eneodstupoval\u201c od dohody o vz\u00e1cn\u00fdch zemin\u00e1ch s Washingtonem Americk\u00fd prezident&#8230;<\/p>\n","protected":false},"author":2,"featured_media":75372,"comment_status":"closed","ping_status":"closed","sticky":false,"template":"","format":"standard","meta":[],"categories":[7],"tags":[924,4134,452,26,1402],"_links":{"self":[{"href":"https:\/\/www.infokuryr.cz\/n\/wp-json\/wp\/v2\/posts\/75371"}],"collection":[{"href":"https:\/\/www.infokuryr.cz\/n\/wp-json\/wp\/v2\/posts"}],"about":[{"href":"https:\/\/www.infokuryr.cz\/n\/wp-json\/wp\/v2\/types\/post"}],"author":[{"embeddable":true,"href":"https:\/\/www.infokuryr.cz\/n\/wp-json\/wp\/v2\/users\/2"}],"replies":[{"embeddable":true,"href":"https:\/\/www.infokuryr.cz\/n\/wp-json\/wp\/v2\/comments?post=75371"}],"version-history":[{"count":0,"href":"https:\/\/www.infokuryr.cz\/n\/wp-json\/wp\/v2\/posts\/75371\/revisions"}],"wp:featuredmedia":[{"embeddable":true,"href":"https:\/\/www.infokuryr.cz\/n\/wp-json\/wp\/v2\/media\/75372"}],"wp:attachment":[{"href":"https:\/\/www.infokuryr.cz\/n\/wp-json\/wp\/v2\/media?parent=75371"}],"wp:term":[{"taxonomy":"category","embeddable":true,"href":"https:\/\/www.infokuryr.cz\/n\/wp-json\/wp\/v2\/categories?post=75371"},{"taxonomy":"post_tag","embeddable":true,"href":"https:\/\/www.infokuryr.cz\/n\/wp-json\/wp\/v2\/tags?post=75371"}],"curies":[{"name":"wp","href":"https:\/\/api.w.org\/{rel}","templated":true}]}}