{"id":75369,"date":"2025-03-31T06:16:31","date_gmt":"2025-03-31T04:16:31","guid":{"rendered":"https:\/\/www.infokuryr.cz\/n\/?p=75369"},"modified":"2025-03-31T06:16:31","modified_gmt":"2025-03-31T04:16:31","slug":"pariz-obvinuje-usa-z-vmesovani-do-politiky-dei-francouzskych-firem","status":"publish","type":"post","link":"https:\/\/www.infokuryr.cz\/n\/2025\/03\/31\/pariz-obvinuje-usa-z-vmesovani-do-politiky-dei-francouzskych-firem\/","title":{"rendered":"Pa\u0159\u00ed\u017e obvi\u0148uje USA z \u201evm\u011b\u0161ov\u00e1n\u00ed\u201c do politiky DEI francouzsk\u00fdch firem"},"content":{"rendered":"<div id=\"fb-root\"><\/div>\n<h3>Washington po\u017e\u00e1dal spole\u010dnosti, kter\u00e9 spolupracuj\u00ed s americkou vl\u00e1dou, aby upustily od sv\u00fdch program\u016f diverzity<\/h3>\n<p><span>Francouzsk\u00e9 ministerstvo zahrani\u010dn\u00edho obchodu odsoudilo \u017e\u00e1dost Washingtonu, aby francouzsk\u00e9 spole\u010dnosti spolupracuj\u00edc\u00ed s americkou vl\u00e1dou odstranily sv\u00e9 programy diverzity, spravedlnosti a inkluze (DEI), a\u00a0v sobotn\u00edm prohl\u00e1\u0161en\u00ed pro AFP to ozna\u010dilo za\u00a0<\/span><em><span>\u201enep\u0159ijateln\u00e9 zasahov\u00e1n\u00ed\u201c .<\/span><\/em><\/p>\n<p><span>Prohl\u00e1\u0161en\u00ed p\u0159i\u0161lo pot\u00e9, co francouzsk\u00e1 m\u00e9dia informovala, \u017ee americk\u00e1 ambas\u00e1da v Pa\u0159\u00ed\u017ei rozeslala dopisy n\u011bkolika spole\u010dnostem, v nich\u017e je vyzvala, aby ukon\u010dily vnit\u0159n\u00ed antidiskrimina\u010dn\u00ed politiku. \u017d\u00e1dost n\u00e1sleduje po lednov\u00e9m exekutivn\u00edm na\u0159\u00edzen\u00ed americk\u00e9ho prezidenta Donalda Trumpa zam\u011b\u0159en\u00e9ho na odstran\u011bn\u00ed iniciativ DEI nap\u0159\u00ed\u010d feder\u00e1ln\u00edmi agenturami a dodavateli.<\/span><\/p>\n<p><span>Podle Le Figaro dostaly francouzsk\u00e9 firmy spolupracuj\u00edc\u00ed s USA p\u011bt dn\u00ed na to, aby zru\u0161ily sv\u00e9 DEI nebo p\u00edsemn\u011b vysv\u011btlily, pro\u010d nemohly. Ka\u017ed\u00fd dopis \u00fadajn\u011b obsahoval\u00a0<\/span><em><span>\u201eformul\u00e1\u0159 shody\u201c<\/span><\/em><span>\u00a0a varoval, \u017ee nespln\u011bn\u00ed nov\u00fdch po\u017eadavk\u016f m\u016f\u017ee m\u00edt za n\u00e1sledek vy\u0161\u0161\u00ed cla nebo dokonce ukon\u010den\u00ed smluv s vl\u00e1dou USA.<\/span><\/p>\n<p><em><span>&#8222;Americk\u00e9 zasahov\u00e1n\u00ed do politik DEI francouzsk\u00fdch spole\u010dnost\u00ed, jako jsou hrozby neod\u016fvodn\u011bn\u00fdch cel, je nep\u0159ijateln\u00e9,&#8220;<\/span><\/em><span>\u00a0uvedlo francouzsk\u00e9 ministerstvo obchodu AFP.\u00a0<\/span><em><span>&#8222;Francie a Evropa budou br\u00e1nit sv\u00e9 podniky, sv\u00e9 spot\u0159ebitele, ale tak\u00e9 sv\u00e9 hodnoty.&#8220;<\/span><\/em><\/p>\n<p><span>Zat\u00edmco americk\u00e1 ambas\u00e1da \u017e\u00e1dost nepotvrdila, francouzsk\u00e9 ministerstvo hospod\u00e1\u0159stv\u00ed odhadlo, \u017ee ozn\u00e1men\u00ed mohly obdr\u017eet\u00a0<\/span><em><span>\u201edes\u00edtky\u201c<\/span><\/em><span>\u00a0spole\u010dnost\u00ed, v\u010detn\u011b \u0159ady telekomunika\u010dn\u00edch firem.<\/span><\/p>\n<p><span>Vysok\u00fd \u00fa\u0159edn\u00edk ministerstva financ\u00ed d\u0159\u00edve listu Le Figaro \u0159ekl, \u017ee a\u010dkoli zm\u011bny\u00a0<\/span><em><span>\u201eodr\u00e1\u017eej\u00ed hodnoty nov\u00e9 americk\u00e9 vl\u00e1dy\u201c,<\/span><\/em><span>\u00a0tyto hodnoty\u00a0<\/span><em><span>\u201enejsou na\u0161e\u201c.<\/span><\/em><span>\u00a0Francouzsk\u00fd ministr hospod\u00e1\u0159stv\u00ed Eric Lombard \u00fadajn\u011b hodl\u00e1 v\u011bc projednat se sv\u00fdmi americk\u00fdmi prot\u011bj\u0161ky.<\/span><\/p>\n<p><span>Od sv\u00e9ho n\u00e1stupu do \u00fa\u0159adu podepsal Trump n\u011bkolik v\u00fdkonn\u00fdch na\u0159\u00edzen\u00ed zam\u011b\u0159en\u00fdch na iniciativy DEI a tvrd\u00ed, \u017ee takov\u00e9 programy podporuj\u00ed diskriminaci. I kdy\u017e nem\u016f\u017ee pr\u00e1vn\u011b donutit soukrom\u00e9 firmy, aby se pod\u0159\u00eddily, administrativa tla\u010dila na dodavatele, aby se p\u0159izp\u016fsobili feder\u00e1ln\u00ed politice. Velk\u00e9 americk\u00e9 spole\u010dnosti, jako je Amazon, Walmart, Meta a Ford, ji\u017e v reakci na nov\u00e1 pravidla iniciativy DEI bu\u010f omezily, nebo zru\u0161ily.<\/span><\/p>\n<p><img decoding=\"async\" loading=\"lazy\" class=\"alignnone size-full wp-image-71983\" src=\"http:\/\/www.infokuryr.cz\/n\/wp-content\/uploads\/2025\/02\/aaa.jpg\" alt=\"\" width=\"89\" height=\"23\" \/><\/p>\n<p>&nbsp;<\/p>\n","protected":false},"excerpt":{"rendered":"<p>Washington po\u017e\u00e1dal spole\u010dnosti, kter\u00e9 spolupracuj\u00ed s americkou vl\u00e1dou, aby upustily od sv\u00fdch program\u016f diverzity Francouzsk\u00e9&#8230;<\/p>\n","protected":false},"author":2,"featured_media":75370,"comment_status":"closed","ping_status":"closed","sticky":false,"template":"","format":"standard","meta":[],"categories":[7],"tags":[8801,130,206,37],"_links":{"self":[{"href":"https:\/\/www.infokuryr.cz\/n\/wp-json\/wp\/v2\/posts\/75369"}],"collection":[{"href":"https:\/\/www.infokuryr.cz\/n\/wp-json\/wp\/v2\/posts"}],"about":[{"href":"https:\/\/www.infokuryr.cz\/n\/wp-json\/wp\/v2\/types\/post"}],"author":[{"embeddable":true,"href":"https:\/\/www.infokuryr.cz\/n\/wp-json\/wp\/v2\/users\/2"}],"replies":[{"embeddable":true,"href":"https:\/\/www.infokuryr.cz\/n\/wp-json\/wp\/v2\/comments?post=75369"}],"version-history":[{"count":0,"href":"https:\/\/www.infokuryr.cz\/n\/wp-json\/wp\/v2\/posts\/75369\/revisions"}],"wp:featuredmedia":[{"embeddable":true,"href":"https:\/\/www.infokuryr.cz\/n\/wp-json\/wp\/v2\/media\/75370"}],"wp:attachment":[{"href":"https:\/\/www.infokuryr.cz\/n\/wp-json\/wp\/v2\/media?parent=75369"}],"wp:term":[{"taxonomy":"category","embeddable":true,"href":"https:\/\/www.infokuryr.cz\/n\/wp-json\/wp\/v2\/categories?post=75369"},{"taxonomy":"post_tag","embeddable":true,"href":"https:\/\/www.infokuryr.cz\/n\/wp-json\/wp\/v2\/tags?post=75369"}],"curies":[{"name":"wp","href":"https:\/\/api.w.org\/{rel}","templated":true}]}}