{"id":75327,"date":"2025-03-31T00:21:08","date_gmt":"2025-03-30T22:21:08","guid":{"rendered":"https:\/\/www.infokuryr.cz\/n\/?p=75327"},"modified":"2025-03-30T15:48:56","modified_gmt":"2025-03-30T13:48:56","slug":"houthis-zautocili-na-americkou-letadlovou-lod-v-rudem-mori-trikrat-behem-24-hodin","status":"publish","type":"post","link":"https:\/\/www.infokuryr.cz\/n\/2025\/03\/31\/houthis-zautocili-na-americkou-letadlovou-lod-v-rudem-mori-trikrat-behem-24-hodin\/","title":{"rendered":"Houthis za\u00fato\u010dili na americkou letadlovou lo\u010f v Rud\u00e9m mo\u0159i t\u0159ikr\u00e1t b\u011bhem 24 hodin"},"content":{"rendered":"<div id=\"fb-root\"><\/div>\n<p><strong>H\u00fas\u00edov\u00e9 (Ansar Allah) v Jemenu 30. b\u0159ezna ozn\u00e1mili, \u017ee b\u011bhem posledn\u00edch 24 hodin provedli v Rud\u00e9m mo\u0159i t\u0159i \u00fatoky proti letadlov\u00e9 lodi USS Harry S. Truman a dal\u0161\u00edm v\u00e1le\u010dn\u00fdm lod\u00edm n\u00e1mo\u0159nictva Spojen\u00fdch st\u00e1t\u016f.<\/strong><\/p>\n<p>V prohl\u00e1\u0161en\u00ed vojensk\u00fd mluv\u010d\u00ed skupiny, brig\u00e1dn\u00ed gener\u00e1l Yahya Saree, uvedl, \u017ee \u00fadern\u00e1 skupina byla ter\u010dem \u0159\u00edzen\u00fdch st\u0159el a sebevra\u017eedn\u00fdch dron\u016f.<\/p>\n<p><em>\u201e[Jemensk\u00e9] ozbrojen\u00e9 s\u00edly vzd\u00e1vaj\u00ed hold sv\u00fdm hrdinsk\u00fdm mud\u017eahed\u00edn\u016fm ve v\u0161ech sv\u00fdch \u0159ad\u00e1ch&#8230; kdy\u017e pln\u00ed sv\u00e9 n\u00e1bo\u017eensk\u00e9, humanit\u00e1rn\u00ed a mor\u00e1ln\u00ed povinnosti p\u0159i obran\u011b svobodn\u00e9ho a nez\u00e1visl\u00e9ho Jemenu a na podporu utla\u010dovan\u00e9ho palestinsk\u00e9ho lidu,\u201c uvedl mluv\u010d\u00ed.<\/em><\/p>\n<p><em>\u201eOzbrojen\u00e9 s\u00edly prohla\u0161uj\u00ed, \u017ee se spol\u00e9h\u00e1n\u00edm na Boha budou pokra\u010dovat v rozvoji sv\u00fdch obrann\u00fdch operac\u00ed a konfrontovat eskalaci s eskalac\u00ed\u2026 neustoup\u00ed od podpory utla\u010dovan\u00e9ho palestinsk\u00e9ho lidu, dokud se agrese proti Gaze nezastav\u00ed a oble\u017een\u00ed nebude zru\u0161eno,\u201c dodal.<\/em><\/p>\n<p>Nen\u00ed jasn\u00e9, zda byl n\u011bkter\u00fd z \u00fatok\u016f \u00fasp\u011b\u0161n\u00fd. \u00dast\u0159edn\u00ed velitelstv\u00ed USA (CENTCOM), kter\u00e9 je odpov\u011bdn\u00e9 za americk\u00e9 vojensk\u00e9 operace na Bl\u00edzk\u00e9m v\u00fdchod\u011b, obvykle podrobnosti o takov\u00fdch z\u00e1le\u017eitostech neuv\u00e1d\u00ed.<\/p>\n<p>CENTCOM obnovil \u00fadery proti oblastem kontrolovan\u00fdm H\u00fas\u00edy v Jemenu 15. b\u0159ezna na p\u0159\u00edkaz americk\u00e9ho prezidenta Donalda Trumpa, kter\u00fd uvedl, \u017ee rozs\u00e1hl\u00e1 operace byla zah\u00e1jena v reakci na obnoven\u00e9 \u00fatoky skupiny na lodn\u00ed dopravu v Rud\u00e9m mo\u0159i.<\/p>\n<p>P\u0159es noc televize Al-Masirah, kterou provozuj\u00ed H\u00fas\u00edov\u00e9, informovala o dal\u0161\u00edch americk\u00fdch \u00faderech na Jemen. Podle zpravodajsk\u00e9ho kan\u00e1lu zas\u00e1hly t\u0159i \u00fadery horskou oblast D\u017eabal an Nabi \u0160uajb pobl\u00ed\u017e hlavn\u00edho m\u011bsta San\u00e1. Dev\u011bt dal\u0161\u00edch \u00fader\u016f zas\u00e1hlo severn\u00ed provincii Sadaa, srdce H\u00fas\u00ed\u016f, zam\u011b\u0159en\u00e9 na okres al-Salem, v\u00fdchodn\u00ed p\u0159edm\u011bst\u00ed m\u011bsta Saada a oblast al-Asayed v okrese Kitaf. Nebyly hl\u00e1\u0161eny \u017e\u00e1dn\u00e9 ob\u011bti.<\/p>\n<p>Rozs\u00e1hl\u00e1 americk\u00e1 operace si zat\u00edm vy\u017e\u00e1dala \u017eivoty asi 57 lid\u00ed, v\u010detn\u011b velitel\u016f H\u00fas\u00ed\u016f a civilist\u016f.<\/p>\n<p>Navzdory ur\u010dit\u00fdm ztr\u00e1t\u00e1m z\u016fst\u00e1vaj\u00ed H\u00fas\u00edov\u00e9 nespoutan\u00ed, jak je patrn\u00e9 z jejich posledn\u00edch \u00fatok\u016f. To by mohlo USA p\u0159im\u011bt k je\u0161t\u011b v\u011bt\u0161\u00ed eskalaci.<\/p>\n<p><img decoding=\"async\" loading=\"lazy\" class=\"alignnone size-full wp-image-71983\" src=\"http:\/\/www.infokuryr.cz\/n\/wp-content\/uploads\/2025\/02\/aaa.jpg\" alt=\"\" width=\"89\" height=\"23\" \/><\/p>\n<p>&nbsp;<\/p>\n","protected":false},"excerpt":{"rendered":"<p>H\u00fas\u00edov\u00e9 (Ansar Allah) v Jemenu 30. b\u0159ezna ozn\u00e1mili, \u017ee b\u011bhem posledn\u00edch 24 hodin provedli v&#8230;<\/p>\n","protected":false},"author":2,"featured_media":42510,"comment_status":"closed","ping_status":"closed","sticky":false,"template":"","format":"standard","meta":[],"categories":[7],"tags":[6184,1400,3399,37,1863],"_links":{"self":[{"href":"https:\/\/www.infokuryr.cz\/n\/wp-json\/wp\/v2\/posts\/75327"}],"collection":[{"href":"https:\/\/www.infokuryr.cz\/n\/wp-json\/wp\/v2\/posts"}],"about":[{"href":"https:\/\/www.infokuryr.cz\/n\/wp-json\/wp\/v2\/types\/post"}],"author":[{"embeddable":true,"href":"https:\/\/www.infokuryr.cz\/n\/wp-json\/wp\/v2\/users\/2"}],"replies":[{"embeddable":true,"href":"https:\/\/www.infokuryr.cz\/n\/wp-json\/wp\/v2\/comments?post=75327"}],"version-history":[{"count":0,"href":"https:\/\/www.infokuryr.cz\/n\/wp-json\/wp\/v2\/posts\/75327\/revisions"}],"wp:featuredmedia":[{"embeddable":true,"href":"https:\/\/www.infokuryr.cz\/n\/wp-json\/wp\/v2\/media\/42510"}],"wp:attachment":[{"href":"https:\/\/www.infokuryr.cz\/n\/wp-json\/wp\/v2\/media?parent=75327"}],"wp:term":[{"taxonomy":"category","embeddable":true,"href":"https:\/\/www.infokuryr.cz\/n\/wp-json\/wp\/v2\/categories?post=75327"},{"taxonomy":"post_tag","embeddable":true,"href":"https:\/\/www.infokuryr.cz\/n\/wp-json\/wp\/v2\/tags?post=75327"}],"curies":[{"name":"wp","href":"https:\/\/api.w.org\/{rel}","templated":true}]}}