{"id":75312,"date":"2025-03-31T00:14:53","date_gmt":"2025-03-30T22:14:53","guid":{"rendered":"https:\/\/www.infokuryr.cz\/n\/?p=75312"},"modified":"2025-03-30T14:38:40","modified_gmt":"2025-03-30T12:38:40","slug":"mark-carney-zazene-kanadu-do-klimaticke-diktatury","status":"publish","type":"post","link":"https:\/\/www.infokuryr.cz\/n\/2025\/03\/31\/mark-carney-zazene-kanadu-do-klimaticke-diktatury\/","title":{"rendered":"Mark Carney za\u017eene Kanadu do klimatick\u00e9 diktatury"},"content":{"rendered":"<div id=\"fb-root\"><\/div>\n<p><strong><span>Justin Trudeau ode\u0161el, p\u0159i\u0161el Mark Carney. A Kanada? To jde pravd\u011bpodobn\u011b z p\u00e1nve do ohn\u011b. Po Schwabov\u011b loutce se stal premi\u00e9rem dal\u0161\u00ed zelen\u00fd globalista. Katastrof\u00e1ln\u00ed agenda s nulovou \u010distotou v jejich zavazadlech. Budou Kana\u010fan\u00e9 letos hlasovat je\u0161t\u011b hloub\u011bji do dystopie?<\/span><\/strong><\/p>\n<p><span>Kanada stoj\u00ed p\u0159ed zlomem \u2013 a zav\u00e1n\u00ed drah\u00fdm bankovn\u00edm parf\u00e9mem a zelen\u00fdm globalismem. Mark Carney,\u00a0<\/span><a href=\"https:\/\/report24.news\/vom-banker-zum-premier-globalist-carney-uebernimmt-kanadas-ruder\/\"><span>nov\u011b korunovan\u00fd premi\u00e9r zem\u011b<\/span><\/a><span>\u00a0, p\u0159evzal moc d\u00edky sv\u00e9 Liber\u00e1ln\u00ed stran\u011b. Mu\u017e, kter\u00fd povstal z elitn\u00edch s\u00e1l\u016f Goldman Sachs, Bank of England a tajn\u00fdch kruh\u016f mezin\u00e1rodn\u00edch financ\u00ed, nyn\u00ed slibuje, \u017ee povede Kanadu k budoucnosti \u201e\u010dist\u00e9 nuly\u201c. Za hladkou fas\u00e1dou absolventa Harvardu a Oxfordu se ale skr\u00fdv\u00e1 pl\u00e1n, kter\u00fd pravd\u011bpodobn\u011b neobohat\u00ed ani tak oby\u010dejnou kanadskou, ale sp\u00ed\u0161e glob\u00e1ln\u00ed elitu. Dan Fournier (\u00a0<\/span><a href=\"https:\/\/expose-news.com\/2025\/03\/24\/carney-will-impose-climate-change-scam\/\"><span>p\u0159e\u010dt\u011bte si jeho velmi dlouhou esej o Carneym zde<\/span><\/a><span> ), kritick\u00fd pozorovatel, to trefn\u011b \u0159\u00edk\u00e1: \u201eCarney stoj\u00ed v \u010dele kultovn\u00edho k\u0159\u00ed\u017eov\u00e9ho ta\u017een\u00ed za agendu nulov\u00e9 s\u00edt\u011b.\u201c Co to znamen\u00e1 pro zemi, kter\u00e1 u\u017e tak st\u00e9n\u00e1 pod ekonomick\u00fdm tlakem?<\/span><\/p>\n<h3 id=\"h-vom-bankentisch-zum-regierungssessel\" class=\"wp-block-heading\"><span>Od bankovn\u00edho stolu a\u017e po vl\u00e1dn\u00ed k\u0159eslo<\/span><\/h3>\n<p><span>Carneyho kari\u00e9ra se \u010dte jako sc\u00e9n\u00e1\u0159 k finan\u010dn\u00edmu thrilleru. Tento 18let\u00fd mlad\u00edk se narodil v Edmontonu a v roce 1984 se p\u0159est\u011bhoval na Harvard, kde cht\u011bl p\u016fvodn\u011b studovat literaturu a matematiku. Ale p\u0159edn\u00e1\u0161ka renomovan\u00e9ho ekonoma Johna Kennetha Galbraitha \u2013 poradce Johna F. Kennedyho \u2013 v n\u011bm probudila v\u00e1\u0161e\u0148 pro ekonomii. \u201eByl to bystr\u00fd, disciplinovan\u00fd student,\u201c p\u00ed\u0161e Julia Belluz v\u00a0<\/span><a href=\"https:\/\/www.readersdigest.ca\/home-garden\/money\/one-one-mark-carney\/\"><span>Reader&#8217;s Digest Canada<\/span><\/a><span>\u00a0. S diplomem z ekonomie a vysok\u00fdmi vyznamen\u00e1n\u00edmi se vr\u00e1til, aby z\u00edskal oporu v Goldman Sachs.<\/span><\/p>\n<p><span>Tam, mezi Lond\u00fdnem, Tokiem a Torontem, str\u00e1vil 13 let a dostal se a\u017e na pozici v\u00fdkonn\u00e9ho \u0159editele. Zvl\u00e1\u0161t\u011b pikantn\u00ed je, \u017ee jeho \u010das v Goldman Sachs se \u010dasov\u011b shodoval s ruskou finan\u010dn\u00ed kriz\u00ed v roce 1998, kdy Rusko nebylo schopno spl\u00e1cet sv\u00e9 dluhy a banka st\u00e1le strh\u00e1vala do kapsy miliony na poplatc\u00edch. Carneyho p\u0159\u00edm\u00e1 role z\u016fst\u00e1v\u00e1 nejasn\u00e1, ale spojen\u00ed s vysok\u00fdmi finan\u010dn\u00edmi pravomocemi bylo nav\u00e1z\u00e1no.<\/span><\/p>\n<p><span>Pozd\u011bji, jako guvern\u00e9r Bank of Canada (2008\u20132013), uk\u00e1zal sv\u00e9 prav\u00e9 barvy. Zat\u00edmco se sv\u011btov\u00e1 ekonomika po finan\u010dn\u00ed krizi pot\u00e1cela, on dr\u017eel n\u00edzk\u00e9 \u00farokov\u00e9 sazby a pumpoval ekonomiku plnou stimula\u010dn\u00edch opat\u0159en\u00ed. Ale m\u00edsto toho, aby chr\u00e1nil kanadskou st\u0159edn\u00ed t\u0159\u00eddu, postavil se proti Volckerovu pravidlu, kter\u00e9 mohlo omezit spekulativn\u00ed s\u00e1zky bank. Jasn\u00fd sign\u00e1l: Carney stoj\u00ed na stran\u011b Wall Street a City of London, ne oby\u010dejn\u00fdch lid\u00ed.<\/span><\/p>\n<h3 id=\"h-der-klimakreuzritter-mit-elitaren-freunden\" class=\"wp-block-heading\"><span>Klimatick\u00fd k\u0159i\u017e\u00e1k s elitn\u00edmi p\u0159\u00e1teli<\/span><\/h3>\n<p><span>Carneyho skute\u010dn\u00e1 mise v\u0161ak za\u010dala, kdy\u017e obr\u00e1til svou pozornost ke zm\u011bn\u011b klimatu \u2013 nebo sp\u00ed\u0161e tomu, co kritici spr\u00e1vn\u011b naz\u00fdvaj\u00ed \u201eklimatick\u00fd podvod\u201c. Jako zvl\u00e1\u0161tn\u00ed vyslanec OSN pro opat\u0159en\u00ed v oblasti klimatu a finance a spolup\u0159edseda Glasgowsk\u00e9 finan\u010dn\u00ed aliance pro \u010distou nulu (GFANZ)\u00a0<\/span><a href=\"https:\/\/web.archive.org\/web\/20241130124501\/https:\/www.gfanzero.com\/about\/mark-carney\/\"><span>ne\u00fanavn\u011b pracoval na<\/span><\/a><span> transformaci glob\u00e1ln\u00ed ekonomiky na \u010distou nulu. \u201eOd za\u010d\u00e1tku byl siln\u00fdm zast\u00e1ncem vypr\u00e1v\u011bn\u00ed o \u010dist\u00e9 nule,\u201c p\u00ed\u0161e Fournier. Ale to, co zn\u00ed jako u\u0161lechtil\u00fd c\u00edl, se p\u0159i bli\u017e\u0161\u00edm ohled\u00e1n\u00ed uk\u00e1\u017ee jako gigantick\u00fd projekt p\u0159erozd\u011blov\u00e1n\u00ed \u2013 z kapes ob\u010dan\u016f do pokladen superboh\u00e1\u010d\u016f.<\/span><\/p>\n<p><span>Jeho spojen\u00ed s Rothschildy a Rockefellery nejsou \u017e\u00e1dn\u00fdm tajemstv\u00edm. Jako \u010dlen\u00a0<\/span><a href=\"https:\/\/ww1.prweb.com\/prfiles\/2022\/11\/29\/19044441\/G30TransitionPressRelease_2022_Final_2.pdf\"><span>Group of Thirty<\/span><\/a><span>\u00a0, exkluzivn\u00edho klubu finan\u010dn\u00edch elit a spolup\u0159edseda Rothschildy podporovan\u00e9 Rady pro inkluzivn\u00ed kapitalismus, m\u00e1 Carney p\u0159\u00edstup k nejmocn\u011bj\u0161\u00edm dynasti\u00edm sv\u011bta. V roce 2015 se\u00a0Lady Lynn Forester de Rothschild\u00a0<\/span><a href=\"https:\/\/www.youtube.com\/watch?v=aQTi5QzFjWo&amp;t=6m21s\"><span>chlubila<\/span><\/a><span>\u00a0s\u00edt\u00ed, kter\u00e1 ovl\u00e1dala v\u00edce ne\u017e 25 bilion\u016f dolar\u016f \u2013 dnes se na boj proti \u201ezm\u011bn\u011b klimatu\u201c \u00fadajn\u011b pou\u017e\u00edv\u00e1 v\u00edce ne\u017e 59 bilion\u016f dolar\u016f. S\u00e1m Carney pronesl \u00favodn\u00ed \u0159e\u010d na jejich konferenci v Lond\u00fdn\u011b v roce 2015. \u201eInkluzivn\u00ed kapitalismus\u201c? Sp\u00ed\u0161 modern\u00ed alchymie, kter\u00e1 m\u011bn\u00ed CO\u2082 ve zlato \u2013 pro p\u00e1r vyvolen\u00fdch.<\/span><\/p>\n<h3 id=\"h-netto-null-ein-albtraum-fur-die-mittelschicht\" class=\"wp-block-heading\"><span>\u010cist\u00e1 nula: No\u010dn\u00ed m\u016fra pro st\u0159edn\u00ed t\u0159\u00eddu<\/span><\/h3>\n<p><span>Co to znamen\u00e1 pro Kanadu? Carneyho klimatick\u00e9 pl\u00e1ny, kter\u00e9\u00a0<\/span><a href=\"https:\/\/www.banking-gateway.com\/news\/bank-england-technology-mark-carney\/\"><span>prosazoval<\/span><\/a><span>\u00a0ji\u017e jako guvern\u00e9r Bank of England (2013\u20132020)\u00a0, maj\u00ed za c\u00edl p\u0159epracovat finan\u010dn\u00ed syst\u00e9m. Pod jeho z\u00e1\u0161titou byly banky nuceny zve\u0159ej\u0148ovat \u201erizika souvisej\u00edc\u00ed s klimatem\u201c \u2013 tento krok by podle n\u011bj mohl do roku 2029 glob\u00e1ln\u011b posunout a\u017e o 100 bilion\u016f dolar\u016f. V Kanad\u011b jsou ji\u017e velk\u00e9 banky povinny p\u0159edkl\u00e1dat zpr\u00e1vy o klimatu v souladu s po\u017eadavky Task Force for Climate-Related Financial Disclosures (TFCD), kterou s\u00e1m Carney pom\u00e1hal formovat.<\/span><\/p>\n<p><span>D\u016fsledky jsou ale ho\u0159k\u00e9: mal\u00e9 a st\u0159edn\u00ed podniky budou m\u00edt brzy pot\u00ed\u017ee z\u00edskat \u00fav\u011bry, proto\u017ee nespl\u0148uj\u00ed p\u0159\u00edsn\u00e1 krit\u00e9ria \u201enulov\u00e9 \u010dist\u00e9\u201c. Soukrom\u00e9 osoby? Ka\u017ed\u00fd, kdo si chce koupit d\u016fm nebo auto, m\u016f\u017ee b\u00fdt pova\u017eov\u00e1n za neprodejn\u00e9ho kv\u016fli \u201eklimatick\u00fdm rizik\u016fm\u201c, jako jsou povodn\u011b nebo lesn\u00ed po\u017e\u00e1ry.<\/span><\/p>\n<p><span>To je ji\u017e patrn\u00e9 v Austr\u00e1lii a na Nov\u00e9m Z\u00e9landu: pob\u0159e\u017en\u00ed oblasti jsou prohl\u00e1\u0161eny za \u201e\u010derven\u00e9 z\u00f3ny\u201c a poji\u0161t\u011bn\u00ed je odm\u00edtnuto. Fournier varuje: &#8222;Carneyho konexe a jeho pod\u0159\u00edzenost v\u016f\u010di glob\u00e1ln\u00edm bankovn\u00edm elit\u00e1m v \u010dele se z\u00e1hadnou Bankou pro mezin\u00e1rodn\u00ed platby (BIS) nenech\u00e1vaj\u00ed \u017e\u00e1dn\u00e9 pochybnosti o ekonomick\u00e9 situaci Kanady.&#8220; St\u0159edn\u00ed t\u0159\u00edda plat\u00ed cenu, zat\u00edmco elity skl\u00edzej\u00ed odm\u011bny.<\/span><\/p>\n<h3 id=\"h-ein-hauch-von-totalitarismus\" class=\"wp-block-heading\"><span>N\u00e1dech totality<\/span><\/h3>\n<p><span>Carneyho podpis je patrn\u00fd i v jeho postoji k disentu. V \u00fanoru 2020 vyzval\u00a0<\/span><a href=\"https:\/\/archive.is\/KdQt0#selection-1075.0-1075.92\"><span>v \u010dl\u00e1nku v The Globe and Mail<\/span><\/a><span> k tvrd\u00fdm opat\u0159en\u00edm proti \u201ekonvoji svobody\u201c, kamionista protestuje proti opat\u0159en\u00edm proti koronaviru. \u201eTi, kte\u0159\u00ed tuto okupaci prodlu\u017euj\u00ed, mus\u00ed b\u00fdt identifikov\u00e1ni a potrest\u00e1ni v pln\u00e9m rozsahu z\u00e1kona,\u201c napsal. Demonstranty nazval \u201eanarchisty\u201c a jejich podporovatele \u201epropag\u00e1tory pobu\u0159ov\u00e1n\u00ed\u201c. Je ironi\u00ed, \u017ee nekritizoval vl\u00e1du, kdy\u017e zmrazila bankovn\u00ed \u00fa\u010dty a zavedla nouzov\u00fd z\u00e1kon \u2013 opat\u0159en\u00ed, kter\u00e1 byla pozd\u011bji pova\u017eov\u00e1na za nez\u00e1konn\u00e1. Kde je jeho v\u00fdzva \u201en\u00e1sledovat pen\u00edze\u201c, pokud jde o biliony plynouc\u00ed do jeho klimatick\u00fdch projekt\u016f?<\/span><\/p>\n<h3 id=\"h-ein-premier-ohne-mandat\" class=\"wp-block-heading\"><span>Premi\u00e9r bez mand\u00e1tu<\/span><\/h3>\n<p><span>Nyn\u00ed je Carney v \u00fa\u0159adu \u2013 bez voleb, bez k\u0159esla v parlamentu. Po nepr\u016fhledn\u00e9m procesu byl v lednu zvolen v\u016fdcem Liber\u00e1ln\u00ed strany a okam\u017eit\u011b slo\u017eil p\u0159\u00edsahu jako 24. premi\u00e9r. Zda se mu v leto\u0161n\u00edch volb\u00e1ch poda\u0159\u00ed udr\u017eet u moci svou Liber\u00e1ln\u00ed stranu, nen\u00ed jist\u00e9. Ale\u00a0<\/span><a href=\"https:\/\/x.com\/WeAreCanProud\/status\/1889845804732653834\"><span>jeho hrozba<\/span><\/a><span>\u00a0, \u017ee pou\u017eije \u201eve\u0161ker\u00e9 vl\u00e1dn\u00ed pravomoci, v\u010detn\u011b nouzov\u00fdch pravomoc\u00ed\u201c, k prosazen\u00ed sv\u00fdch \u201evelk\u00fdch projekt\u016f\u201c, je \u0161patn\u00e1. Obnoven\u00e9 pou\u017eit\u00ed nouzov\u00e9 legislativy, jak tomu bylo za Trudeaua s kamionisty, by nebylo p\u0159ekvapen\u00edm.<\/span><\/p>\n<h3 id=\"h-kanadas-zukunft-in-gefahr\" class=\"wp-block-heading\"><span>Budoucnost Kanady v ohro\u017een\u00ed<\/span><\/h3>\n<p><span>Carneyho vzestup je triumfem glob\u00e1ln\u00edch elit nad n\u00e1rodn\u00ed suverenitou. Jeho klimatick\u00e9 pl\u00e1ny podporovan\u00e9 Rothschildy, Rockefellery a BIS hroz\u00ed, \u017ee uvrhnou Kanadu do ekonomick\u00e9 sv\u011brac\u00ed kazajky. St\u0159edn\u00ed t\u0159\u00edda je \u017ed\u00edm\u00e1na, zat\u00edmco bohat\u00ed bohatnou. Jak \u0159\u00edk\u00e1 Fournier, \u201eCarneyho agenda slou\u017e\u00ed bankovn\u00ed elit\u011b, ne Kana\u010fan\u016fm\u201c. Ot\u00e1zka zn\u00ed: Jak dlouho bude zem\u011b sn\u00e1\u0161et tento podvod, ne\u017e se probud\u00ed? Hodiny tikaj\u00ed \u2013 a bij\u00ed v rytmu glob\u00e1ln\u00ed chamtivosti.<\/span><\/p>\n<p><img decoding=\"async\" loading=\"lazy\" class=\"alignnone size-full wp-image-71983\" src=\"http:\/\/www.infokuryr.cz\/n\/wp-content\/uploads\/2025\/02\/aaa.jpg\" alt=\"\" width=\"89\" height=\"23\" \/><\/p>\n<p>&nbsp;<\/p>\n","protected":false},"excerpt":{"rendered":"<p>Justin Trudeau ode\u0161el, p\u0159i\u0161el Mark Carney. A Kanada? To jde pravd\u011bpodobn\u011b z p\u00e1nve do ohn\u011b&#8230;.<\/p>\n","protected":false},"author":2,"featured_media":75313,"comment_status":"closed","ping_status":"closed","sticky":false,"template":"","format":"standard","meta":[],"categories":[7],"tags":[248,873,621,8797],"_links":{"self":[{"href":"https:\/\/www.infokuryr.cz\/n\/wp-json\/wp\/v2\/posts\/75312"}],"collection":[{"href":"https:\/\/www.infokuryr.cz\/n\/wp-json\/wp\/v2\/posts"}],"about":[{"href":"https:\/\/www.infokuryr.cz\/n\/wp-json\/wp\/v2\/types\/post"}],"author":[{"embeddable":true,"href":"https:\/\/www.infokuryr.cz\/n\/wp-json\/wp\/v2\/users\/2"}],"replies":[{"embeddable":true,"href":"https:\/\/www.infokuryr.cz\/n\/wp-json\/wp\/v2\/comments?post=75312"}],"version-history":[{"count":0,"href":"https:\/\/www.infokuryr.cz\/n\/wp-json\/wp\/v2\/posts\/75312\/revisions"}],"wp:featuredmedia":[{"embeddable":true,"href":"https:\/\/www.infokuryr.cz\/n\/wp-json\/wp\/v2\/media\/75313"}],"wp:attachment":[{"href":"https:\/\/www.infokuryr.cz\/n\/wp-json\/wp\/v2\/media?parent=75312"}],"wp:term":[{"taxonomy":"category","embeddable":true,"href":"https:\/\/www.infokuryr.cz\/n\/wp-json\/wp\/v2\/categories?post=75312"},{"taxonomy":"post_tag","embeddable":true,"href":"https:\/\/www.infokuryr.cz\/n\/wp-json\/wp\/v2\/tags?post=75312"}],"curies":[{"name":"wp","href":"https:\/\/api.w.org\/{rel}","templated":true}]}}