{"id":75269,"date":"2025-03-30T00:21:43","date_gmt":"2025-03-29T23:21:43","guid":{"rendered":"https:\/\/www.infokuryr.cz\/n\/?p=75269"},"modified":"2025-03-29T14:04:33","modified_gmt":"2025-03-29T13:04:33","slug":"nova-nemecka-vlada-chce-zakazat-lzi","status":"publish","type":"post","link":"https:\/\/www.infokuryr.cz\/n\/2025\/03\/30\/nova-nemecka-vlada-chce-zakazat-lzi\/","title":{"rendered":"Nov\u00e1 n\u011bmeck\u00e1 vl\u00e1da chce zak\u00e1zat \u201el\u017ei\u201c"},"content":{"rendered":"<div id=\"fb-root\"><\/div>\n<h3 class=\"s-tagline fw-tagline\"><span>&#8222;V z\u00e1sad\u011b je \u0161\u00ed\u0159en\u00ed nen\u00e1visti v N\u011bmecku chr\u00e1n\u011bno svobodou projevu,&#8220; \u0159ekl \u00fastavn\u00ed pr\u00e1vn\u00edk v reakci na nov\u00fd n\u00e1vrh na z\u00e1kaz &#8222;l\u017e\u00ed&#8220; v N\u011bmecku<\/span><\/h3>\n<p><span>Nov\u00e1 n\u011bmeck\u00e1 vl\u00e1dn\u00ed koalice, kterou pravd\u011bpodobn\u011b budou K\u0159es\u0165an\u0161t\u00ed demokrat\u00e9 (CDU) a Soci\u00e1ln\u00ed demokrat\u00e9 (SPD), se sna\u017e\u00ed zak\u00e1zat \u201el\u017ei\u201c, uv\u00e1d\u00ed pracovn\u00ed dokument, kter\u00fd vze\u0161el ze skupiny \u201ekultura a m\u00e9dia\u201c mezi t\u011bmito dv\u011bma stranami.<\/span><\/p>\n<p><a href=\"https:\/\/www.bild.de\/politik\/inland\/medien-papier-von-union-und-spd-neue-koalition-will-luegen-verbieten-67e52f80ccbc941ec01faddc\"><span>Den\u00edk Bild<\/span><\/a><span>\u00a0obdr\u017eel kopii pracovn\u00edho dokumentu, kter\u00fd nasti\u0148uje c\u00edl boje proti \u201efale\u0161n\u00fdm\u201c zpr\u00e1v\u00e1m na soci\u00e1ln\u00edch s\u00edt\u00edch, v\u010detn\u011b jejich omezen\u00ed.<\/span><\/p>\n<p><span>List CDU a SPD nazna\u010duje, \u017ee \u201edezinformace a fake news\u201c ohro\u017euj\u00ed demokracii.<\/span><\/p>\n<p><span>List ve skute\u010dnosti tvrd\u00ed, \u017ee svoboda projevu za takov\u00fdch okolnost\u00ed neplat\u00ed.<\/span><\/p>\n<p><span>Bild oslovil \u0159adu \u00fastavn\u00edch pr\u00e1vn\u00edk\u016f a ti jsou k z\u00e1konu zna\u010dn\u011b skepti\u010dt\u00ed.<\/span><\/p>\n<p><span>&#8222;L\u017ei jsou zak\u00e1z\u00e1ny, pouze pokud jsou trestn\u00e9, nap\u0159\u00edklad v p\u0159\u00edpad\u011b pobu\u0159ov\u00e1n\u00ed. Jinak m\u016f\u017eete lh\u00e1t,&#8220; \u0159ekl Volker Boehme-Ne\u00dfler, profesor na univerzit\u011b v Oldenburgu.<\/span><\/p>\n<p><span>I ur\u010den\u00ed l\u017ei je pr\u00e1vn\u00ed slo\u017eitost.<\/span><\/p>\n<p><span>&#8222;Nen\u00ed snadn\u00e1 ot\u00e1zka, co je faktick\u00fd n\u00e1rok a co je vyj\u00e1d\u0159en\u00ed n\u00e1zoru. V\u011bt\u0161ina soud\u016f vykl\u00e1d\u00e1 svobodu projevu velmi \u0161iroce,&#8220; dodal.<\/span><\/p>\n<p><span>Zam\u011b\u0159il se tak\u00e9 na konkr\u00e9tn\u00ed \u010d\u00e1st pracovn\u00edho dokumentu, kter\u00e1 se zab\u00fdv\u00e1 \u201enen\u00e1vist a agitace\u201c.<\/span><\/p>\n<p><span>\u0158ekl: \u201enen\u00e1vist a agitace\u201c \u2013 to nejsou \u201e\u017e\u00e1dn\u00e9 pr\u00e1vn\u00ed term\u00edny\u201c. Dodal: &#8222;V z\u00e1sad\u011b je \u0161\u00ed\u0159en\u00ed nen\u00e1visti v N\u011bmecku chr\u00e1n\u011bno svobodou projevu. Tvrzen\u00ed jako &#8218;Nen\u00e1vid\u00edm v\u0161echny politiky&#8216; je\u0161t\u011b nep\u0159edstavuje trestn\u00fd \u010din.&#8220;<\/span><\/p>\n<p><span>Jin\u00fd profesor pr\u00e1va z univerzity v Augsburgu, Josef Franz Lindner, \u0159ekl, \u017ee \u201ez\u00e1m\u011brn\u00e9 \u0161\u00ed\u0159en\u00ed nepravdiv\u00fdch fakt\u016f nen\u00ed trestn\u00e9, nen\u00ed nez\u00e1konn\u00e9\u201c.<\/span><\/p>\n<p><span>\u0158ekl, \u017ee pokud nov\u00e1 vl\u00e1da pokro\u010d\u00ed vp\u0159ed se z\u00e1konem proti \u201efale\u0161n\u00fdm zpr\u00e1v\u00e1m\u201c, p\u0159edstavovalo by to v\u00e1\u017enou hrozbu pro svobodu slova.<\/span><\/p>\n<p><span>\u0158ekl, \u017ee m\u016f\u017ee pouze varovat p\u0159ed vytvo\u0159en\u00edm trestn\u00e9ho \u010dinu &#8222;fale\u0161n\u00fdch zpr\u00e1v&#8220; a \u0159ekl: &#8222;V kone\u010dn\u00e9m d\u016fsledku by to vystavilo jak\u00e9koli kontroverzn\u00ed prohl\u00e1\u0161en\u00ed riziku trestn\u00edho st\u00edh\u00e1n\u00ed.&#8220;<\/span><\/p>\n<p><span>Za zm\u00ednku tak\u00e9 stoj\u00ed, \u017ee s\u00e1m Friedrich Merz, kter\u00fd bude pravd\u011bpodobn\u011b p\u0159\u00ed\u0161t\u00edm n\u011bmeck\u00fdm kancl\u00e9\u0159em, otev\u0159en\u011b lhal, kdy\u017e \u0159ekl, \u017ee jeho strana podpo\u0159\u00ed ukon\u010den\u00ed dluhov\u00e9 brzdy. T\u00e9m\u011b\u0159 okam\u017eit\u011b po volb\u00e1ch \u0159ekl, \u017ee dluhov\u00e1 brzda bude zru\u0161ena a N\u011bmecko p\u0159evezme historick\u00e9 \u010d\u00e1stky dluhu.<\/span><\/p>\n<p><span>Pr\u00e1vn\u00edk Joachim Steinh\u00f6fel, kter\u00fd m\u00e1 \u0161irokou \u0161k\u00e1lu klient\u016f souvisej\u00edc\u00edch s cenzurou internetu, \u0159\u00edk\u00e1, \u017ee c\u00edlem CDU a SPD v nov\u00e9m dokumentu je \u201ezastra\u0161it nepopul\u00e1rn\u00ed producenty obsahu na soci\u00e1ln\u00edch s\u00edt\u00edch\u201c. \u0158ekl, \u017ee takov\u00e1 cenzura ji\u017e postr\u00e1d\u00e1 \u201e\u00fastavn\u00ed z\u00e1klad\u201c.<\/span><\/p>\n<p><img decoding=\"async\" loading=\"lazy\" class=\"alignnone size-full wp-image-71983\" src=\"http:\/\/www.infokuryr.cz\/n\/wp-content\/uploads\/2025\/02\/aaa.jpg\" alt=\"\" width=\"89\" height=\"23\" \/><\/p>\n<p>&nbsp;<\/p>\n","protected":false},"excerpt":{"rendered":"<p>&#8222;V z\u00e1sad\u011b je \u0161\u00ed\u0159en\u00ed nen\u00e1visti v N\u011bmecku chr\u00e1n\u011bno svobodou projevu,&#8220; \u0159ekl \u00fastavn\u00ed pr\u00e1vn\u00edk v reakci&#8230;<\/p>\n","protected":false},"author":2,"featured_media":75270,"comment_status":"closed","ping_status":"closed","sticky":false,"template":"","format":"standard","meta":[],"categories":[7],"tags":[851,84,99,720,609],"_links":{"self":[{"href":"https:\/\/www.infokuryr.cz\/n\/wp-json\/wp\/v2\/posts\/75269"}],"collection":[{"href":"https:\/\/www.infokuryr.cz\/n\/wp-json\/wp\/v2\/posts"}],"about":[{"href":"https:\/\/www.infokuryr.cz\/n\/wp-json\/wp\/v2\/types\/post"}],"author":[{"embeddable":true,"href":"https:\/\/www.infokuryr.cz\/n\/wp-json\/wp\/v2\/users\/2"}],"replies":[{"embeddable":true,"href":"https:\/\/www.infokuryr.cz\/n\/wp-json\/wp\/v2\/comments?post=75269"}],"version-history":[{"count":0,"href":"https:\/\/www.infokuryr.cz\/n\/wp-json\/wp\/v2\/posts\/75269\/revisions"}],"wp:featuredmedia":[{"embeddable":true,"href":"https:\/\/www.infokuryr.cz\/n\/wp-json\/wp\/v2\/media\/75270"}],"wp:attachment":[{"href":"https:\/\/www.infokuryr.cz\/n\/wp-json\/wp\/v2\/media?parent=75269"}],"wp:term":[{"taxonomy":"category","embeddable":true,"href":"https:\/\/www.infokuryr.cz\/n\/wp-json\/wp\/v2\/categories?post=75269"},{"taxonomy":"post_tag","embeddable":true,"href":"https:\/\/www.infokuryr.cz\/n\/wp-json\/wp\/v2\/tags?post=75269"}],"curies":[{"name":"wp","href":"https:\/\/api.w.org\/{rel}","templated":true}]}}