{"id":75268,"date":"2025-03-30T00:20:19","date_gmt":"2025-03-29T23:20:19","guid":{"rendered":"https:\/\/www.infokuryr.cz\/n\/?p=75268"},"modified":"2025-03-29T14:01:51","modified_gmt":"2025-03-29T13:01:51","slug":"zena-u-soudu-za-pouziti-sebeobrany-zena-se-branila-osahavani-eritrejce","status":"publish","type":"post","link":"https:\/\/www.infokuryr.cz\/n\/2025\/03\/30\/zena-u-soudu-za-pouziti-sebeobrany-zena-se-branila-osahavani-eritrejce\/","title":{"rendered":"\u017dena u soudu za pou\u017eit\u00ed sebeobrany: \u017dena se br\u00e1nila osah\u00e1v\u00e1n\u00ed Eritrejce"},"content":{"rendered":"<div id=\"fb-root\"><\/div>\n<p><strong><span>Z\u0159ejm\u00fd s\u00e9riov\u00fd osah\u00e1va\u010d z Eritreje obt\u011b\u017eoval 20letou \u017eenu v podchodu hlavn\u00edho vlakov\u00e9ho n\u00e1dra\u017e\u00ed v Kaiserslauternu. Nejprve se slovn\u011b br\u00e1nila a pak se ho sna\u017eila dr\u017eet na d\u00e1lku kapesn\u00edm no\u017eem \u2013 kdy\u017e ji mu\u017e chytil za pa\u017ei, bodla ho. Bodn\u00e1 r\u00e1na zas\u00e1hla mu\u017eovu hlavn\u00ed tepnu a zem\u0159el. Nyn\u00ed je \u017eena u soudu.<\/span><\/strong><\/p>\n<p><span>Prosl\u00fdch\u00e1 se, \u017ee v N\u011bmecku m\u00e1 ochrana pachatel\u016f p\u0159ednost p\u0159ed ochranou ob\u011bt\u00ed. Sou\u010dasn\u00fd proces proti 20let\u00e9 \u017een\u011b p\u0159ed krajsk\u00fdm soudem v Kaiserslauternu by tento dojem mohl umocnit: V \u010dervnu 2024 jela mlad\u00e1 \u017eena po eskal\u00e1toru v podchodu hlavn\u00edho vlakov\u00e9ho n\u00e1dra\u017e\u00ed v Kaiserslauternu, kdy\u017e ji Eritrejec jedouc\u00ed za n\u00ed popadl za h\u00fd\u017ed\u011b. Dokazuj\u00ed to videoz\u00e1znamy.<\/span><\/p>\n<p><span>\u017dena se mu vyh\u00fdbala a k\u0159i\u010dela na n\u011bj. Noviny\u00a0\u201e\u00a0<\/span><a href=\"https:\/\/www.bild.de\/regional\/rheinland-pfalz\/nach-griff-ans-gesaess-amerikanerin-20-ersticht-mann-64-mit-messer-67e2d888798c7544d12931bf?t_ref=https%3A%2F%2Ft.co%2F\" target=\"_blank\" rel=\"noreferrer noopener\"><span>Bild<\/span><\/a><span>\u00a0\u201c hl\u00e1s\u00ed \u201erva\u010dku\u201c. Mu\u017e (64 let) zd\u00e1nliv\u011b defenzivn\u011b zvedl ruku,\u00a0<\/span><a href=\"https:\/\/www.rtl.de\/news\/prozess-in-kaiserslautern-20-jaehrige-ersticht-mann-der-sie-sexuell-belaestigt-id2166227.html\" target=\"_blank\" rel=\"noreferrer noopener\"><span>ale pak k n\u00ed podle RTL znovu p\u0159istoupil<\/span><\/a><span>\u00a0\u2013 no\u010dn\u00ed m\u016fra, kterou u\u017e za\u017eilo p\u0159\u00edli\u0161 mnoho \u017een v nejlep\u0161\u00edm N\u011bmecku. Dvacetilet\u00e1 \u017eena vyt\u00e1hla na obranu mal\u00fd zav\u00edrac\u00ed n\u016f\u017e se sedmicentimetrovou \u010depel\u00ed. SWR uv\u00e1d\u00ed, \u017ee mu\u017e z\u0159ejm\u011b chytil svou ob\u011b\u0165 za pa\u017ei: P\u0159ik\u00e1zala mu\u00a0<\/span><a href=\"https:\/\/www.swr.de\/swraktuell\/rheinland-pfalz\/kaiserslautern\/kaiserslautern-landgericht-prozess-frau-toetet-mann-100.html\" target=\"_blank\" rel=\"noreferrer noopener\"><span>,<\/span><\/a><span> aby ji pustil, pokusila se osvobodit a bodla ji kapesn\u00edm no\u017eem. Bodn\u00e1 r\u00e1na ho zas\u00e1hla do horn\u00ed \u010d\u00e1sti t\u011bla a zas\u00e1hla hlavn\u00ed tepnu t\u011bsn\u011b vedle srdce. Kr\u00e1tce nato byl Eritrejec mrtv\u00fd.<\/span><\/p>\n<p><span>P\u0159ed krajsk\u00fdm soudem v Kaiserslauternu obh\u00e1jce \u017eeny up\u0159esnil: &#8222;Byla vyd\u011b\u0161en\u00e1. Bodala ho bez rozd\u00edlu do horn\u00ed \u010d\u00e1sti t\u011bla.\u00a0<\/span><strong><span>Jedin\u00fdm c\u00edlem m\u00e9ho klienta bylo p\u0159im\u011bt ho, aby ji pustil.&#8220;<\/span><\/strong><\/p>\n<p><span>Po poty\u010dce a smrteln\u00e9m bodnut\u00ed nejprve nastoupila do vlaku. Na cest\u011b \u0159ekla kamar\u00e1dovi: Myslela si, \u017ee pr\u00e1v\u011b n\u011bkoho zabila, napsala mu. Kr\u00e1tce nato se sama p\u0159ihl\u00e1sila na policii a byla do\u010dasn\u011b uvalena do vazby.\u00a0<\/span><strong><span>St\u00e1tn\u00ed zastupitelstv\u00ed p\u016fvodn\u011b p\u0159edpokl\u00e1dalo, \u017ee \u00fatok byl \u00famysln\u00fd, ale toto obvin\u011bn\u00ed bylo mezit\u00edm sta\u017eeno. Sebeobranu ale nechce uznat ani st\u00e1tn\u00ed zastupitelstv\u00ed.<\/span><\/strong><\/p>\n<p><span>Mlad\u00e1 \u017eena je nyn\u00ed souzena za \u00fadajn\u00e9 ubl\u00ed\u017een\u00ed na zdrav\u00ed s n\u00e1sledkem smrti. Je obvin\u011bna podle z\u00e1kona o mladistv\u00fdch.\u00a0<\/span><strong><span>Hroz\u00ed j\u00ed n\u011bkolik let v\u011bzen\u00ed.<\/span><\/strong><span> Pokud soud uzn\u00e1 m\u00e9n\u011b z\u00e1va\u017en\u00fd p\u0159\u00edpad, m\u016f\u017ee b\u00fdt trest \u201ejen\u201c jeden rok.<\/span><\/p>\n<h3 id=\"h-frau-des-eritreers-als-nebenklagerin\" class=\"wp-block-heading\"><span>Eritrejsk\u00e1 man\u017eelka jako spolu\u017ealovatelka<\/span><\/h3>\n<p><strong><span>RTL uv\u00e1d\u00ed, \u017ee Eritrejec m\u011bl z\u00e1znam v trestn\u00edm rejst\u0159\u00edku: k podobn\u00fdm incident\u016fm jako v podchodu u\u017e do\u0161lo v minulosti.<\/span><\/strong><span>\u00a0To v\u0161ak nebr\u00e1n\u00ed man\u017eelce toho mu\u017ee, aby se objevila u soudu jako spole\u010dn\u00fd \u017ealobce. Jej\u00ed pr\u00e1vn\u00edk po\u017eaduje z\u00e1va\u017en\u011bj\u0161\u00ed obvin\u011bn\u00ed \u2013 zabit\u00ed. V hledi\u0161ti byly i eritrejsk\u00e9 d\u011bti. Marcel Luthe, p\u0159edseda Good Governance Union,\u00a0<\/span><a href=\"https:\/\/x.com\/GGLuthe\/status\/1905181580278006061\" target=\"_blank\" rel=\"noreferrer noopener\"><span>se na X nev\u011b\u0159\u00edcn\u011b zeptal<\/span><\/a><span>\u00a0: &#8222;Man\u017eelka sexu\u00e1ln\u00edho delikventa a jeho d\u011bti sed\u00ed v soudn\u00ed s\u00edni a maj\u00ed tu drzost prezentovat se jako ob\u011bti?&#8220;<\/span><\/p>\n<p><span>Luthe pokra\u010doval: &#8222;P\u011bt let jsem byl dobrovoln\u00fdm trestn\u00edm soudcem a nevid\u00edm \u017e\u00e1dnou souvislost se v\u0161emi p\u0159eru\u0161en\u00fdmi vy\u0161et\u0159ov\u00e1n\u00edmi sexu\u00e1ln\u00edch delikt\u016f. Ob\u011b\u0165 sed\u00ed na lavici ob\u017ealovan\u00fdch.&#8220; S t\u00edm souhlas\u00ed i \u0159ada koment\u00e1tor\u016f.<\/span><\/p>\n<p><span>Vzhledem ke smutn\u00e9mu v\u0161edn\u00edmu \u017eivotu v N\u011bmecku, kde se \u017eeny st\u00e1le v\u00edce st\u00e1vaj\u00ed f\u00e9rovkou a ka\u017ed\u00e1 proch\u00e1zka pozd\u011b v noci (nebo i p\u0159echod podchodem) je pln\u00e1 strachu, zde p\u0159evl\u00e1d\u00e1 sympatie k o\u010dividn\u011b zpanika\u0159en\u00e9 mlad\u00e9 \u017een\u011b, kter\u00e1 se b\u00e1la o svou fyzickou integritu. Koho to p\u0159ekvapuje, vzhledem k t\u00e9m\u011b\u0159 ka\u017edodenn\u00edm zpr\u00e1v\u00e1m o napad\u00e1n\u00ed a zn\u00e1sil\u0148ov\u00e1n\u00ed migranty, kter\u00e1 se pro pachatele obvykle obejdou bez v\u00e1\u017en\u00fdch n\u00e1sledk\u016f?<\/span><\/p>\n<h3 id=\"h-mussen-frauen-bei-ubergriffen-brav-stillhalten\" class=\"wp-block-heading\"><span>Mus\u00ed \u017eeny ml\u010det, kdy\u017e jsou napadeny?<\/span><\/h3>\n<p><span>Pr\u00e1vn\u00edk man\u017eelky Afri\u010dana pro RTL \u0159ekl: &#8222;Ne\u0159e\u0161\u00edme tu ostra\u017eitost. Rozhodn\u011b jste ho m\u011bli nahl\u00e1sit za to, \u017ee ji osah\u00e1val. Ale nem\u016f\u017eete, pokud na ni ne\u00fato\u010dil, a to je z\u0159ejm\u00e9 ze sn\u00edmk\u016f, nem\u016f\u017eete opakovat tot\u00e9\u017e. Napot\u0159et\u00ed se j\u00ed poda\u0159ilo ho ude\u0159it no\u017eem.&#8220; Ve\u0159ejnost tyto sn\u00edmky bohu\u017eel nevid\u00ed, co\u017e zt\u011b\u017euje posouzen\u00ed situace. Ale jak tomu m\u00e1 \u010dlov\u011bk rozum\u011bt? Ostra\u017eitost implikuje touhu po pomst\u011b \u2013 ale kdo takhle na rovinu p\u0159em\u00fd\u0161l\u00ed v okam\u017eiku \u00fatoku fyzicky lep\u0161\u00edho protivn\u00edka? Co znamen\u00e1 \u201ev sou\u010dasnosti ne\u00fato\u010deno\u201c? Podle zpr\u00e1v ji chytil za ruku. Podle vy\u0161et\u0159ov\u00e1n\u00ed st\u00e1tn\u00edho zastupitelstv\u00ed, o kter\u00e9m informovala spole\u010dnost SWR, jednou bodla, kdy\u017e se sna\u017eila vyprostit z jeho sev\u0159en\u00ed, a to nebylo s \u00famyslem zab\u00edt.\u00a0<\/span><strong><span>M\u011bla tedy \u017eena jen ml\u010det a doufat v to nejlep\u0161\u00ed? M\u016f\u017ee ho nahl\u00e1sit pozd\u011bji (pokud je je\u0161t\u011b schopna)?<\/span><\/strong><\/p>\n<p><span>Verdikt se o\u010dek\u00e1v\u00e1 za\u010d\u00e1tkem dubna. P\u0159\u00edpad je velmi v\u00fdbu\u0161n\u00fd, proto\u017ee zat\u00edmco v N\u011bmecku je ka\u017ed\u00fd zlo\u010din sp\u00e1chan\u00fd migranty, bez ohledu na to, jak je nechutn\u00fd, omluven \u00fadajnou du\u0161evn\u00ed chorobou, zd\u00e1 se, \u017ee psychologick\u00fd stres, kter\u00fdm trp\u00ed ob\u011b\u0165 sexu\u00e1ln\u00edho napaden\u00ed, mnoho lid\u00ed neznepokojuje. Noviny \u201eBild\u201c si dokonce dovoluj\u00ed st\u011b\u017eovat si, \u017ee se 20let\u00e1 d\u00edvka neomluvila: \u201eM\u00edsto toho popsala, jak t\u011b\u017ek\u00fd byl jej\u00ed dosavadn\u00ed \u017eivot.\u201c<\/span><\/p>\n<p><span>Pro mladou \u017eenu, kter\u00e1 dlouho \u017eila s rodi\u010di v USA a do N\u011bmecka se vr\u00e1tila a\u017e v roce 2022, nebylo podle zpr\u00e1vy v\u0161e r\u016f\u017eov\u00e9. V minulosti hl\u00e1sila \u0161ikanu a dal\u0161\u00ed sexu\u00e1ln\u00ed \u00fatoky, ale i psychick\u00e9 probl\u00e9my a ADHD, na kter\u00e9 brala l\u00e9ky. Na rozd\u00edl od t\u00e9m\u011b\u0159 ka\u017edodenn\u00edch \u00fatok\u016f no\u017eem a obt\u011b\u017eov\u00e1n\u00ed, dokonce i zn\u00e1sil\u0148ov\u00e1n\u00ed, ze strany cizinc\u016f z ur\u010dit\u00e9ho kulturn\u00edho prost\u0159ed\u00ed, agrese nepoch\u00e1zela od t\u00e9to \u017eeny. Neb\u011b\u017eela m\u011bstem, aby zranila nebo zabila lidi. Cht\u011bla jen neru\u0161en\u011b vyjet po eskal\u00e1toru \u2013 dokud 64let\u00fd mu\u017e nec\u00edtil, \u017ee se j\u00ed mus\u00ed dot\u00fdkat, obt\u011b\u017eovat a dr\u017eet ji proti jej\u00ed v\u016fli, na\u010de\u017e se br\u00e1nila. Kdyby to neud\u011blal, \u017eil by dodnes. Ot\u00e1zka zn\u00ed: Kdo je zde pachatelem, kdo je ob\u011bt\u00ed?<\/span><\/p>\n<p><span>Tvrd\u00fd trest pro ob\u011b\u0165 sexu\u00e1ln\u00edho napaden\u00ed by znamenal, \u017ee \u017eeny v tom nejlep\u0161\u00edm N\u011bmecku se v p\u0159\u00edpad\u011b napaden\u00ed nesm\u00ed \u017e\u00e1dn\u00fdm zp\u016fsobem br\u00e1nit. Vzhledem k bezpo\u010dtu m\u00edrn\u00fdch rozsudk\u016f vynesen\u00fdch nad migruj\u00edc\u00edmi sexu\u00e1ln\u00edmi delikventy by to byl bezprecedentn\u00ed skand\u00e1l, kter\u00fd by postavil pr\u00e1vn\u00ed st\u00e1t na hlavu.<\/span><\/p>\n<p><em>Koment\u00e1\u0159 Vanessy Rennerov\u00e9<\/em><\/p>\n<p>&nbsp;<\/p>\n","protected":false},"excerpt":{"rendered":"<p>Z\u0159ejm\u00fd s\u00e9riov\u00fd osah\u00e1va\u010d z Eritreje obt\u011b\u017eoval 20letou \u017eenu v podchodu hlavn\u00edho vlakov\u00e9ho n\u00e1dra\u017e\u00ed v Kaiserslauternu&#8230;.<\/p>\n","protected":false},"author":2,"featured_media":54768,"comment_status":"closed","ping_status":"closed","sticky":false,"template":"","format":"standard","meta":[],"categories":[7],"tags":[6195,324,1214],"_links":{"self":[{"href":"https:\/\/www.infokuryr.cz\/n\/wp-json\/wp\/v2\/posts\/75268"}],"collection":[{"href":"https:\/\/www.infokuryr.cz\/n\/wp-json\/wp\/v2\/posts"}],"about":[{"href":"https:\/\/www.infokuryr.cz\/n\/wp-json\/wp\/v2\/types\/post"}],"author":[{"embeddable":true,"href":"https:\/\/www.infokuryr.cz\/n\/wp-json\/wp\/v2\/users\/2"}],"replies":[{"embeddable":true,"href":"https:\/\/www.infokuryr.cz\/n\/wp-json\/wp\/v2\/comments?post=75268"}],"version-history":[{"count":0,"href":"https:\/\/www.infokuryr.cz\/n\/wp-json\/wp\/v2\/posts\/75268\/revisions"}],"wp:featuredmedia":[{"embeddable":true,"href":"https:\/\/www.infokuryr.cz\/n\/wp-json\/wp\/v2\/media\/54768"}],"wp:attachment":[{"href":"https:\/\/www.infokuryr.cz\/n\/wp-json\/wp\/v2\/media?parent=75268"}],"wp:term":[{"taxonomy":"category","embeddable":true,"href":"https:\/\/www.infokuryr.cz\/n\/wp-json\/wp\/v2\/categories?post=75268"},{"taxonomy":"post_tag","embeddable":true,"href":"https:\/\/www.infokuryr.cz\/n\/wp-json\/wp\/v2\/tags?post=75268"}],"curies":[{"name":"wp","href":"https:\/\/api.w.org\/{rel}","templated":true}]}}