{"id":75267,"date":"2025-03-30T00:18:45","date_gmt":"2025-03-29T23:18:45","guid":{"rendered":"https:\/\/www.infokuryr.cz\/n\/?p=75267"},"modified":"2025-03-29T14:50:18","modified_gmt":"2025-03-29T13:50:18","slug":"diktatura-ve-velka-britanie-rodice-zatceni-za-prilis-mnoho-e-mailu-se-stiznostmi-do-skoly","status":"publish","type":"post","link":"https:\/\/www.infokuryr.cz\/n\/2025\/03\/30\/diktatura-ve-velka-britanie-rodice-zatceni-za-prilis-mnoho-e-mailu-se-stiznostmi-do-skoly\/","title":{"rendered":"Diktatura ve Velk\u00e1 Brit\u00e1nie: Rodi\u010de zat\u010deni za \u201ep\u0159\u00edli\u0161 mnoho e-mail\u016f se st\u00ed\u017enostmi do \u0161koly\u201c"},"content":{"rendered":"<div id=\"fb-root\"><\/div>\n<p><strong>Boj kdysi velk\u00e9ho n\u00e1roda Velk\u00e9 Brit\u00e1nie proti jej\u00edm ob\u010dan\u016fm a svobod\u011b projevu je st\u00e1le drasti\u010dt\u011bj\u0161\u00ed. Rodi\u010de dev\u00edtilet\u00e9 d\u00edvky trp\u00edc\u00ed epilepsi\u00ed byli na popud veden\u00ed \u0161koly zat\u010deni a hodiny vysl\u00fdch\u00e1ni, proto\u017ee se \u0161kola c\u00edtila obt\u011b\u017eov\u00e1na \u201ep\u0159\u00edli\u0161 velk\u00fdm mno\u017estv\u00edm e-mail\u016f se st\u00ed\u017enostmi\u201c. Obsah dopis\u016f nebyl nikdy ur\u00e1\u017eliv\u00fd, vysv\u011btluj\u00ed rodi\u010de. Jasn\u00e9 zneu\u017eit\u00ed st\u00e1tn\u00ed moci ve st\u00e1le \u0161\u00edlen\u011bj\u0161\u00edm syst\u00e9mu.<\/strong><\/p>\n<p>Velkou Brit\u00e1ni\u00ed v sou\u010dasnosti ot\u0159\u00e1s\u00e1 bezprecedentn\u00ed p\u0159\u00edpad\u00a0<a href=\"https:\/\/www.telegraph.co.uk\/news\/2025\/03\/28\/police-arrest-parents-who-complained-about-daughters-school\/\" target=\"_blank\" rel=\"noreferrer noopener\">p\u0159eh\u00e1n\u011bn\u00ed st\u00e1tu<\/a> : Maxie Allen (50), producent v Times Radio, a jeho partnerka Rosalind Levine (46) byli 29. ledna 2025 zat\u010deni ve sv\u00e9m vlastn\u00edm dom\u011b v Borehamwoodu \u2013 p\u0159ed jejich dev\u00edtiletou dcerou Saschou, kter\u00e1 trp\u00ed epilepsi\u00ed.<\/p>\n<p>V dom\u011b rodiny se ten den objevilo bez ohl\u00e1\u0161en\u00ed \u0161est policist\u016f. Bez p\u0159edchoz\u00edho osobn\u00edho sly\u0161en\u00ed nebo varov\u00e1n\u00ed byli rodi\u010de odvedeni \u2013 obvin\u011bni z \u201eobt\u011b\u017eov\u00e1n\u00ed\u201c, \u201ezlovoln\u00e9 komunikace\u201c a \u201evyru\u0161ov\u00e1n\u00ed na \u0161koln\u00ed p\u016fd\u011b\u201c. Cel\u00fdch jeden\u00e1ct hodin pak museli str\u00e1vit v policejn\u00ed cele ve Stevenage.<\/p>\n<h3 id=\"h-anlass-kritik-in-whatsapp-gruppe\" class=\"wp-block-heading\">D\u016fvod: Kritika ve skupin\u011b WhatsApp<\/h3>\n<p>co se stalo? Maxie Allen ji\u017e napsal spr\u00e1vn\u00ed rad\u011b z\u00e1kladn\u00ed \u0161koly Cowley Hill v kv\u011btnu p\u0159edchoz\u00edho roku. Polo\u017eil jednoduchou, ale nep\u0159\u00edjemnou ot\u00e1zku: Pro\u010d po tehdej\u0161\u00edm \u0159editelov\u011b ohl\u00e1\u0161en\u00e9m odchodu do d\u016fchodu nebyl zah\u00e1jen \u017e\u00e1dn\u00fd otev\u0159en\u00fd proces pod\u00e1v\u00e1n\u00ed \u017e\u00e1dost\u00ed? M\u00edsto odpov\u011bdi dostal Allen o n\u011bkolik t\u00fddn\u016f pozd\u011bji e-mail od Jackie Spriggs, p\u0159edsedkyn\u011b \u0161koln\u00ed rady, s v\u00fdhr\u016f\u017ekou, \u017ee zas\u00e1hne v\u0161echny \u201eprobl\u00e9mov\u00e9\u201c rodi\u010de.<\/p>\n<p>V soukrom\u00e9m chatu WhatsApp s rodi\u010di vyj\u00e1d\u0159ili Allen a Levine sv\u00e9 rozho\u0159\u010den\u00ed \u2013 bez pou\u017eit\u00ed ur\u00e1\u017eliv\u00e9ho nebo agresivn\u00edho jazyka, jak oba zd\u016fraz\u0148uj\u00ed. P\u0159esto veden\u00ed \u0161koly pod zastupuj\u00edc\u00edm veden\u00edm Louise Thomasov\u00e9 situaci d\u00e1le vyhrotilo: byl vyd\u00e1n z\u00e1kaz vstupu do are\u00e1lu \u0161koly. Od t\u00e9 doby sm\u011bli man\u017eel\u00e9 komunikovat se \u0161kolou pouze prost\u0159ednictv\u00edm e-mailu, co\u017e byla z\u00e1t\u011b\u017e, v neposledn\u00ed \u0159ad\u011b kv\u016fli zdravotn\u00ed situaci jejich dcery.<\/p>\n<h3 id=\"h-kind-mit-epilepsie-zugang-zur-schule-verweigert\" class=\"wp-block-heading\">D\u00edt\u011b s epilepsi\u00ed \u2013 odep\u0159en p\u0159\u00edstup do \u0161koly<\/h3>\n<p>9let\u00fd Sascha, jedin\u00e9 d\u00edt\u011b p\u00e1ru, trp\u00ed epilepsi\u00ed. Osobn\u00ed p\u0159\u00edtomnost rodi\u010d\u016f p\u0159i besed\u00e1ch s u\u010diteli nebo v nouzov\u00fdch situac\u00edch byla proto velmi d\u016fle\u017eit\u00e1. \u010cetn\u00e9 \u017e\u00e1dosti o zru\u0161en\u00ed z\u00e1kazu vstupu v\u0161ak z\u016fstaly bez odezvy. M\u00edsto toho \u0161kola kontaktovala policii \u2013 \u00fadajn\u011b kv\u016fli p\u0159\u00edli\u0161 velk\u00e9mu mno\u017estv\u00ed e-mail\u016f. Rodi\u010de odpov\u011bd\u011bli form\u00e1ln\u00ed st\u00ed\u017enost\u00ed na veden\u00ed \u0161koly a spr\u00e1vn\u00ed radu.<\/p>\n<h3 id=\"h-polizei-rat-kind-von-der-schule-nehmen\" class=\"wp-block-heading\">Policie rad\u00ed: Vyve\u010fte d\u00edt\u011b ze \u0161koly<\/h3>\n<p>V prosinci 2024 se situace znovu vyhrotila: policista vydal form\u00e1ln\u00ed varov\u00e1n\u00ed a dokonce rodin\u011b doporu\u010dil, aby Saschu odstranila ze \u0161koly \u2013 co\u017e s t\u011b\u017ek\u00fdm srdcem ud\u011blali v lednu 2025. Jen o t\u00fdden pozd\u011bji se u dve\u0159\u00ed objevili policist\u00e9 s p\u0159\u00edkazem k domovn\u00ed prohl\u00eddce.<\/p>\n<p>\u201eKdy\u017e p\u0159ed n\u00e1mi st\u00e1li policist\u00e9, moje prvn\u00ed my\u0161lenka byla, \u017ee na\u0161e dcera je mrtv\u00e1,\u201c \u0159ekla Rosalind Levineov\u00e1 den\u00edku\u00a0<em>Times<\/em>\u00a0. &#8222;Nedok\u00e1zal jsem si p\u0159edstavit \u017e\u00e1dn\u00fd jin\u00fd d\u016fvod, pro\u010d by \u0161est d\u016fstojn\u00edk\u016f najednou vtrhlo do na\u0161eho domu.&#8220; \u00daleva v\u0161ak rychle ustoupila zd\u011b\u0161en\u00ed, kdy\u017e vy\u0161lo najevo, \u017ee byli zat\u010deni za ne\u0161kodnou kritiku.<\/p>\n<h3 id=\"h-polizei-sieht-keinen-straftatbestand-nach-funf-wochen\" class=\"wp-block-heading\">Policie nevid\u00ed \u017e\u00e1dn\u00fd trestn\u00fd \u010din \u2013 po p\u011bti t\u00fddnech<\/h3>\n<p>Po p\u011btit\u00fddenn\u00edm vy\u0161et\u0159ov\u00e1n\u00ed policie nakonec dosp\u011bla k z\u00e1v\u011bru, \u017ee k \u017e\u00e1dn\u00e9mu trestn\u00e9mu jedn\u00e1n\u00ed nedo\u0161lo. Tak\u017ee to nebude m\u00edt \u017e\u00e1dn\u00e9 pr\u00e1vn\u00ed d\u016fsledky \u2013 alespo\u0148 ne v\u016f\u010di rodi\u010d\u016fm. Ale d\u016fv\u011bra v instituce byla v\u00e1\u017en\u011b naru\u0161ena.<\/p>\n<p>Maxie Allen promluvila jasn\u011b: &#8222;To byl masivn\u00ed z\u00e1sah st\u00e1tu. Ve\u0159ejn\u00fd org\u00e1n pou\u017eil policii, aby uml\u010del legitimn\u00ed kritiku. Nikdy jsme nikoho neur\u00e1\u017eeli, nikomu nevyhro\u017eovali &#8211; a p\u0159esto s n\u00e1mi bylo zach\u00e1zeno jako se zlo\u010dinci.&#8220;<\/p>\n<h3 id=\"h-schule-verteidigt-sich-kritik-an-umgang-mit-eltern\" class=\"wp-block-heading\">\u0160kola se br\u00e1n\u00ed \u2013 kritika jedn\u00e1n\u00ed rodi\u010d\u016f<\/h3>\n<p>Veden\u00ed z\u00e1kladn\u00ed \u0161koly v Cowley Hill ospravedl\u0148uje sv\u00e9 kroky t\u00edm, \u017ee chce \u201echr\u00e1nit zam\u011bstnance a ostatn\u00ed rodi\u010de\u201c p\u0159ed \u00fadajn\u00fdmi \u201eru\u0161iv\u00fdmi p\u0159\u00edsp\u011bvky na soci\u00e1ln\u00edch s\u00edt\u00edch\u201c. Konkr\u00e9tn\u00ed p\u0159\u00edklady trestn\u00edch v\u00fdpov\u011bd\u00ed v\u0161ak \u0161kola zat\u00edm neuvedla. Situace je v podstat\u011b p\u0159\u00edznakem sebel\u00edtosti \u201eprobuzen\u00e9\u201c \u00e9ry, kdy jedna strana na sebe bere zcela absurdn\u00ed pravidla a opat\u0159en\u00ed \u2013 a nedovoluje je nijak kritizovat.<\/p>\n<p>Mnoho koment\u00e1tor\u016f na internetu se pt\u00e1, zda britsk\u00e1 policie nem\u00e1 nic lep\u0161\u00edho na pr\u00e1ci ve sv\u011btle vlny n\u00e1sil\u00ed a kriminality vyvolan\u00e9 neleg\u00e1ln\u00ed masovou migrac\u00ed. N\u011bkte\u0159\u00ed tak\u00e9 poznamen\u00e1vaj\u00ed, \u017ee je vz\u00e1cn\u00e9 vid\u011bt \u0161est d\u016fstojn\u00edk\u016f, kte\u0159\u00ed se objevuj\u00ed pohromad\u011b. Britsk\u00e1 policie zjevn\u011b jedn\u00e1 podobn\u011b jako v N\u011bmecku a Rakousku \u2013 vyu\u017e\u00edv\u00e1 masivn\u00ed st\u00e1tn\u00ed moc proti t\u011bm, kte\u0159\u00ed pravd\u011bpodobn\u011b nebudou \u010delit odporu \u2013 a p\u0159itom zach\u00e1z\u00ed s migruj\u00edc\u00edmi zlo\u010dineck\u00fdmi organizacemi v d\u011btsk\u00fdch rukavi\u010dk\u00e1ch \u2013 nebo v\u016fbec.<\/p>\n<p><img decoding=\"async\" loading=\"lazy\" class=\"alignnone size-full wp-image-71983\" src=\"http:\/\/www.infokuryr.cz\/n\/wp-content\/uploads\/2025\/02\/aaa.jpg\" alt=\"\" width=\"89\" height=\"23\" \/><\/p>\n<p>&nbsp;<\/p>\n","protected":false},"excerpt":{"rendered":"<p>Boj kdysi velk\u00e9ho n\u00e1roda Velk\u00e9 Brit\u00e1nie proti jej\u00edm ob\u010dan\u016fm a svobod\u011b projevu je st\u00e1le drasti\u010dt\u011bj\u0161\u00ed&#8230;.<\/p>\n","protected":false},"author":2,"featured_media":29121,"comment_status":"closed","ping_status":"closed","sticky":false,"template":"","format":"standard","meta":[],"categories":[7],"tags":[2719,86,1107,5824,303,2407],"_links":{"self":[{"href":"https:\/\/www.infokuryr.cz\/n\/wp-json\/wp\/v2\/posts\/75267"}],"collection":[{"href":"https:\/\/www.infokuryr.cz\/n\/wp-json\/wp\/v2\/posts"}],"about":[{"href":"https:\/\/www.infokuryr.cz\/n\/wp-json\/wp\/v2\/types\/post"}],"author":[{"embeddable":true,"href":"https:\/\/www.infokuryr.cz\/n\/wp-json\/wp\/v2\/users\/2"}],"replies":[{"embeddable":true,"href":"https:\/\/www.infokuryr.cz\/n\/wp-json\/wp\/v2\/comments?post=75267"}],"version-history":[{"count":0,"href":"https:\/\/www.infokuryr.cz\/n\/wp-json\/wp\/v2\/posts\/75267\/revisions"}],"wp:featuredmedia":[{"embeddable":true,"href":"https:\/\/www.infokuryr.cz\/n\/wp-json\/wp\/v2\/media\/29121"}],"wp:attachment":[{"href":"https:\/\/www.infokuryr.cz\/n\/wp-json\/wp\/v2\/media?parent=75267"}],"wp:term":[{"taxonomy":"category","embeddable":true,"href":"https:\/\/www.infokuryr.cz\/n\/wp-json\/wp\/v2\/categories?post=75267"},{"taxonomy":"post_tag","embeddable":true,"href":"https:\/\/www.infokuryr.cz\/n\/wp-json\/wp\/v2\/tags?post=75267"}],"curies":[{"name":"wp","href":"https:\/\/api.w.org\/{rel}","templated":true}]}}