{"id":75265,"date":"2025-03-30T00:18:00","date_gmt":"2025-03-29T23:18:00","guid":{"rendered":"https:\/\/www.infokuryr.cz\/n\/?p=75265"},"modified":"2025-03-29T13:53:24","modified_gmt":"2025-03-29T12:53:24","slug":"stealth-bombarder-nad-indickym-oceanem-americka-demonstrace-sily-proti-teheranu","status":"publish","type":"post","link":"https:\/\/www.infokuryr.cz\/n\/2025\/03\/30\/stealth-bombarder-nad-indickym-oceanem-americka-demonstrace-sily-proti-teheranu\/","title":{"rendered":"Stealth bombard\u00e9r nad Indick\u00fdm oce\u00e1nem: Americk\u00e1 demonstrace s\u00edly proti Teher\u00e1nu"},"content":{"rendered":"<div id=\"fb-root\"><\/div>\n<p><strong><span>Americk\u00e1 arm\u00e1da um\u00edstila na Diego Garcia neviditeln\u00e9 bombard\u00e9ry B-2 a tankovac\u00ed letadla. Ostrov v Indick\u00e9m oce\u00e1nu je strategicky d\u016fle\u017eit\u00fd a mohl by b\u00fdt vyu\u017eit k \u00fatok\u016fm na \u00cdr\u00e1n. Neomyln\u00e1 hrozba pro Teher\u00e1n.<\/span><\/strong><\/p>\n<p><span>Diego Garcia, strategick\u00fd ostrov mezi Afrikou a Indon\u00e9si\u00ed, asi 1600 kilometr\u016f ji\u017en\u011b od Indie, u\u017e d\u00e1vno nen\u00ed jen te\u010dkou na map\u011b: je pova\u017eov\u00e1n za \u201enepotopitelnou letadlovou lo\u010f\u201c Washingtonu \u2013 a p\u0159esn\u011b tam nyn\u00ed americk\u00e1 arm\u00e1da nat\u00e1hla svaly. Satelitn\u00ed sn\u00edmky zve\u0159ejn\u011bn\u00e9 ve st\u0159edu Indo-Pacific Watch Center (IPWC) na X ukazuj\u00ed znepokojiv\u00e9 nahromad\u011bn\u00ed: \u201e3 (nebo mo\u017en\u00e1 7) bombard\u00e9r\u016f B-2 a 9 tanker\u016f KC-135\u201c jsou nyn\u00ed p\u0159ipraveny na siln\u011b opevn\u011bn\u00e9 vojensk\u00e9 z\u00e1kladn\u011b.<\/span><\/p>\n<p><span>B-2 Spirit, stealth bombard\u00e9r, kter\u00fd z\u016fst\u00e1v\u00e1 prakticky neviditeln\u00fd, nen\u00ed \u017e\u00e1dn\u00e1 hra\u010dka pro mal\u00e9 \u0161arv\u00e1tky. Spole\u010dn\u011b s KC-135 Stratotankery zaji\u0161\u0165uj\u00edc\u00edmi vzdu\u0161n\u00e9 dopl\u0148ov\u00e1n\u00ed paliva v\u0161e ukazuje na demonstraci s\u00edly s ohledem na Bl\u00edzk\u00fd v\u00fdchod a Indo-Pacifik. &#8222;Tvrzen\u00e9 \u00fakryty jsou nezbytn\u00e9 pro bezpe\u010dnost na\u0161ich vojensk\u00fdch prost\u0159edk\u016f,&#8220;\u00a0<\/span><a href=\"https:\/\/x.com\/IndoPacWatch\/status\/1904969486450434157\"><span>zd\u016fraznila IPWC na X<\/span><\/a><span>\u00a0a dodala: &#8222;Strategick\u00e1 uk\u00e1zka m\u016f\u017ee nep\u0159\u00e1tele odradit, ale my pot\u0159ebujeme adekv\u00e1tn\u00ed ochranu &#8211; zejm\u00e9na tvrzen\u00e9 \u00fakryty v Diegu, Kaden\u011b nebo Andersenu.&#8220; Okam\u017eit\u011b n\u00e1sledovalo kop\u00e1n\u00ed: &#8222;Na\u0161i nep\u0159\u00e1tel\u00e9 maj\u00ed pr\u016fzkumn\u00e9 satelity, tak p\u0159esta\u0148te pou\u017e\u00edvat &#8218;uka\u017e nebo schovej&#8216; jako z\u00e1minku k nechr\u00e1n\u00ed letadla p\u0159ed sluncem, de\u0161t\u011bm nebo p\u0159il\u00e9taj\u00edc\u00edmi raketami Lidov\u00e9 osvobozeneck\u00e9 arm\u00e1dy, a\u017e to bude v\u00e1\u017en\u00e9. Za\u010dn\u011bte stav\u011bt &#8211; hej Andurile, m\u016f\u017ee\u0161 nal\u00edt beton?&#8220;<\/span><\/p>\n<p><span>Diego Garcia je pro v\u011bt\u0161inu Ameri\u010dan\u016f fantom. P\u0159ibli\u017en\u011b 61 kilometr\u016f dlouh\u00fd ostrov, ze kter\u00e9ho lze startovat bombard\u00e9ry B-52, B-1 a B-2, z\u016fst\u00e1v\u00e1 z\u00e1hadou \u2013 p\u0159es 30 let na n\u011bj \u017e\u00e1dn\u00fd novin\u00e1\u0159 nevkro\u010dil. D\u00edky ranveji schopn\u00e9 pojmout gigantick\u00e1 dopravn\u00ed letadla C-5M, C-17 a C-130 a a\u017e 5 000 voj\u00e1k\u016f a civiln\u00edch smluvn\u00edch pracovn\u00edk\u016f na m\u00edst\u011b je tato z\u00e1kladna st\u011b\u017eejn\u00edm bodem zahrani\u010dn\u00ed politiky USA.\u00a0<\/span><a href=\"https:\/\/www.zerohedge.com\/news\/2019-04-16\/diego-garcia-unsinkable-carrier-springs-leak\"><span>Ji\u017e v roce 2019 Conn Hallinan napsal na Counterpunch<\/span><\/a><span> : \u201eDiego Garcia je \u00fast\u0159edn\u00edm prvkem americk\u00e9 v\u00e1lky v Som\u00e1lsku, jej\u00edch n\u00e1let\u016f v Ir\u00e1ku a S\u00fdrii a jej\u00ed kontroly nad Persk\u00fdm z\u00e1livem \u2013 a byl by z\u00e1sadn\u00ed v konfliktu s \u00cdr\u00e1nem.<\/span><\/p>\n<p><span>A tady jsou v\u011bci vzru\u0161uj\u00edc\u00ed.\u00a0<\/span><strong><span>Zat\u00edmco satelitn\u00ed sn\u00edmky ukazuj\u00ed bombard\u00e9ry, sv\u011btov\u00e1 politika v\u0159e. Poradce pro n\u00e1rodn\u00ed bezpe\u010dnost Mike Waltz ned\u00e1vno dal jasn\u011b najevo, \u017ee Trumpova administrativa po\u017eaduje, aby \u00cdr\u00e1n \u201ezcela rozlo\u017eil\u201c sv\u016fj jadern\u00fd program, v\u010detn\u011b civiln\u00edho obohacov\u00e1n\u00ed uranu.<\/span><\/strong><span>\u00a0Rusko okam\u017eit\u011b kontrovalo a prohl\u00e1silo, \u017ee Teher\u00e1n m\u00e1 pr\u00e1vo na m\u00edrov\u00fd jadern\u00fd program. Ale zpr\u00e1va z Washingtonu je neomyln\u00e1: trp\u011blivost doch\u00e1z\u00ed a prost\u0159edky k vym\u00e1h\u00e1n\u00ed jsou na dosah.<\/span><\/p>\n<p><span>Co to znamen\u00e1 pro region? Diego Garcia je nejen geograficky v\u00fdhodn\u00fd \u2013 asi 1700 kilometr\u016f od potenci\u00e1ln\u00edch konfliktn\u00edch z\u00f3n \u2013 ale je tak\u00e9 logistick\u00fdm mistrovsk\u00fdm d\u00edlem. Odtud mohou USA prom\u00edtnout svou moc hluboko na Bl\u00edzk\u00fd v\u00fdchod i mimo n\u011bj.\u00a0<\/span><strong><span>Bombard\u00e9ry B-2, kter\u00e9 mohou b\u00fdt vybaveny p\u0159esn\u00fdmi zbran\u011bmi a jadern\u00fdmi hlavicemi, jsou tichou hrozbou, kterou by nikdo v Teher\u00e1nu nem\u011bl ignorovat.<\/span><\/strong><span> \u00cdr\u00e1n, kter\u00fd po desetilet\u00ed \u017eil se sankcemi a hrozbami, nyn\u00ed \u010del\u00ed nov\u00e9 realit\u011b: neviditeln\u00ed ob\u0159i ji\u017e nejsou vzd\u00e1lenou hrozbou, ale jsou na dosah.<\/span><\/p>\n<p><span>Posily na Diego Garcia p\u0159ich\u00e1zej\u00ed v dob\u011b, kdy je nap\u011bt\u00ed na Bl\u00edzk\u00e9m v\u00fdchod\u011b u\u017e na ost\u0159\u00ed no\u017ee. \u00cdr\u00e1n, kter\u00fd navzdory mezin\u00e1rodn\u00edm omezen\u00edm prosazuje sv\u00e9 jadern\u00e9 ambice, bude tento v\u00fdvoj pova\u017eovat za p\u0159\u00edmou provokaci. USA se ale nespol\u00e9haj\u00ed pouze na diplomacii \u2013 ukazuj\u00ed zuby. Pro konzervativce ve St\u00e1tech je to jasn\u00fd sign\u00e1l: Amerika je zp\u011bt, se silou a odhodl\u00e1n\u00edm. U\u017e \u017e\u00e1dn\u00e9 klan\u011bn\u00ed se re\u017eim\u016fm, kter\u00e9 napadaj\u00ed Z\u00e1pad. Ot\u00e1zkou ale z\u016fst\u00e1v\u00e1: Jak daleko Washington zajde?<\/span><\/p>\n<p><img decoding=\"async\" loading=\"lazy\" class=\"alignnone size-full wp-image-71983\" src=\"http:\/\/www.infokuryr.cz\/n\/wp-content\/uploads\/2025\/02\/aaa.jpg\" alt=\"\" width=\"89\" height=\"23\" \/><\/p>\n<p>&nbsp;<\/p>\n","protected":false},"excerpt":{"rendered":"<p>Americk\u00e1 arm\u00e1da um\u00edstila na Diego Garcia neviditeln\u00e9 bombard\u00e9ry B-2 a tankovac\u00ed letadla. Ostrov v Indick\u00e9m&#8230;<\/p>\n","protected":false},"author":2,"featured_media":75266,"comment_status":"closed","ping_status":"closed","sticky":false,"template":"","format":"standard","meta":[],"categories":[7],"tags":[7626,8794,38,37],"_links":{"self":[{"href":"https:\/\/www.infokuryr.cz\/n\/wp-json\/wp\/v2\/posts\/75265"}],"collection":[{"href":"https:\/\/www.infokuryr.cz\/n\/wp-json\/wp\/v2\/posts"}],"about":[{"href":"https:\/\/www.infokuryr.cz\/n\/wp-json\/wp\/v2\/types\/post"}],"author":[{"embeddable":true,"href":"https:\/\/www.infokuryr.cz\/n\/wp-json\/wp\/v2\/users\/2"}],"replies":[{"embeddable":true,"href":"https:\/\/www.infokuryr.cz\/n\/wp-json\/wp\/v2\/comments?post=75265"}],"version-history":[{"count":0,"href":"https:\/\/www.infokuryr.cz\/n\/wp-json\/wp\/v2\/posts\/75265\/revisions"}],"wp:featuredmedia":[{"embeddable":true,"href":"https:\/\/www.infokuryr.cz\/n\/wp-json\/wp\/v2\/media\/75266"}],"wp:attachment":[{"href":"https:\/\/www.infokuryr.cz\/n\/wp-json\/wp\/v2\/media?parent=75265"}],"wp:term":[{"taxonomy":"category","embeddable":true,"href":"https:\/\/www.infokuryr.cz\/n\/wp-json\/wp\/v2\/categories?post=75265"},{"taxonomy":"post_tag","embeddable":true,"href":"https:\/\/www.infokuryr.cz\/n\/wp-json\/wp\/v2\/tags?post=75265"}],"curies":[{"name":"wp","href":"https:\/\/api.w.org\/{rel}","templated":true}]}}