{"id":7526,"date":"2022-01-13T09:30:21","date_gmt":"2022-01-13T08:30:21","guid":{"rendered":"http:\/\/www.infokuryr.cz\/n\/?p=7526"},"modified":"2022-01-13T09:30:21","modified_gmt":"2022-01-13T08:30:21","slug":"bkp-exkomunikace-arcibiskupa-jana-graubnera-za-prosazovani-covidoveho-antievangelia","status":"publish","type":"post","link":"https:\/\/www.infokuryr.cz\/n\/2022\/01\/13\/bkp-exkomunikace-arcibiskupa-jana-graubnera-za-prosazovani-covidoveho-antievangelia\/","title":{"rendered":"BKP: Exkomunikace arcibiskupa Jana Graubnera za prosazov\u00e1n\u00ed covidov\u00e9ho antievangelia"},"content":{"rendered":"<div id=\"fb-root\"><\/div>\n<p>Dne 17. listopadu 2021 arcib. Jan Graubner svou ve\u0159ejnou v\u00fdzvou s\u00e1m na sebe st\u00e1hl Bo\u017e\u00ed anathemu (proklet\u00ed). Vylou\u010dil se z\u00a0c\u00edrkve prosazov\u00e1n\u00edm covidov\u00e9ho antievangelia. Bo\u017e\u00ed slovo varuje:\u00a0<i>\u201eKdo by hl\u00e1sal jin\u00e9 evangelium, anathema sit \u2013 budi\u017e proklet \u2013 vylou\u010den.\u201c<\/i>\u00a0(Gal 1,8-9)<\/p>\n<p>Covidov\u00e9 antievangelium prosazuje experiment\u00e1ln\u00ed mRNA vakcinaci. Je propojen\u00e9 s\u00a0n\u011bkolika zlo\u010diny proti podstatn\u00fdm pravd\u00e1m v\u00edry a mor\u00e1lky.<\/p>\n<p>T\u00edmto dne 6. ledna 2022 v Bo\u017e\u00ed autorit\u011b apo\u0161tolsk\u00e9 a prorock\u00e9 zve\u0159ej\u0148uji Bo\u017e\u00ed anathemu na jmenovan\u00e9ho arcibiskupa Jana Graubnera. Katol\u00edci jsou ve sv\u011bdom\u00ed zav\u00e1z\u00e1ni anathemu respektovat.<\/p>\n<p>Dle v\u011brou\u010dn\u00e9 buly Cum ex apostolatus officio v\u0161echno, co exkomunikovan\u00fd bude konat, je v\u00a0duchovn\u00ed oblasti neplatn\u00e9. Exkomunikovan\u00fd je povinen c\u00edrkevn\u00ed \u00fa\u0159ad opustit.<\/p>\n<p align=\"center\">+ Eli\u00e1\u0161<\/p>\n<p align=\"center\">Patriarcha Byzantsk\u00e9ho katolick\u00e9ho patriarch\u00e1tu<\/p>\n<p align=\"right\">6. 1. 2022<\/p>\n<p>Od\u016fvodn\u011bn\u00ed exkomunikace<\/p>\n<p>Jan Graubner zneu\u017eil c\u00edrkevn\u00ed autoritu k\u00a0oklam\u00e1n\u00ed ve\u0159ejnosti s c\u00edlem prosazen\u00ed mRNA vakcinace.<\/p>\n<p>1) mRNA vakc\u00edna m\u011bn\u00ed genom \u010dlov\u011bka, t\u00edm jde o vzpouru proti Bohu Stvo\u0159iteli.<\/p>\n<p>2) mRNA vakc\u00edna je sou\u010d\u00e1st\u00ed procesu \u010dipizace lidstva, co\u017e je z\u00a0duchovn\u00edho hlediska apostaze a satanizace.<\/p>\n<p>3) mRNA vakcinace je sou\u010d\u00e1st\u00ed redukce \u2013 genocidy lidstva \u2013 co\u017e je zlo\u010din proti Bohu a lidstvu.<\/p>\n<p>4) mRNA vakcinace je satansk\u00fdm antik\u0159tem, nebo\u0165 je spojena s\u00a0vra\u017edou nenarozen\u00e9ho d\u00edt\u011bte.<\/p>\n<p>Arcibiskup Jan Graubner v\u0161ak klame, \u017ee pr\u00fd\u00a0<i>nejde o h\u0159\u00edch<\/i>\u00a0a \u017ee v\u0161ichni mRNA vakc\u00ednu\u00a0<i>\u201emohou p\u0159ijmout s\u00a0\u010dist\u00fdm sv\u011bdom\u00edm\u201c.<\/i>\u00a0Fale\u0161n\u011b v\u0161echny zavazuje ve sv\u011bdom\u00ed,<i>\u00a0aby se\u00a0<\/i>pr\u00fd<i>\u00a0z ohledu na ostatn\u00ed nechali o\u010dkovat.\u00a0<\/i>Na b\u00e1zi podvodu nut\u00ed k zlo\u010dinn\u00e9 vakcinaci pod rou\u0161kou tzv.\u00a0<i>l\u00e1sky<\/i>\u00a0a tzv.<i>\u00a0spole\u010dn\u00e9ho dobra<\/i>.<\/p>\n<p align=\"center\">&#8212;&#8212;&#8212;&#8212;&#8212;&#8212;&#8212;&#8212;&#8212;&#8212;&#8212;&#8212;&#8212;&#8212;&#8212;&#8212;&#8212;&#8212;&#8212;&#8212;&#8212;&#8212;&#8212;&#8212;&#8212;&#8212;&#8211;<\/p>\n<p align=\"center\"><strong><span lang=\"CS\">BKP: Reakce na t\u0159et\u00ed o\u010dkovac\u00ed teror ve Vatik\u00e1nu<\/span><\/strong><\/p>\n<p>&nbsp;<\/p>\n<div class='videoWrapper'>\r\n\t            <iframe src='https:\/\/rumble.com\/embed\/pj.vpaiqt\/' frameborder='0' allowfullscreen><\/iframe>\r\n\t        <\/div>\n<p>&nbsp;<\/p>\n<p>V\u00e1\u017een\u00ed otcov\u00e9 v\u00a0biskupsk\u00e9 slu\u017eb\u011b,<\/p>\n<p>Vatik\u00e1n zve\u0159ejnil, \u017ee kdo z\u00a0jeho zam\u011bstnanc\u016f do 1. \u00fanora nep\u0159ijme t\u0159et\u00ed vakc\u00ednu, bude bez v\u00fdpov\u011bdn\u00ed lh\u016fty okam\u017eit\u011b vyhozen.<\/p>\n<p>Uv\u011bdomte si, \u017ee vy jste pod vl\u00e1dou okupanta, arciheretika a zlo\u010dince Bergoglia. On v\u00e1s bude nutit realizovat jeho zlo\u010diny v\u016f\u010di Kristu i lidstvu ve va\u0161\u00ed diec\u00e9zi a ve va\u0161em n\u00e1rod\u011b. Budete muset napl\u0148ovat jeho pl\u00e1n genocidn\u00ed vakcinace. Jist\u011b v\u00edte, \u017ee mRNA vakc\u00edna mimo jin\u00e9 naru\u0161uje i lidsk\u00fd genom. Je spojena s\u00a0grafenem, s tvorbou spike proteinu a s\u00a0krv\u00ed sadisticky zavra\u017ed\u011bn\u00fdch nenarozen\u00fdch d\u011bt\u00ed. Vlastn\u011b to ani nen\u00ed vakc\u00edna, to je satansk\u00fd antik\u0159est. Nav\u00edc je marn\u00e1 nad\u011bje, \u017ee t\u0159et\u00edm vakcinov\u00e1n\u00edm to skon\u010d\u00ed, mluv\u00ed se u\u017e o \u010dtvrt\u00e9m. Nastupuje t\u00edm syst\u00e9m permanentn\u00ed vakcinace, jeho\u017e c\u00edlem je u\u010dinit z\u00a0lid\u00ed bioroboty a geneticky modifikovan\u00e9 organismy. Kone\u010dn\u00fd d\u016fsledek je redukce lidstva a pak? Ohniv\u00e9 jezero.<\/p>\n<p>\u010cek\u00e1 v\u00e1s v\u011b\u010dn\u00e9 peklo, pokud se od vatik\u00e1nsk\u00e9ho vakcina\u010dn\u00edho antievangelia neodd\u011bl\u00edte. Dnes u\u017e nem\u016f\u017eete z\u016fstat pasivn\u00ed! V\u00a0dan\u00e9 situaci je pasivita zlo\u010din! Mus\u00edte se aktivn\u011b postavit proti smrt\u00edc\u00ed ma\u0161in\u00e9rii. Pokud se proti n\u00ed nepostav\u00edte, budete Bohem i lidmi souzeni za zradu Krista a za zlo\u010diny proti lidskosti.<\/p>\n<p>Bergogli\u00e1nsk\u00fd Vatik\u00e1n rozh\u00fdbal ma\u0161in\u00e9rii povinn\u00e9ho o\u010dkov\u00e1n\u00ed. T\u00edm dal zhoubn\u00fd precedent a z\u00e1rove\u0148 fale\u0161n\u00e9 mor\u00e1ln\u00ed ospravedln\u011bn\u00ed pro zlo\u010dineck\u00e9 vl\u00e1dy. Pokud vy, biskupov\u00e9, budete v\u00a0t\u00e9to f\u00e1zi ml\u010det, ponesete hlavn\u00ed vinu za genocidu vlastn\u00edho n\u00e1roda. Vl\u00e1da se odvol\u00e1 na apostatick\u00fd Vatik\u00e1n a ztrat\u00ed i posledn\u00ed kapku sv\u011bdom\u00ed. Vy ale Vatik\u00e1n v n\u00e1rod\u011b reprezentujete. Sta\u010d\u00ed va\u0161e pasivita, aby n\u00e1rod byl zlikvidov\u00e1n. Vy jste dnes povinni vy\u010dlenit se z\u00a0organizovan\u00e9ho zlo\u010dinu bergogli\u00e1nsk\u00e9ho Vatik\u00e1nu a pov\u011bd\u011bt mu jasn\u00e9 NE! Toto je pravdiv\u00e1 synod\u00e1ln\u00ed cesta a z\u00e1chrann\u00e9 pok\u00e1n\u00ed. Pokud se nevy\u010dlen\u00edte, va\u0161e jednota s\u00a0programovanou satanizac\u00ed, vedenou bergogli\u00e1nsk\u00fdm Vatik\u00e1nem, bude m\u00edt hlub\u0161\u00ed dopad ne\u017e u politik\u016f a l\u017eiv\u00e9ho mainstreamu. Pro va\u0161i zradu, draz\u00ed biskupov\u00e9, B\u016fh nebude moci zas\u00e1hnout k\u00a0z\u00e1chran\u011b va\u0161eho n\u00e1roda. Kdy\u017e vy se ale ze zlo\u010dineck\u00e9ho syst\u00e9mu vyman\u00edte, l\u017eiv\u00e9 fluidum Vatik\u00e1nu praskne a B\u016fh skrze v\u00e1\u0161 skutek v\u00edry zas\u00e1hne k z\u00e1chran\u011b c\u00edrkve i va\u0161eho n\u00e1roda.<\/p>\n<p>Spo\u010d\u00edv\u00e1 na v\u00e1s, draz\u00ed otcov\u00e9 biskupov\u00e9, mimo\u0159\u00e1dn\u011b velk\u00e1 zodpov\u011bdnost, p\u0159ed kterou nikam neute\u010dete. Bu\u010f budete hrdinov\u00e9, anebo zlo\u010dinci. Nav\u00edc t\u00edm rozhodujete i o sp\u00e1se vlastn\u00ed du\u0161e \u2013 bu\u010f z\u00edsk\u00e1te korunu v\u011b\u010dn\u00e9 sl\u00e1vy, nebo budete v\u011b\u010dn\u011b zavr\u017eeni v\u00a0pekle spolu s\u00a0cel\u00fdm syst\u00e9mem covidov\u00e9ho-satanismu.<\/p>\n<p>K\u00e9\u017e je v\u00e1m p\u0159\u00edkladem state\u010dnosti a v\u011brnosti Krist\u016fv slu\u017eebn\u00edk \u0421arlo Maria Vigan\u00f2! Rozhodn\u011bte se i vy pro Boha a z\u00e1chranu n\u00e1roda i za cenu katakomb \u010di nekrvav\u00e9ho nebo krvav\u00e9ho mu\u010dednictv\u00ed!<\/p>\n<p align=\"center\">+ Eli\u00e1\u0161<\/p>\n<p align=\"center\">Patriarcha Byzantsk\u00e9ho katolick\u00e9ho patriarch\u00e1tu<\/p>\n<p style=\"text-align: left;\" align=\"center\">\n<p align=\"center\">\n","protected":false},"excerpt":{"rendered":"<p>Dne 17. listopadu 2021 arcib. Jan Graubner svou ve\u0159ejnou v\u00fdzvou s\u00e1m na sebe st\u00e1hl Bo\u017e\u00ed&#8230;<\/p>\n","protected":false},"author":2,"featured_media":638,"comment_status":"closed","ping_status":"closed","sticky":false,"template":"","format":"standard","meta":[],"categories":[6],"tags":[1413,948,1703,1704,329],"_links":{"self":[{"href":"https:\/\/www.infokuryr.cz\/n\/wp-json\/wp\/v2\/posts\/7526"}],"collection":[{"href":"https:\/\/www.infokuryr.cz\/n\/wp-json\/wp\/v2\/posts"}],"about":[{"href":"https:\/\/www.infokuryr.cz\/n\/wp-json\/wp\/v2\/types\/post"}],"author":[{"embeddable":true,"href":"https:\/\/www.infokuryr.cz\/n\/wp-json\/wp\/v2\/users\/2"}],"replies":[{"embeddable":true,"href":"https:\/\/www.infokuryr.cz\/n\/wp-json\/wp\/v2\/comments?post=7526"}],"version-history":[{"count":0,"href":"https:\/\/www.infokuryr.cz\/n\/wp-json\/wp\/v2\/posts\/7526\/revisions"}],"wp:featuredmedia":[{"embeddable":true,"href":"https:\/\/www.infokuryr.cz\/n\/wp-json\/wp\/v2\/media\/638"}],"wp:attachment":[{"href":"https:\/\/www.infokuryr.cz\/n\/wp-json\/wp\/v2\/media?parent=7526"}],"wp:term":[{"taxonomy":"category","embeddable":true,"href":"https:\/\/www.infokuryr.cz\/n\/wp-json\/wp\/v2\/categories?post=7526"},{"taxonomy":"post_tag","embeddable":true,"href":"https:\/\/www.infokuryr.cz\/n\/wp-json\/wp\/v2\/tags?post=7526"}],"curies":[{"name":"wp","href":"https:\/\/api.w.org\/{rel}","templated":true}]}}