{"id":75157,"date":"2025-03-28T00:33:31","date_gmt":"2025-03-27T23:33:31","guid":{"rendered":"https:\/\/www.infokuryr.cz\/n\/?p=75157"},"modified":"2025-03-27T18:16:08","modified_gmt":"2025-03-27T17:16:08","slug":"pet-zranenych-pri-utoku-nozem-v-amsterdamu","status":"publish","type":"post","link":"https:\/\/www.infokuryr.cz\/n\/2025\/03\/28\/pet-zranenych-pri-utoku-nozem-v-amsterdamu\/","title":{"rendered":"P\u011bt zran\u011bn\u00fdch p\u0159i \u00fatoku no\u017eem v Amsterdamu"},"content":{"rendered":"<div id=\"fb-root\"><\/div>\n<h3>Podez\u0159el\u00fd byl vzat do vazby, ale vy\u0161et\u0159ovatel\u00e9 zat\u00edm nezjistili motiv<\/h3>\n<p><span>Podle m\u00edstn\u00ed policie do\u0161lo ve \u010dtvrtek v centru Amsterdamu v Nizozemsku k incidentu, p\u0159i kter\u00e9m bylo zran\u011bno nejm\u00e9n\u011b p\u011bt lid\u00ed.\u00a0<\/span><\/p>\n<p><span>Podez\u0159el\u00fd byl zadr\u017een pot\u00e9, co napadl lidi v okol\u00ed n\u00e1m\u011bst\u00ed Dam. Jeho motiv je zat\u00edm nezn\u00e1m\u00fd a prob\u00edh\u00e1 vy\u0161et\u0159ov\u00e1n\u00ed.<\/span><\/p>\n<p><em><span>&#8222;P\u0159i incidentu pobod\u00e1n\u00ed na Sint Nicolaasstraat [nedaleko] Dam Square bylo zran\u011bno p\u011bt lid\u00ed. Jeden podez\u0159el\u00fd byl zat\u010den,&#8220;<\/span><\/em><span>\u00a0uvedla policie.<\/span><\/p>\n<p><span>Z\u00e1b\u011bry, kter\u00e9 koluj\u00ed online, ukazuj\u00ed n\u011bkolik sanitek na m\u00edst\u011b \u010dinu a tak\u00e9 helikopt\u00e9ru Medevac p\u0159ist\u00e1vaj\u00edc\u00ed na n\u00e1m\u011bst\u00ed. Zd\u00e1 se, \u017ee jeho \u010d\u00e1st byla uzav\u0159ena polici\u00ed.<\/span><\/p>\n<div class=\"rtcode\">\n<div class=\"twitter-tweet twitter-tweet-rendered\"><iframe id=\"twitter-widget-0\" class=\"\" title=\"P\u0159\u00edsp\u011bvek X\" src=\"https:\/\/platform.twitter.com\/embed\/Tweet.html?creatorScreenName=RT_com&amp;dnt=false&amp;embedId=twitter-widget-0&amp;features=eyJ0ZndfdGltZWxpbmVfbGlzdCI6eyJidWNrZXQiOltdLCJ2ZXJzaW9uIjpudWxsfSwidGZ3X2ZvbGxvd2VyX2NvdW50X3N1bnNldCI6eyJidWNrZXQiOnRydWUsInZlcnNpb24iOm51bGx9LCJ0ZndfdHdlZXRfZWRpdF9iYWNrZW5kIjp7ImJ1Y2tldCI6Im9uIiwidmVyc2lvbiI6bnVsbH0sInRmd19yZWZzcmNfc2Vzc2lvbiI6eyJidWNrZXQiOiJvbiIsInZlcnNpb24iOm51bGx9LCJ0ZndfZm9zbnJfc29mdF9pbnRlcnZlbnRpb25zX2VuYWJsZWQiOnsiYnVja2V0Ijoib24iLCJ2ZXJzaW9uIjpudWxsfSwidGZ3X21peGVkX21lZGlhXzE1ODk3Ijp7ImJ1Y2tldCI6InRyZWF0bWVudCIsInZlcnNpb24iOm51bGx9LCJ0ZndfZXhwZXJpbWVudHNfY29va2llX2V4cGlyYXRpb24iOnsiYnVja2V0IjoxMjA5NjAwLCJ2ZXJzaW9uIjpudWxsfSwidGZ3X3Nob3dfYmlyZHdhdGNoX3Bpdm90c19lbmFibGVkIjp7ImJ1Y2tldCI6Im9uIiwidmVyc2lvbiI6bnVsbH0sInRmd19kdXBsaWNhdGVfc2NyaWJlc190b19zZXR0aW5ncyI6eyJidWNrZXQiOiJvbiIsInZlcnNpb24iOm51bGx9LCJ0ZndfdXNlX3Byb2ZpbGVfaW1hZ2Vfc2hhcGVfZW5hYmxlZCI6eyJidWNrZXQiOiJvbiIsInZlcnNpb24iOm51bGx9LCJ0ZndfdmlkZW9faGxzX2R5bmFtaWNfbWFuaWZlc3RzXzE1MDgyIjp7ImJ1Y2tldCI6InRydWVfYml0cmF0ZSIsInZlcnNpb24iOm51bGx9LCJ0ZndfbGVnYWN5X3RpbWVsaW5lX3N1bnNldCI6eyJidWNrZXQiOnRydWUsInZlcnNpb24iOm51bGx9LCJ0ZndfdHdlZXRfZWRpdF9mcm9udGVuZCI6eyJidWNrZXQiOiJvbiIsInZlcnNpb24iOm51bGx9fQ%3D%3D&amp;frame=false&amp;hideCard=false&amp;hideThread=false&amp;id=1905277131157909997&amp;lang=cs&amp;origin=https%3A%2F%2Fwww.rt.com%2Fnews%2F614869-amsterdam-knife-attack-netherlands%2F&amp;sessionId=2e8defca133e7d44fe4d627bf58f85e5d88c09a4&amp;siteScreenName=RT_com&amp;theme=light&amp;widgetsVersion=2615f7e52b7e0%3A1702314776716&amp;width=550px\" frameborder=\"0\" scrolling=\"no\" allowfullscreen=\"allowfullscreen\" data-tweet-id=\"1905277131157909997\" data-mce-fragment=\"1\"><\/iframe><\/div>\n<\/div>\n<p><span>Policie po\u017e\u00e1dala ve\u0159ejnost, aby j\u00ed poskytla ve\u0161ker\u00e9 dostupn\u00e9 z\u00e1b\u011bry z \u00fatoku a sd\u00edlela online\u00a0<\/span><a href=\"https:\/\/x.com\/POL_Amsterdam\/status\/1905282249357935008\" target=\"_blank\" rel=\"noopener noreferrer\"><span>odkaz<\/span><\/a><span>\u00a0, aby \u010dten\u00e1\u0159i mohli poslat data, kter\u00e1 by mohla b\u00fdt pou\u017eita jako d\u016fkaz.<\/span><\/p>\n<p><img decoding=\"async\" loading=\"lazy\" class=\"alignnone size-full wp-image-71983\" src=\"http:\/\/www.infokuryr.cz\/n\/wp-content\/uploads\/2025\/02\/aaa.jpg\" alt=\"\" width=\"89\" height=\"23\" \/><\/p>\n<p>&nbsp;<\/p>\n","protected":false},"excerpt":{"rendered":"<p>Podez\u0159el\u00fd byl vzat do vazby, ale vy\u0161et\u0159ovatel\u00e9 zat\u00edm nezjistili motiv Podle m\u00edstn\u00ed policie do\u0161lo ve&#8230;<\/p>\n","protected":false},"author":2,"featured_media":75158,"comment_status":"closed","ping_status":"closed","sticky":false,"template":"","format":"standard","meta":[],"categories":[7],"tags":[3840,1322,723,3320],"_links":{"self":[{"href":"https:\/\/www.infokuryr.cz\/n\/wp-json\/wp\/v2\/posts\/75157"}],"collection":[{"href":"https:\/\/www.infokuryr.cz\/n\/wp-json\/wp\/v2\/posts"}],"about":[{"href":"https:\/\/www.infokuryr.cz\/n\/wp-json\/wp\/v2\/types\/post"}],"author":[{"embeddable":true,"href":"https:\/\/www.infokuryr.cz\/n\/wp-json\/wp\/v2\/users\/2"}],"replies":[{"embeddable":true,"href":"https:\/\/www.infokuryr.cz\/n\/wp-json\/wp\/v2\/comments?post=75157"}],"version-history":[{"count":0,"href":"https:\/\/www.infokuryr.cz\/n\/wp-json\/wp\/v2\/posts\/75157\/revisions"}],"wp:featuredmedia":[{"embeddable":true,"href":"https:\/\/www.infokuryr.cz\/n\/wp-json\/wp\/v2\/media\/75158"}],"wp:attachment":[{"href":"https:\/\/www.infokuryr.cz\/n\/wp-json\/wp\/v2\/media?parent=75157"}],"wp:term":[{"taxonomy":"category","embeddable":true,"href":"https:\/\/www.infokuryr.cz\/n\/wp-json\/wp\/v2\/categories?post=75157"},{"taxonomy":"post_tag","embeddable":true,"href":"https:\/\/www.infokuryr.cz\/n\/wp-json\/wp\/v2\/tags?post=75157"}],"curies":[{"name":"wp","href":"https:\/\/api.w.org\/{rel}","templated":true}]}}