{"id":75126,"date":"2025-03-28T00:20:07","date_gmt":"2025-03-27T23:20:07","guid":{"rendered":"https:\/\/www.infokuryr.cz\/n\/?p=75126"},"modified":"2025-03-27T14:28:52","modified_gmt":"2025-03-27T13:28:52","slug":"vladni-cenzura-odhalena-tajna-spoluprace-mezi-gec-usaid-a-medialnimi-giganty","status":"publish","type":"post","link":"https:\/\/www.infokuryr.cz\/n\/2025\/03\/28\/vladni-cenzura-odhalena-tajna-spoluprace-mezi-gec-usaid-a-medialnimi-giganty\/","title":{"rendered":"Vl\u00e1dn\u00ed cenzura odhalena \u2013 tajn\u00e1 spolupr\u00e1ce mezi GEC, USAID a medi\u00e1ln\u00edmi giganty"},"content":{"rendered":"<div id=\"fb-root\"><\/div>\n<div class=\"elementor-element elementor-element-1fb4c2c elementor-widget elementor-widget-theme-post-content\" data-id=\"1fb4c2c\" data-element_type=\"widget\" data-widget_type=\"theme-post-content.default\">\n<div class=\"elementor-widget-container\">\n<p><span>American\u00a0<\/span><a href=\"https:\/\/threadreaderapp.com\/thread\/1902792167023841353.html\" target=\"_blank\" rel=\"noreferrer noopener\" data-type=\"link\" data-id=\"https:\/\/threadreaderapp.com\/thread\/1902792167023841353.html\"><span>First Legal<\/span><\/a><span>\u00a0odhaluje masivn\u00ed, st\u00e1tem podporovanou cenzurn\u00ed operaci prov\u00e1d\u011bnou americkou agenturou pro mezin\u00e1rodn\u00ed rozvoj (USAID), Global Engagement Center (GEC), britskou vl\u00e1dou a r\u016fzn\u00fdmi sd\u011blovac\u00edmi prost\u0159edky s c\u00edlem zmanipulovat ve\u0159ejn\u00fd diskurs a uml\u010det americk\u00e9 ob\u010dany.<\/span><\/p>\n<div class=\"twitter-tweet twitter-tweet-rendered\"><iframe id=\"twitter-widget-0\" class=\"\" title=\"X Post\" src=\"https:\/\/platform.twitter.com\/embed\/Tweet.html?dnt=false&amp;embedId=twitter-widget-0&amp;features=eyJ0ZndfdGltZWxpbmVfbGlzdCI6eyJidWNrZXQiOltdLCJ2ZXJzaW9uIjpudWxsfSwidGZ3X2ZvbGxvd2VyX2NvdW50X3N1bnNldCI6eyJidWNrZXQiOnRydWUsInZlcnNpb24iOm51bGx9LCJ0ZndfdHdlZXRfZWRpdF9iYWNrZW5kIjp7ImJ1Y2tldCI6Im9uIiwidmVyc2lvbiI6bnVsbH0sInRmd19yZWZzcmNfc2Vzc2lvbiI6eyJidWNrZXQiOiJvbiIsInZlcnNpb24iOm51bGx9LCJ0ZndfZm9zbnJfc29mdF9pbnRlcnZlbnRpb25zX2VuYWJsZWQiOnsiYnVja2V0Ijoib24iLCJ2ZXJzaW9uIjpudWxsfSwidGZ3X21peGVkX21lZGlhXzE1ODk3Ijp7ImJ1Y2tldCI6InRyZWF0bWVudCIsInZlcnNpb24iOm51bGx9LCJ0ZndfZXhwZXJpbWVudHNfY29va2llX2V4cGlyYXRpb24iOnsiYnVja2V0IjoxMjA5NjAwLCJ2ZXJzaW9uIjpudWxsfSwidGZ3X3Nob3dfYmlyZHdhdGNoX3Bpdm90c19lbmFibGVkIjp7ImJ1Y2tldCI6Im9uIiwidmVyc2lvbiI6bnVsbH0sInRmd19kdXBsaWNhdGVfc2NyaWJlc190b19zZXR0aW5ncyI6eyJidWNrZXQiOiJvbiIsInZlcnNpb24iOm51bGx9LCJ0ZndfdXNlX3Byb2ZpbGVfaW1hZ2Vfc2hhcGVfZW5hYmxlZCI6eyJidWNrZXQiOiJvbiIsInZlcnNpb24iOm51bGx9LCJ0ZndfdmlkZW9faGxzX2R5bmFtaWNfbWFuaWZlc3RzXzE1MDgyIjp7ImJ1Y2tldCI6InRydWVfYml0cmF0ZSIsInZlcnNpb24iOm51bGx9LCJ0ZndfbGVnYWN5X3RpbWVsaW5lX3N1bnNldCI6eyJidWNrZXQiOnRydWUsInZlcnNpb24iOm51bGx9LCJ0ZndfdHdlZXRfZWRpdF9mcm9udGVuZCI6eyJidWNrZXQiOiJvbiIsInZlcnNpb24iOm51bGx9fQ%3D%3D&amp;frame=false&amp;hideCard=false&amp;hideThread=false&amp;id=1902792167023841353&amp;lang=de&amp;origin=https%3A%2F%2Funcutnews.ch%2Fregierungszensur-enthuellt-geheime-zusammenarbeit-zwischen-gec-usaid-und-medienriesen%2F&amp;sessionId=ad1f4812be60cd9062a7221bcd0a8433a9a49c7d&amp;theme=light&amp;widgetsVersion=2615f7e52b7e0%3A1702314776716&amp;width=550px\" frameborder=\"0\" scrolling=\"no\" allowfullscreen=\"allowfullscreen\" data-tweet-id=\"1902792167023841353\" data-mce-fragment=\"1\"><\/iframe><\/div>\n<p><strong><span>Pozad\u00ed GEC:<\/span><\/strong><span>\u00a0The Global Engagement Center bylo p\u016fvodn\u011b zalo\u017eeno za \u00fa\u010delem boje proti zahrani\u010dn\u00edm dezinformac\u00edm v zahrani\u010d\u00ed. V prosinci 2024 v\u0161ak byla uzav\u0159ena pot\u00e9, co se zjistilo, \u017ee \u0161\u00ed\u0159\u00ed st\u00e1tem podporovanou propagandu a vyu\u017e\u00edv\u00e1 soukrom\u00e9 medi\u00e1ln\u00ed organizace k potla\u010dov\u00e1n\u00ed projevu ve Spojen\u00fdch st\u00e1tech.<\/span><\/p>\n<p><strong><span>Koordinace mezi GEC a USAID:<\/span><\/strong><span>\u00a0Dokumenty ukazuj\u00ed, \u017ee GEC a USAID spolupracovaly na cenzu\u0159e takzvan\u00fdch \u201edezinformac\u00ed COVID-19\u201c a proti \u201epropagand\u011b COVID-19\u201c. Tato spolupr\u00e1ce je v rozporu s deklarovan\u00fdm posl\u00e1n\u00edm USAID pom\u00e1hat zem\u00edm zotavit se z katastrof, sni\u017eovat chudobu a podporovat demokratick\u00e9 reformy.<\/span><\/p>\n<p><strong><span>Zapojen\u00ed soukrom\u00fdch medi\u00e1ln\u00edch spole\u010dnost\u00ed:<\/span><\/strong><span>\u00a0Pozoruhodn\u00fdm p\u0159\u00edkladem je e-mail od Matta Skibinsk\u00e9ho z NewsGuard, kter\u00fd dva dny po prezidentsk\u00fdch volb\u00e1ch v USA v roce 2020 kontaktoval vl\u00e1dn\u00ed \u00fa\u0159edn\u00edky, aby jim nab\u00eddl slu\u017eby spole\u010dnosti pro sledov\u00e1n\u00ed m\u00e9di\u00ed. Tento e-mail byl zasl\u00e1n z\u00e1stupc\u016fm Park Advisors, GEC, USAID, N\u00e1rodn\u00ed bezpe\u010dnostn\u00ed agentu\u0159e (NSA) a r\u016fzn\u00fdm odd\u011blen\u00edm ministerstva obrany.<\/span><\/p>\n<p><strong><span>Financov\u00e1n\u00ed a p\u0159ipojen\u00ed:<\/span><\/strong><span>\u00a0V\u00fdbor pro mal\u00e9 podniky ve sn\u011bmovn\u011b poznamenal, \u017ee spole\u010dnost Park Advisors obdr\u017eela od GEC grant ve v\u00fd\u0161i v\u00edce ne\u017e 6 milion\u016f dolar\u016f. Tato spole\u010dnost n\u00e1sledn\u011b zadala pr\u00e1ci organizac\u00edm, jako je NewsGuard, Atlantic Council a Global Disinformation Index, projekt financovan\u00fd Georgem Sorosem, kter\u00fd sestavoval seznamy konzervativn\u00edch web\u016f, kter\u00e9 doporu\u010dovala inzerent\u016fm bojkotovat.<\/span><\/p>\n<p><strong><span>Vyu\u017eit\u00ed um\u011bl\u00e9 inteligence pro sledov\u00e1n\u00ed:<\/span><\/strong><span>\u00a0Skibinskiho korespondence ukazuje okam\u017eitou koordinaci mezi Park Advisors, GEC, USAID, NSA a ministerstvem obrany p\u0159i pou\u017e\u00edv\u00e1n\u00ed nov\u00fdch n\u00e1stroj\u016f um\u011bl\u00e9 inteligence a strojov\u00e9ho u\u010den\u00ed ke sledov\u00e1n\u00ed \u201edezinformac\u00ed\u201c.<\/span><\/p>\n<p><strong><span>Nedostatek z\u00e1ruk:<\/span><\/strong><span>\u00a0Zpr\u00e1va sn\u011bmovn\u00edho v\u00fdboru pro mal\u00e9 podniky zjistila, \u017ee neexistuj\u00ed \u017e\u00e1dn\u00e9 z\u00e1ruky, kter\u00e9 by zajistily, \u017ee vl\u00e1dn\u00ed zdroje nebudou pou\u017eity k v\u00fdvoji a podpo\u0159e technologi\u00ed, kter\u00e9 by mohly m\u00edt dopad na dom\u00e1c\u00ed sektor.<\/span><\/p>\n<p><span>Stru\u010dn\u011b \u0159e\u010deno, dokumenty odhaluj\u00ed \u00fazkou spolupr\u00e1ci mezi vl\u00e1dn\u00edmi agenturami a soukrom\u00fdmi sd\u011blovac\u00edmi prost\u0159edky p\u0159i kontrole ve\u0159ejn\u00e9ho diskurzu a propagaci ur\u010dit\u00fdch narativ\u016f, co\u017e vyvol\u00e1v\u00e1 v\u00e1\u017en\u00e9 obavy o svobodu projevu a roli st\u00e1tn\u00edch instituc\u00ed p\u0159i ovliv\u0148ov\u00e1n\u00ed ve\u0159ejn\u00e9ho m\u00edn\u011bn\u00ed.<\/span><\/p>\n<\/div>\n<\/div>\n<div class=\"elementor-element elementor-element-8c57238 quelle dc-has-condition dc-condition-empty elementor-widget elementor-widget-heading\" data-id=\"8c57238\" data-element_type=\"widget\" data-widget_type=\"heading.default\">\n<div class=\"elementor-widget-container\">\n<h3 class=\"elementor-heading-title elementor-size-default\"><span style=\"font-size: 10pt;\"><a href=\"https:\/\/threadreaderapp.com\/thread\/1902792167023841353.html\" target=\"_blank\" rel=\"nofollow noopener\">Zdroj<\/a><\/span><\/h3>\n<p>&nbsp;<\/p>\n<\/div>\n<\/div>\n","protected":false},"excerpt":{"rendered":"<p>American\u00a0First Legal\u00a0odhaluje masivn\u00ed, st\u00e1tem podporovanou cenzurn\u00ed operaci prov\u00e1d\u011bnou americkou agenturou pro mezin\u00e1rodn\u00ed rozvoj (USAID), Global&#8230;<\/p>\n","protected":false},"author":2,"featured_media":22857,"comment_status":"closed","ping_status":"closed","sticky":false,"template":"","format":"standard","meta":[],"categories":[7],"tags":[63,158,37,4574,303,99],"_links":{"self":[{"href":"https:\/\/www.infokuryr.cz\/n\/wp-json\/wp\/v2\/posts\/75126"}],"collection":[{"href":"https:\/\/www.infokuryr.cz\/n\/wp-json\/wp\/v2\/posts"}],"about":[{"href":"https:\/\/www.infokuryr.cz\/n\/wp-json\/wp\/v2\/types\/post"}],"author":[{"embeddable":true,"href":"https:\/\/www.infokuryr.cz\/n\/wp-json\/wp\/v2\/users\/2"}],"replies":[{"embeddable":true,"href":"https:\/\/www.infokuryr.cz\/n\/wp-json\/wp\/v2\/comments?post=75126"}],"version-history":[{"count":1,"href":"https:\/\/www.infokuryr.cz\/n\/wp-json\/wp\/v2\/posts\/75126\/revisions"}],"predecessor-version":[{"id":75127,"href":"https:\/\/www.infokuryr.cz\/n\/wp-json\/wp\/v2\/posts\/75126\/revisions\/75127"}],"wp:featuredmedia":[{"embeddable":true,"href":"https:\/\/www.infokuryr.cz\/n\/wp-json\/wp\/v2\/media\/22857"}],"wp:attachment":[{"href":"https:\/\/www.infokuryr.cz\/n\/wp-json\/wp\/v2\/media?parent=75126"}],"wp:term":[{"taxonomy":"category","embeddable":true,"href":"https:\/\/www.infokuryr.cz\/n\/wp-json\/wp\/v2\/categories?post=75126"},{"taxonomy":"post_tag","embeddable":true,"href":"https:\/\/www.infokuryr.cz\/n\/wp-json\/wp\/v2\/tags?post=75126"}],"curies":[{"name":"wp","href":"https:\/\/api.w.org\/{rel}","templated":true}]}}